{"id":14521,"date":"2023-05-26T10:00:08","date_gmt":"2023-05-26T10:00:08","guid":{"rendered":"https:\/\/jessel.de\/365-tage-sylt\/?p=14521"},"modified":"2023-05-26T10:01:29","modified_gmt":"2023-05-26T10:01:29","slug":"26-mai-gruesse-aus-hamburg","status":"publish","type":"post","link":"https:\/\/jessel.de\/365-tage-sylt\/26-mai-gruesse-aus-hamburg\/","title":{"rendered":"26. Mai: Gr\u00fc\u00dfe aus Hamburg!"},"content":{"rendered":"<p>Der Kontrast zum Jwd k\u00f6nnte nicht gr\u00f6\u00dfer sein. Allein der Blick vom \u201eAltonaer Balkon\u201c wird an diesem sonnigen Vormittag von vielen Flaneuren genossen:<\/p>\n<p>Morgens zeigt das Thermometer sagenhafte 5 (f\u00fcnf!) Grad. Am sp\u00e4ten Vormittag freut sich der Spazierg\u00e4nger \u00fcber die k\u00fchlenden W\u00e4sser am Stuhlmannbrunnen\u2026:<\/p>\n<p><img loading=\"lazy\" decoding=\"async\" class=\"alignnone size-full wp-image-14522\" src=\"https:\/\/jessel.de\/365-tage-sylt\/wp-content\/uploads\/2023\/05\/518947DF-0552-4774-A6BC-6AF826A8456B.jpeg\" alt=\"\" width=\"800\" height=\"1200\" srcset=\"https:\/\/jessel.de\/365-tage-sylt\/wp-content\/uploads\/2023\/05\/518947DF-0552-4774-A6BC-6AF826A8456B.jpeg 800w, https:\/\/jessel.de\/365-tage-sylt\/wp-content\/uploads\/2023\/05\/518947DF-0552-4774-A6BC-6AF826A8456B-200x300.jpeg 200w, https:\/\/jessel.de\/365-tage-sylt\/wp-content\/uploads\/2023\/05\/518947DF-0552-4774-A6BC-6AF826A8456B-683x1024.jpeg 683w, https:\/\/jessel.de\/365-tage-sylt\/wp-content\/uploads\/2023\/05\/518947DF-0552-4774-A6BC-6AF826A8456B-768x1152.jpeg 768w\" sizes=\"auto, (max-width: 800px) 100vw, 800px\" \/><\/p>\n<p>\u2026 und \u00fcber manch\u2018 urbane Anmerkung zu aktuellen politischen Irrungen und Wirrungen:<\/p>\n<p><img loading=\"lazy\" decoding=\"async\" class=\"alignnone size-full wp-image-14524\" src=\"https:\/\/jessel.de\/365-tage-sylt\/wp-content\/uploads\/2023\/05\/0FF1EFD9-1910-4FAD-B379-5DE9106BC1D0.jpeg\" alt=\"\" width=\"1200\" height=\"800\" srcset=\"https:\/\/jessel.de\/365-tage-sylt\/wp-content\/uploads\/2023\/05\/0FF1EFD9-1910-4FAD-B379-5DE9106BC1D0.jpeg 1200w, https:\/\/jessel.de\/365-tage-sylt\/wp-content\/uploads\/2023\/05\/0FF1EFD9-1910-4FAD-B379-5DE9106BC1D0-300x200.jpeg 300w, https:\/\/jessel.de\/365-tage-sylt\/wp-content\/uploads\/2023\/05\/0FF1EFD9-1910-4FAD-B379-5DE9106BC1D0-1024x683.jpeg 1024w, https:\/\/jessel.de\/365-tage-sylt\/wp-content\/uploads\/2023\/05\/0FF1EFD9-1910-4FAD-B379-5DE9106BC1D0-768x512.jpeg 768w\" sizes=\"auto, (max-width: 1200px) 100vw, 1200px\" \/><\/p>\n<p>&nbsp;<\/p>\n","protected":false},"excerpt":{"rendered":"<p>Der Kontrast zum Jwd k\u00f6nnte nicht gr\u00f6\u00dfer sein. Allein der Blick vom \u201eAltonaer Balkon\u201c wird an diesem sonnigen Vormittag von vielen Flaneuren genossen: Morgens zeigt das Thermometer sagenhafte 5 (f\u00fcnf!) Grad. Am sp\u00e4ten Vormittag freut sich der Spazierg\u00e4nger \u00fcber die k\u00fchlenden W\u00e4sser am Stuhlmannbrunnen\u2026: \u2026 und \u00fcber manch\u2018 urbane Anmerkung zu aktuellen politischen Irrungen und Wirrungen: &nbsp;<\/p>\n","protected":false},"author":2,"featured_media":14523,"comment_status":"open","ping_status":"open","sticky":false,"template":"","format":"standard","meta":{"footnotes":""},"categories":[27,39,41,28,3,4,2,29,33],"tags":[],"class_list":["post-14521","post","type-post","status-publish","format-standard","has-post-thumbnail","hentry","category-alle-bilder","category-arbeit","category-fruehling","category-haeuser","category-menschen","category-spuren","category-tourismus","category-verkehr","category-woanders"],"jetpack_featured_media_url":"https:\/\/jessel.de\/365-tage-sylt\/wp-content\/uploads\/2023\/05\/4A0AC228-35C2-48D0-9F06-641795234028.jpeg","_links":{"self":[{"href":"https:\/\/jessel.de\/365-tage-sylt\/wp-json\/wp\/v2\/posts\/14521","targetHints":{"allow":["GET"]}}],"collection":[{"href":"https:\/\/jessel.de\/365-tage-sylt\/wp-json\/wp\/v2\/posts"}],"about":[{"href":"https:\/\/jessel.de\/365-tage-sylt\/wp-json\/wp\/v2\/types\/post"}],"author":[{"embeddable":true,"href":"https:\/\/jessel.de\/365-tage-sylt\/wp-json\/wp\/v2\/users\/2"}],"replies":[{"embeddable":true,"href":"https:\/\/jessel.de\/365-tage-sylt\/wp-json\/wp\/v2\/comments?post=14521"}],"version-history":[{"count":3,"href":"https:\/\/jessel.de\/365-tage-sylt\/wp-json\/wp\/v2\/posts\/14521\/revisions"}],"predecessor-version":[{"id":14527,"href":"https:\/\/jessel.de\/365-tage-sylt\/wp-json\/wp\/v2\/posts\/14521\/revisions\/14527"}],"wp:featuredmedia":[{"embeddable":true,"href":"https:\/\/jessel.de\/365-tage-sylt\/wp-json\/wp\/v2\/media\/14523"}],"wp:attachment":[{"href":"https:\/\/jessel.de\/365-tage-sylt\/wp-json\/wp\/v2\/media?parent=14521"}],"wp:term":[{"taxonomy":"category","embeddable":true,"href":"https:\/\/jessel.de\/365-tage-sylt\/wp-json\/wp\/v2\/categories?post=14521"},{"taxonomy":"post_tag","embeddable":true,"href":"https:\/\/jessel.de\/365-tage-sylt\/wp-json\/wp\/v2\/tags?post=14521"}],"curies":[{"name":"wp","href":"https:\/\/api.w.org\/{rel}","templated":true}]}}