{"id":14614,"date":"2023-06-03T14:54:59","date_gmt":"2023-06-03T14:54:59","guid":{"rendered":"https:\/\/jessel.de\/365-tage-sylt\/?p=14614"},"modified":"2023-06-03T14:56:53","modified_gmt":"2023-06-03T14:56:53","slug":"2-juni-weiter-gehts","status":"publish","type":"post","link":"https:\/\/jessel.de\/365-tage-sylt\/2-juni-weiter-gehts\/","title":{"rendered":"2. Juni: Weiter geht\u2019s!"},"content":{"rendered":"<p class=\"p1\"><span class=\"s1\">Also mal unter uns: Hier w\u00e4re ich gerne noch geblieben\u2026 aber watt willste machen!<\/span><\/p>\n<p class=\"p1\"><span class=\"s1\">Mein Frecci f\u00e4hrt mit reichlich 20 Minuten Versp\u00e4tung im Bahnhof von Rimini ein und nimmt mich mit ins fast 600 Kilometer s\u00fcdlicher gelegene Bari. Das Sch\u00f6ne an dieser Strecke: Ganz \u00fcberwiegend knallen wir mit gut 200 km\/h direkt die K\u00fcste entlang:<\/span><\/p>\n<p class=\"p1\"><span class=\"s1\"><img loading=\"lazy\" decoding=\"async\" class=\"alignnone size-full wp-image-14616\" src=\"https:\/\/jessel.de\/365-tage-sylt\/wp-content\/uploads\/2023\/06\/3B0B72CB-D9CE-43DA-97EC-D61C6672A07A.jpeg\" alt=\"\" width=\"1100\" height=\"800\" srcset=\"https:\/\/jessel.de\/365-tage-sylt\/wp-content\/uploads\/2023\/06\/3B0B72CB-D9CE-43DA-97EC-D61C6672A07A.jpeg 1100w, https:\/\/jessel.de\/365-tage-sylt\/wp-content\/uploads\/2023\/06\/3B0B72CB-D9CE-43DA-97EC-D61C6672A07A-300x218.jpeg 300w, https:\/\/jessel.de\/365-tage-sylt\/wp-content\/uploads\/2023\/06\/3B0B72CB-D9CE-43DA-97EC-D61C6672A07A-1024x745.jpeg 1024w, https:\/\/jessel.de\/365-tage-sylt\/wp-content\/uploads\/2023\/06\/3B0B72CB-D9CE-43DA-97EC-D61C6672A07A-768x559.jpeg 768w\" sizes=\"auto, (max-width: 1100px) 100vw, 1100px\" \/><\/span><\/p>\n<p class=\"p1\"><span class=\"s1\">Ich checke derweil, wie es weitergehen soll. Vor der Weiterfahrt hatte ich einen ausgiebigen Bummel durch die pittoreske Altstadt Baris projektiert, die allerdings j\u00e4h ins Wasser f\u00e4llt: Mein Schiff, dessen Abfahrt f\u00fcr 19:30 Uhr vorgesehen ist, verlangt einen Check-In \u201esp\u00e4testens drei Stunden vor Abfahrt\u201c. Also bleibt nur Zeit f\u00fcr einen strammen Marsch vom Bahnhof zum Hafen.<\/span><\/p>\n<p class=\"p1\"><span class=\"s1\">Derartige Planungsfehler regen mich wirklich auf. Darauf eine Focaccia Barense &#8211; zur Beruhigung vor der \u00f6rtlichen Hafenkneipe genossen:<\/span><\/p>\n<p><img loading=\"lazy\" decoding=\"async\" class=\"size-full wp-image-14615\" src=\"https:\/\/jessel.de\/365-tage-sylt\/wp-content\/uploads\/2023\/06\/F1C455B3-C1E1-40F3-B77A-6DBA48871AF3.jpeg\" alt=\"\" width=\"1100\" height=\"800\" srcset=\"https:\/\/jessel.de\/365-tage-sylt\/wp-content\/uploads\/2023\/06\/F1C455B3-C1E1-40F3-B77A-6DBA48871AF3.jpeg 1100w, https:\/\/jessel.de\/365-tage-sylt\/wp-content\/uploads\/2023\/06\/F1C455B3-C1E1-40F3-B77A-6DBA48871AF3-300x218.jpeg 300w, https:\/\/jessel.de\/365-tage-sylt\/wp-content\/uploads\/2023\/06\/F1C455B3-C1E1-40F3-B77A-6DBA48871AF3-1024x745.jpeg 1024w, https:\/\/jessel.de\/365-tage-sylt\/wp-content\/uploads\/2023\/06\/F1C455B3-C1E1-40F3-B77A-6DBA48871AF3-768x559.jpeg 768w\" sizes=\"auto, (max-width: 1100px) 100vw, 1100px\" \/><\/p>\n<p class=\"p1\"><span class=\"s1\">Die Focaccia &#8211; Hefefladen, mittlerweile weltweit verbreitet, kommen im Ursprung aus Apulien, der s\u00fcdlichsten Region Italiens &#8211; sozusagen dessen Stiefelabsatz. Ideales Touristen-Fastfood, wie ich beim Schnelldurchgang durch die Altstadt im Augenwinkel bemerke.<\/span><\/p>\n<p class=\"p1\"><span class=\"s1\">Mein Schiff entpuppt sich als riesiger Kahn, die mitreisenden Passagiere lassen sich zun\u00e4chst an den Fingern zweier H\u00e4nde anz\u00e4hlen:<\/span><\/p>\n<div id=\"attachment_14621\" style=\"width: 1110px\" class=\"wp-caption alignnone\"><img loading=\"lazy\" decoding=\"async\" aria-describedby=\"caption-attachment-14621\" class=\"size-full wp-image-14621\" src=\"https:\/\/jessel.de\/365-tage-sylt\/wp-content\/uploads\/2023\/06\/168EFEBC-A227-40B2-A6C0-EAF7C07F4212.jpeg\" alt=\"\" width=\"1100\" height=\"800\" srcset=\"https:\/\/jessel.de\/365-tage-sylt\/wp-content\/uploads\/2023\/06\/168EFEBC-A227-40B2-A6C0-EAF7C07F4212.jpeg 1100w, https:\/\/jessel.de\/365-tage-sylt\/wp-content\/uploads\/2023\/06\/168EFEBC-A227-40B2-A6C0-EAF7C07F4212-300x218.jpeg 300w, https:\/\/jessel.de\/365-tage-sylt\/wp-content\/uploads\/2023\/06\/168EFEBC-A227-40B2-A6C0-EAF7C07F4212-1024x745.jpeg 1024w, https:\/\/jessel.de\/365-tage-sylt\/wp-content\/uploads\/2023\/06\/168EFEBC-A227-40B2-A6C0-EAF7C07F4212-768x559.jpeg 768w\" sizes=\"auto, (max-width: 1100px) 100vw, 1100px\" \/><p id=\"caption-attachment-14621\" class=\"wp-caption-text\"><span style=\"color: #000000; font-size: 15px;\">Dann aber startet eine wahre Armada von Lastwagen:<\/span><\/p><\/div>\n<p class=\"p1\"><span class=\"s1\"><img loading=\"lazy\" decoding=\"async\" class=\"alignnone size-full wp-image-14620\" src=\"https:\/\/jessel.de\/365-tage-sylt\/wp-content\/uploads\/2023\/06\/2A5FAFD1-D8C0-4739-A84E-BB8CD0B1E8FC.jpeg\" alt=\"\" width=\"1100\" height=\"800\" srcset=\"https:\/\/jessel.de\/365-tage-sylt\/wp-content\/uploads\/2023\/06\/2A5FAFD1-D8C0-4739-A84E-BB8CD0B1E8FC.jpeg 1100w, https:\/\/jessel.de\/365-tage-sylt\/wp-content\/uploads\/2023\/06\/2A5FAFD1-D8C0-4739-A84E-BB8CD0B1E8FC-300x218.jpeg 300w, https:\/\/jessel.de\/365-tage-sylt\/wp-content\/uploads\/2023\/06\/2A5FAFD1-D8C0-4739-A84E-BB8CD0B1E8FC-1024x745.jpeg 1024w, https:\/\/jessel.de\/365-tage-sylt\/wp-content\/uploads\/2023\/06\/2A5FAFD1-D8C0-4739-A84E-BB8CD0B1E8FC-768x559.jpeg 768w\" sizes=\"auto, (max-width: 1100px) 100vw, 1100px\" \/><\/span><\/p>\n<p class=\"p1\"><span class=\"s1\">Herrliche Stimmung bei der Abfahrt:<\/span><\/p>\n<p><img loading=\"lazy\" decoding=\"async\" class=\"size-full wp-image-14624\" src=\"https:\/\/jessel.de\/365-tage-sylt\/wp-content\/uploads\/2023\/06\/D2EE7E5B-A185-4464-8805-AD2A584DDDA2.jpeg\" alt=\"\" width=\"1100\" height=\"800\" srcset=\"https:\/\/jessel.de\/365-tage-sylt\/wp-content\/uploads\/2023\/06\/D2EE7E5B-A185-4464-8805-AD2A584DDDA2.jpeg 1100w, https:\/\/jessel.de\/365-tage-sylt\/wp-content\/uploads\/2023\/06\/D2EE7E5B-A185-4464-8805-AD2A584DDDA2-300x218.jpeg 300w, https:\/\/jessel.de\/365-tage-sylt\/wp-content\/uploads\/2023\/06\/D2EE7E5B-A185-4464-8805-AD2A584DDDA2-1024x745.jpeg 1024w, https:\/\/jessel.de\/365-tage-sylt\/wp-content\/uploads\/2023\/06\/D2EE7E5B-A185-4464-8805-AD2A584DDDA2-768x559.jpeg 768w\" sizes=\"auto, (max-width: 1100px) 100vw, 1100px\" \/><\/p>\n<p class=\"p1\"><span class=\"s1\">Eine 17-st\u00fcndige Seereise liegt vor mir, herrlich! Aber so ein wenig groggy bin ich auch:<\/span><\/p>\n<p><img loading=\"lazy\" decoding=\"async\" class=\"alignnone size-full wp-image-14623\" src=\"https:\/\/jessel.de\/365-tage-sylt\/wp-content\/uploads\/2023\/06\/7292D656-B7C8-4483-8D29-C8E89A3BB57F.jpeg\" alt=\"\" width=\"1100\" height=\"800\" srcset=\"https:\/\/jessel.de\/365-tage-sylt\/wp-content\/uploads\/2023\/06\/7292D656-B7C8-4483-8D29-C8E89A3BB57F.jpeg 1100w, https:\/\/jessel.de\/365-tage-sylt\/wp-content\/uploads\/2023\/06\/7292D656-B7C8-4483-8D29-C8E89A3BB57F-300x218.jpeg 300w, https:\/\/jessel.de\/365-tage-sylt\/wp-content\/uploads\/2023\/06\/7292D656-B7C8-4483-8D29-C8E89A3BB57F-1024x745.jpeg 1024w, https:\/\/jessel.de\/365-tage-sylt\/wp-content\/uploads\/2023\/06\/7292D656-B7C8-4483-8D29-C8E89A3BB57F-768x559.jpeg 768w\" sizes=\"auto, (max-width: 1100px) 100vw, 1100px\" \/><\/p>\n<p class=\"p1\"><span class=\"s1\">Bis morgen!<\/span><\/p>\n","protected":false},"excerpt":{"rendered":"<p>Also mal unter uns: Hier w\u00e4re ich gerne noch geblieben\u2026 aber watt willste machen! Mein Frecci f\u00e4hrt mit reichlich 20 Minuten Versp\u00e4tung im Bahnhof von Rimini ein und nimmt mich mit ins fast 600 Kilometer s\u00fcdlicher gelegene Bari. Das Sch\u00f6ne an dieser Strecke: Ganz \u00fcberwiegend knallen wir mit gut 200 km\/h direkt die K\u00fcste entlang: Ich checke derweil, wie es weitergehen soll. Vor der Weiterfahrt hatte ich einen ausgiebigen Bummel&hellip;<\/p>\n","protected":false},"author":2,"featured_media":14617,"comment_status":"open","ping_status":"open","sticky":false,"template":"","format":"standard","meta":{"footnotes":""},"categories":[27,39,41,28,3,2,29,33],"tags":[],"class_list":["post-14614","post","type-post","status-publish","format-standard","has-post-thumbnail","hentry","category-alle-bilder","category-arbeit","category-fruehling","category-haeuser","category-menschen","category-tourismus","category-verkehr","category-woanders"],"jetpack_featured_media_url":"https:\/\/jessel.de\/365-tage-sylt\/wp-content\/uploads\/2023\/06\/7D105819-8D56-4264-BCC7-9E286E9A63F1.jpeg","_links":{"self":[{"href":"https:\/\/jessel.de\/365-tage-sylt\/wp-json\/wp\/v2\/posts\/14614","targetHints":{"allow":["GET"]}}],"collection":[{"href":"https:\/\/jessel.de\/365-tage-sylt\/wp-json\/wp\/v2\/posts"}],"about":[{"href":"https:\/\/jessel.de\/365-tage-sylt\/wp-json\/wp\/v2\/types\/post"}],"author":[{"embeddable":true,"href":"https:\/\/jessel.de\/365-tage-sylt\/wp-json\/wp\/v2\/users\/2"}],"replies":[{"embeddable":true,"href":"https:\/\/jessel.de\/365-tage-sylt\/wp-json\/wp\/v2\/comments?post=14614"}],"version-history":[{"count":7,"href":"https:\/\/jessel.de\/365-tage-sylt\/wp-json\/wp\/v2\/posts\/14614\/revisions"}],"predecessor-version":[{"id":14628,"href":"https:\/\/jessel.de\/365-tage-sylt\/wp-json\/wp\/v2\/posts\/14614\/revisions\/14628"}],"wp:featuredmedia":[{"embeddable":true,"href":"https:\/\/jessel.de\/365-tage-sylt\/wp-json\/wp\/v2\/media\/14617"}],"wp:attachment":[{"href":"https:\/\/jessel.de\/365-tage-sylt\/wp-json\/wp\/v2\/media?parent=14614"}],"wp:term":[{"taxonomy":"category","embeddable":true,"href":"https:\/\/jessel.de\/365-tage-sylt\/wp-json\/wp\/v2\/categories?post=14614"},{"taxonomy":"post_tag","embeddable":true,"href":"https:\/\/jessel.de\/365-tage-sylt\/wp-json\/wp\/v2\/tags?post=14614"}],"curies":[{"name":"wp","href":"https:\/\/api.w.org\/{rel}","templated":true}]}}