{"id":14681,"date":"2023-06-05T19:27:48","date_gmt":"2023-06-05T19:27:48","guid":{"rendered":"https:\/\/jessel.de\/365-tage-sylt\/?p=14681"},"modified":"2023-06-05T19:30:37","modified_gmt":"2023-06-05T19:30:37","slug":"5-juni-feiertag","status":"publish","type":"post","link":"https:\/\/jessel.de\/365-tage-sylt\/5-juni-feiertag\/","title":{"rendered":"5. Juni: Feiertag?"},"content":{"rendered":"<p>Am fr\u00fchen Morgen mache ich meinen Erkundungsspaziergang am Meeresufer\u2026:<\/p>\n<p><img loading=\"lazy\" decoding=\"async\" class=\"size-full wp-image-14689\" src=\"https:\/\/jessel.de\/365-tage-sylt\/wp-content\/uploads\/2023\/06\/3F744E89-98F1-4A7C-B7B4-9D71DD644C76.jpeg\" alt=\"\" width=\"1100\" height=\"800\" srcset=\"https:\/\/jessel.de\/365-tage-sylt\/wp-content\/uploads\/2023\/06\/3F744E89-98F1-4A7C-B7B4-9D71DD644C76.jpeg 1100w, https:\/\/jessel.de\/365-tage-sylt\/wp-content\/uploads\/2023\/06\/3F744E89-98F1-4A7C-B7B4-9D71DD644C76-300x218.jpeg 300w, https:\/\/jessel.de\/365-tage-sylt\/wp-content\/uploads\/2023\/06\/3F744E89-98F1-4A7C-B7B4-9D71DD644C76-1024x745.jpeg 1024w, https:\/\/jessel.de\/365-tage-sylt\/wp-content\/uploads\/2023\/06\/3F744E89-98F1-4A7C-B7B4-9D71DD644C76-768x559.jpeg 768w\" sizes=\"auto, (max-width: 1100px) 100vw, 1100px\" \/><\/p>\n<p>\u2026 da f\u00e4llt mir auf, dass am heutigen, griechisch-orthodoxen,\u00a0Pfingstmontag die Bauarbeiter auf einem entfernteren Nachbargrundst\u00fcck herumw\u00f6ltern\u2026<\/p>\n<p>Die Erkl\u00e4rung daf\u00fcr erhalte ich von meinen Gastgebern, die die hiesigen Gepflogenheiten von Einheimischen erfuhren: Am Pfingstmontag d\u00fcrfen alle blau machen, die mit dem Kopf arbeiten. Nicht jedoch die k\u00f6rperlich Arbeitenden\u2026 der orthodoxe Knaller! Ich frage mich, zu welche Gruppe \u201edie Frauen\u201c wohl geh\u00f6ren\u2026!?<\/p>\n<p>Nachfolgend einige Impressionen des morgendlichen Ortsrundgangs:<\/p>\n<p>Das insulare Lieblings-Vehikel, im Gegensatz zu \u201enormalen\u201c Autos erlaubt auf Spetses:<\/p>\n<p><img loading=\"lazy\" decoding=\"async\" class=\"size-full wp-image-14687\" src=\"https:\/\/jessel.de\/365-tage-sylt\/wp-content\/uploads\/2023\/06\/7E70E1C3-9102-43D1-B0FD-AD0995AAB635.jpeg\" alt=\"\" width=\"1100\" height=\"800\" srcset=\"https:\/\/jessel.de\/365-tage-sylt\/wp-content\/uploads\/2023\/06\/7E70E1C3-9102-43D1-B0FD-AD0995AAB635.jpeg 1100w, https:\/\/jessel.de\/365-tage-sylt\/wp-content\/uploads\/2023\/06\/7E70E1C3-9102-43D1-B0FD-AD0995AAB635-300x218.jpeg 300w, https:\/\/jessel.de\/365-tage-sylt\/wp-content\/uploads\/2023\/06\/7E70E1C3-9102-43D1-B0FD-AD0995AAB635-1024x745.jpeg 1024w, https:\/\/jessel.de\/365-tage-sylt\/wp-content\/uploads\/2023\/06\/7E70E1C3-9102-43D1-B0FD-AD0995AAB635-768x559.jpeg 768w\" sizes=\"auto, (max-width: 1100px) 100vw, 1100px\" \/><\/p>\n<p>\u2026 es sei denn, man bevorzugt ein Moped:<\/p>\n<p><img loading=\"lazy\" decoding=\"async\" class=\"size-full wp-image-14686\" src=\"https:\/\/jessel.de\/365-tage-sylt\/wp-content\/uploads\/2023\/06\/5536C439-5DE6-4537-859D-21DDD90DD736.jpeg\" alt=\"\" width=\"800\" height=\"1100\" srcset=\"https:\/\/jessel.de\/365-tage-sylt\/wp-content\/uploads\/2023\/06\/5536C439-5DE6-4537-859D-21DDD90DD736.jpeg 800w, https:\/\/jessel.de\/365-tage-sylt\/wp-content\/uploads\/2023\/06\/5536C439-5DE6-4537-859D-21DDD90DD736-218x300.jpeg 218w, https:\/\/jessel.de\/365-tage-sylt\/wp-content\/uploads\/2023\/06\/5536C439-5DE6-4537-859D-21DDD90DD736-745x1024.jpeg 745w, https:\/\/jessel.de\/365-tage-sylt\/wp-content\/uploads\/2023\/06\/5536C439-5DE6-4537-859D-21DDD90DD736-768x1056.jpeg 768w\" sizes=\"auto, (max-width: 800px) 100vw, 800px\" \/><\/p>\n<p>Die tags\u00fcber vielbesuchte Terrasse \u00fcber dem Meer liegt noch ruhig in der Morgensonne\u2026:<\/p>\n<p><img loading=\"lazy\" decoding=\"async\" class=\"size-full wp-image-14690\" src=\"https:\/\/jessel.de\/365-tage-sylt\/wp-content\/uploads\/2023\/06\/24B0D28D-255D-4E82-9F25-BB106746830A.jpeg\" alt=\"\" width=\"1100\" height=\"800\" srcset=\"https:\/\/jessel.de\/365-tage-sylt\/wp-content\/uploads\/2023\/06\/24B0D28D-255D-4E82-9F25-BB106746830A.jpeg 1100w, https:\/\/jessel.de\/365-tage-sylt\/wp-content\/uploads\/2023\/06\/24B0D28D-255D-4E82-9F25-BB106746830A-300x218.jpeg 300w, https:\/\/jessel.de\/365-tage-sylt\/wp-content\/uploads\/2023\/06\/24B0D28D-255D-4E82-9F25-BB106746830A-1024x745.jpeg 1024w, https:\/\/jessel.de\/365-tage-sylt\/wp-content\/uploads\/2023\/06\/24B0D28D-255D-4E82-9F25-BB106746830A-768x559.jpeg 768w\" sizes=\"auto, (max-width: 1100px) 100vw, 1100px\" \/><\/p>\n<p>\u2026 und der Einsiedler im Ortszentrum wird geduldet:<\/p>\n<p><img loading=\"lazy\" decoding=\"async\" class=\"size-full wp-image-14685\" src=\"https:\/\/jessel.de\/365-tage-sylt\/wp-content\/uploads\/2023\/06\/03AC40C6-203C-4DD8-880F-B8CE1A7A03BF-scaled.jpeg\" alt=\"\" width=\"2560\" height=\"1920\" srcset=\"https:\/\/jessel.de\/365-tage-sylt\/wp-content\/uploads\/2023\/06\/03AC40C6-203C-4DD8-880F-B8CE1A7A03BF-scaled.jpeg 2560w, https:\/\/jessel.de\/365-tage-sylt\/wp-content\/uploads\/2023\/06\/03AC40C6-203C-4DD8-880F-B8CE1A7A03BF-300x225.jpeg 300w, https:\/\/jessel.de\/365-tage-sylt\/wp-content\/uploads\/2023\/06\/03AC40C6-203C-4DD8-880F-B8CE1A7A03BF-1024x768.jpeg 1024w, https:\/\/jessel.de\/365-tage-sylt\/wp-content\/uploads\/2023\/06\/03AC40C6-203C-4DD8-880F-B8CE1A7A03BF-768x576.jpeg 768w, https:\/\/jessel.de\/365-tage-sylt\/wp-content\/uploads\/2023\/06\/03AC40C6-203C-4DD8-880F-B8CE1A7A03BF-1536x1152.jpeg 1536w, https:\/\/jessel.de\/365-tage-sylt\/wp-content\/uploads\/2023\/06\/03AC40C6-203C-4DD8-880F-B8CE1A7A03BF-2048x1536.jpeg 2048w\" sizes=\"auto, (max-width: 2560px) 100vw, 2560px\" \/><\/p>\n<p>\u2026 und die Wassertaxis tanzen im Wind:<\/p>\n<p><img loading=\"lazy\" decoding=\"async\" class=\"size-full wp-image-14691\" src=\"https:\/\/jessel.de\/365-tage-sylt\/wp-content\/uploads\/2023\/06\/290E9A26-EA52-4B63-B981-87F741C821BB.jpeg\" alt=\"\" width=\"1100\" height=\"800\" srcset=\"https:\/\/jessel.de\/365-tage-sylt\/wp-content\/uploads\/2023\/06\/290E9A26-EA52-4B63-B981-87F741C821BB.jpeg 1100w, https:\/\/jessel.de\/365-tage-sylt\/wp-content\/uploads\/2023\/06\/290E9A26-EA52-4B63-B981-87F741C821BB-300x218.jpeg 300w, https:\/\/jessel.de\/365-tage-sylt\/wp-content\/uploads\/2023\/06\/290E9A26-EA52-4B63-B981-87F741C821BB-1024x745.jpeg 1024w, https:\/\/jessel.de\/365-tage-sylt\/wp-content\/uploads\/2023\/06\/290E9A26-EA52-4B63-B981-87F741C821BB-768x559.jpeg 768w\" sizes=\"auto, (max-width: 1100px) 100vw, 1100px\" \/><\/p>\n<p>Alles Weitere mooorgen! Muss dringend Schlaf nachholen\u2026<\/p>\n","protected":false},"excerpt":{"rendered":"<p>Am fr\u00fchen Morgen mache ich meinen Erkundungsspaziergang am Meeresufer\u2026: \u2026 da f\u00e4llt mir auf, dass am heutigen, griechisch-orthodoxen,\u00a0Pfingstmontag die Bauarbeiter auf einem entfernteren Nachbargrundst\u00fcck herumw\u00f6ltern\u2026 Die Erkl\u00e4rung daf\u00fcr erhalte ich von meinen Gastgebern, die die hiesigen Gepflogenheiten von Einheimischen erfuhren: Am Pfingstmontag d\u00fcrfen alle blau machen, die mit dem Kopf arbeiten. Nicht jedoch die k\u00f6rperlich Arbeitenden\u2026 der orthodoxe Knaller! Ich frage mich, zu welche Gruppe \u201edie Frauen\u201c wohl geh\u00f6ren\u2026!? Nachfolgend&hellip;<\/p>\n","protected":false},"author":2,"featured_media":14682,"comment_status":"open","ping_status":"open","sticky":false,"template":"","format":"standard","meta":{"footnotes":""},"categories":[27,39,41,28,3,2,33],"tags":[],"class_list":["post-14681","post","type-post","status-publish","format-standard","has-post-thumbnail","hentry","category-alle-bilder","category-arbeit","category-fruehling","category-haeuser","category-menschen","category-tourismus","category-woanders"],"jetpack_featured_media_url":"https:\/\/jessel.de\/365-tage-sylt\/wp-content\/uploads\/2023\/06\/CDCA34F7-8230-47C0-9683-263C64481AB4.jpeg","_links":{"self":[{"href":"https:\/\/jessel.de\/365-tage-sylt\/wp-json\/wp\/v2\/posts\/14681","targetHints":{"allow":["GET"]}}],"collection":[{"href":"https:\/\/jessel.de\/365-tage-sylt\/wp-json\/wp\/v2\/posts"}],"about":[{"href":"https:\/\/jessel.de\/365-tage-sylt\/wp-json\/wp\/v2\/types\/post"}],"author":[{"embeddable":true,"href":"https:\/\/jessel.de\/365-tage-sylt\/wp-json\/wp\/v2\/users\/2"}],"replies":[{"embeddable":true,"href":"https:\/\/jessel.de\/365-tage-sylt\/wp-json\/wp\/v2\/comments?post=14681"}],"version-history":[{"count":3,"href":"https:\/\/jessel.de\/365-tage-sylt\/wp-json\/wp\/v2\/posts\/14681\/revisions"}],"predecessor-version":[{"id":14694,"href":"https:\/\/jessel.de\/365-tage-sylt\/wp-json\/wp\/v2\/posts\/14681\/revisions\/14694"}],"wp:featuredmedia":[{"embeddable":true,"href":"https:\/\/jessel.de\/365-tage-sylt\/wp-json\/wp\/v2\/media\/14682"}],"wp:attachment":[{"href":"https:\/\/jessel.de\/365-tage-sylt\/wp-json\/wp\/v2\/media?parent=14681"}],"wp:term":[{"taxonomy":"category","embeddable":true,"href":"https:\/\/jessel.de\/365-tage-sylt\/wp-json\/wp\/v2\/categories?post=14681"},{"taxonomy":"post_tag","embeddable":true,"href":"https:\/\/jessel.de\/365-tage-sylt\/wp-json\/wp\/v2\/tags?post=14681"}],"curies":[{"name":"wp","href":"https:\/\/api.w.org\/{rel}","templated":true}]}}