{"id":14695,"date":"2023-06-06T14:33:38","date_gmt":"2023-06-06T14:33:38","guid":{"rendered":"https:\/\/jessel.de\/365-tage-sylt\/?p=14695"},"modified":"2023-06-06T14:45:12","modified_gmt":"2023-06-06T14:45:12","slug":"6-juni-auf-der-zitronen-insel","status":"publish","type":"post","link":"https:\/\/jessel.de\/365-tage-sylt\/6-juni-auf-der-zitronen-insel\/","title":{"rendered":"6. Juni: Auf der Zitronen-Insel"},"content":{"rendered":"<p>Die Farbe \u201aGelb\u2018 sehe ich hier definitiv am h\u00e4ufigsten bei meinen Exkursionen durch den Ort und in der Natur: Bl\u00fchende Ginsterb\u00fcsche, Mauerpfeffer und jeeede Menge Zitronenb\u00e4ume.<\/p>\n<p>Vorhin dachte ich zun\u00e4chst, auch die H\u00fchnereier w\u00e4ren hier gelb, bis ich begriff, dass das auch Zitronen sind, die die H\u00fchner durchaus anzupicken scheinen\u2026:<\/p>\n<p><img loading=\"lazy\" decoding=\"async\" class=\"size-full wp-image-14702\" src=\"https:\/\/jessel.de\/365-tage-sylt\/wp-content\/uploads\/2023\/06\/EAD432A0-A407-4478-8E0F-EF2E56E88480.jpeg\" alt=\"\" width=\"1100\" height=\"800\" srcset=\"https:\/\/jessel.de\/365-tage-sylt\/wp-content\/uploads\/2023\/06\/EAD432A0-A407-4478-8E0F-EF2E56E88480.jpeg 1100w, https:\/\/jessel.de\/365-tage-sylt\/wp-content\/uploads\/2023\/06\/EAD432A0-A407-4478-8E0F-EF2E56E88480-300x218.jpeg 300w, https:\/\/jessel.de\/365-tage-sylt\/wp-content\/uploads\/2023\/06\/EAD432A0-A407-4478-8E0F-EF2E56E88480-1024x745.jpeg 1024w, https:\/\/jessel.de\/365-tage-sylt\/wp-content\/uploads\/2023\/06\/EAD432A0-A407-4478-8E0F-EF2E56E88480-768x559.jpeg 768w\" sizes=\"auto, (max-width: 1100px) 100vw, 1100px\" \/><\/p>\n<p>W\u00e4re ich ne Zitrone, w\u00fcrde ich hier auch gerne wachsen. Bei deeen Temperaturen und der angenehm trockenen Luft\u2026:<\/p>\n<p><img loading=\"lazy\" decoding=\"async\" class=\"size-full wp-image-14697\" src=\"https:\/\/jessel.de\/365-tage-sylt\/wp-content\/uploads\/2023\/06\/8E014F93-8792-4A2F-9743-1498F7CCC91C.jpeg\" alt=\"\" width=\"1100\" height=\"800\" srcset=\"https:\/\/jessel.de\/365-tage-sylt\/wp-content\/uploads\/2023\/06\/8E014F93-8792-4A2F-9743-1498F7CCC91C.jpeg 1100w, https:\/\/jessel.de\/365-tage-sylt\/wp-content\/uploads\/2023\/06\/8E014F93-8792-4A2F-9743-1498F7CCC91C-300x218.jpeg 300w, https:\/\/jessel.de\/365-tage-sylt\/wp-content\/uploads\/2023\/06\/8E014F93-8792-4A2F-9743-1498F7CCC91C-1024x745.jpeg 1024w, https:\/\/jessel.de\/365-tage-sylt\/wp-content\/uploads\/2023\/06\/8E014F93-8792-4A2F-9743-1498F7CCC91C-768x559.jpeg 768w\" sizes=\"auto, (max-width: 1100px) 100vw, 1100px\" \/><\/p>\n<p>\u2026 macht das bestimmt Spa\u00df. Heute knacken wir die 30 Grad &#8211; Marke, da hilft nur die Flucht in den Schatten\u2026:<\/p>\n<p><img loading=\"lazy\" decoding=\"async\" class=\"alignnone size-full wp-image-14700\" src=\"https:\/\/jessel.de\/365-tage-sylt\/wp-content\/uploads\/2023\/06\/BD63D990-E336-4513-9729-A48804EB5586.jpeg\" alt=\"\" width=\"1100\" height=\"800\" srcset=\"https:\/\/jessel.de\/365-tage-sylt\/wp-content\/uploads\/2023\/06\/BD63D990-E336-4513-9729-A48804EB5586.jpeg 1100w, https:\/\/jessel.de\/365-tage-sylt\/wp-content\/uploads\/2023\/06\/BD63D990-E336-4513-9729-A48804EB5586-300x218.jpeg 300w, https:\/\/jessel.de\/365-tage-sylt\/wp-content\/uploads\/2023\/06\/BD63D990-E336-4513-9729-A48804EB5586-1024x745.jpeg 1024w, https:\/\/jessel.de\/365-tage-sylt\/wp-content\/uploads\/2023\/06\/BD63D990-E336-4513-9729-A48804EB5586-768x559.jpeg 768w\" sizes=\"auto, (max-width: 1100px) 100vw, 1100px\" \/><\/p>\n<p>\u2026 oder dorthin, wo ein k\u00fchlendes L\u00fcftchen vom Meer heraufweht\u2026:<\/p>\n<p><img loading=\"lazy\" decoding=\"async\" class=\"size-full wp-image-14701\" src=\"https:\/\/jessel.de\/365-tage-sylt\/wp-content\/uploads\/2023\/06\/CEDF1C4B-BCD8-490B-A589-0137C1F305EE.jpeg\" alt=\"\" width=\"1100\" height=\"800\" srcset=\"https:\/\/jessel.de\/365-tage-sylt\/wp-content\/uploads\/2023\/06\/CEDF1C4B-BCD8-490B-A589-0137C1F305EE.jpeg 1100w, https:\/\/jessel.de\/365-tage-sylt\/wp-content\/uploads\/2023\/06\/CEDF1C4B-BCD8-490B-A589-0137C1F305EE-300x218.jpeg 300w, https:\/\/jessel.de\/365-tage-sylt\/wp-content\/uploads\/2023\/06\/CEDF1C4B-BCD8-490B-A589-0137C1F305EE-1024x745.jpeg 1024w, https:\/\/jessel.de\/365-tage-sylt\/wp-content\/uploads\/2023\/06\/CEDF1C4B-BCD8-490B-A589-0137C1F305EE-768x559.jpeg 768w\" sizes=\"auto, (max-width: 1100px) 100vw, 1100px\" \/><\/p>\n<p>\u2026 oder h\u00e4ufige B\u00e4der in karibikklarem Wasser:<\/p>\n<div id=\"attachment_14711\" style=\"width: 1110px\" class=\"wp-caption alignnone\"><img loading=\"lazy\" decoding=\"async\" aria-describedby=\"caption-attachment-14711\" class=\"size-full wp-image-14711\" src=\"https:\/\/jessel.de\/365-tage-sylt\/wp-content\/uploads\/2023\/06\/82C77C42-224B-43B7-B9E6-05C8F833A8CC.jpeg\" alt=\"\" width=\"1100\" height=\"800\" srcset=\"https:\/\/jessel.de\/365-tage-sylt\/wp-content\/uploads\/2023\/06\/82C77C42-224B-43B7-B9E6-05C8F833A8CC.jpeg 1100w, https:\/\/jessel.de\/365-tage-sylt\/wp-content\/uploads\/2023\/06\/82C77C42-224B-43B7-B9E6-05C8F833A8CC-300x218.jpeg 300w, https:\/\/jessel.de\/365-tage-sylt\/wp-content\/uploads\/2023\/06\/82C77C42-224B-43B7-B9E6-05C8F833A8CC-1024x745.jpeg 1024w, https:\/\/jessel.de\/365-tage-sylt\/wp-content\/uploads\/2023\/06\/82C77C42-224B-43B7-B9E6-05C8F833A8CC-768x559.jpeg 768w\" sizes=\"auto, (max-width: 1100px) 100vw, 1100px\" \/><p id=\"caption-attachment-14711\" class=\"wp-caption-text\"><span style=\"color: #000000; font-size: 15px;\">\u2026 oder eine gro\u00dfe Wanderung in luftige H\u00f6hen. Mir gelang heute eine Kombi aus allen drei M\u00f6glichkeiten:<\/span><\/p><\/div>\n<p><img loading=\"lazy\" decoding=\"async\" class=\"size-full wp-image-14699\" src=\"https:\/\/jessel.de\/365-tage-sylt\/wp-content\/uploads\/2023\/06\/FDA729D5-7ACB-492B-8537-81AB0533E869.jpeg\" alt=\"\" width=\"1100\" height=\"800\" srcset=\"https:\/\/jessel.de\/365-tage-sylt\/wp-content\/uploads\/2023\/06\/FDA729D5-7ACB-492B-8537-81AB0533E869.jpeg 1100w, https:\/\/jessel.de\/365-tage-sylt\/wp-content\/uploads\/2023\/06\/FDA729D5-7ACB-492B-8537-81AB0533E869-300x218.jpeg 300w, https:\/\/jessel.de\/365-tage-sylt\/wp-content\/uploads\/2023\/06\/FDA729D5-7ACB-492B-8537-81AB0533E869-1024x745.jpeg 1024w, https:\/\/jessel.de\/365-tage-sylt\/wp-content\/uploads\/2023\/06\/FDA729D5-7ACB-492B-8537-81AB0533E869-768x559.jpeg 768w\" sizes=\"auto, (max-width: 1100px) 100vw, 1100px\" \/><\/p>\n<p>Mein insularer Lieblingsplatz ist auch gefunden. Hier gab\u2019s das Fr\u00fchst\u00fcck:<\/p>\n<p><img loading=\"lazy\" decoding=\"async\" class=\"size-full wp-image-14698\" src=\"https:\/\/jessel.de\/365-tage-sylt\/wp-content\/uploads\/2023\/06\/5F36A36F-3F3C-42EC-9AF3-A7A754BCDEB4.jpeg\" alt=\"\" width=\"1100\" height=\"800\" srcset=\"https:\/\/jessel.de\/365-tage-sylt\/wp-content\/uploads\/2023\/06\/5F36A36F-3F3C-42EC-9AF3-A7A754BCDEB4.jpeg 1100w, https:\/\/jessel.de\/365-tage-sylt\/wp-content\/uploads\/2023\/06\/5F36A36F-3F3C-42EC-9AF3-A7A754BCDEB4-300x218.jpeg 300w, https:\/\/jessel.de\/365-tage-sylt\/wp-content\/uploads\/2023\/06\/5F36A36F-3F3C-42EC-9AF3-A7A754BCDEB4-1024x745.jpeg 1024w, https:\/\/jessel.de\/365-tage-sylt\/wp-content\/uploads\/2023\/06\/5F36A36F-3F3C-42EC-9AF3-A7A754BCDEB4-768x559.jpeg 768w\" sizes=\"auto, (max-width: 1100px) 100vw, 1100px\" \/><\/p>\n<p>Faszinierende Ausblicke begleiteten mich bei der doppelten Inselquerung heute. Die klare Luft erm\u00f6glicht enorme Fernblicke, zum Beispiel \u00fcber den Argolischen Golf zum 20 Kilometer entfernten n\u00e4chsten \u201eFinger\u201c des Peloponnes.<\/p>\n","protected":false},"excerpt":{"rendered":"<p>Die Farbe \u201aGelb\u2018 sehe ich hier definitiv am h\u00e4ufigsten bei meinen Exkursionen durch den Ort und in der Natur: Bl\u00fchende Ginsterb\u00fcsche, Mauerpfeffer und jeeede Menge Zitronenb\u00e4ume. Vorhin dachte ich zun\u00e4chst, auch die H\u00fchnereier w\u00e4ren hier gelb, bis ich begriff, dass das auch Zitronen sind, die die H\u00fchner durchaus anzupicken scheinen\u2026: W\u00e4re ich ne Zitrone, w\u00fcrde ich hier auch gerne wachsen. Bei deeen Temperaturen und der angenehm trockenen Luft\u2026: \u2026 macht&hellip;<\/p>\n","protected":false},"author":2,"featured_media":14703,"comment_status":"open","ping_status":"open","sticky":false,"template":"","format":"standard","meta":{"footnotes":""},"categories":[27,39,41,28,43,44,33],"tags":[],"class_list":["post-14695","post","type-post","status-publish","format-standard","has-post-thumbnail","hentry","category-alle-bilder","category-arbeit","category-fruehling","category-haeuser","category-kulinarik","category-pflanzen","category-woanders"],"jetpack_featured_media_url":"https:\/\/jessel.de\/365-tage-sylt\/wp-content\/uploads\/2023\/06\/DB46CE28-014F-4B9A-8E20-2CD851DE83EE.jpeg","_links":{"self":[{"href":"https:\/\/jessel.de\/365-tage-sylt\/wp-json\/wp\/v2\/posts\/14695","targetHints":{"allow":["GET"]}}],"collection":[{"href":"https:\/\/jessel.de\/365-tage-sylt\/wp-json\/wp\/v2\/posts"}],"about":[{"href":"https:\/\/jessel.de\/365-tage-sylt\/wp-json\/wp\/v2\/types\/post"}],"author":[{"embeddable":true,"href":"https:\/\/jessel.de\/365-tage-sylt\/wp-json\/wp\/v2\/users\/2"}],"replies":[{"embeddable":true,"href":"https:\/\/jessel.de\/365-tage-sylt\/wp-json\/wp\/v2\/comments?post=14695"}],"version-history":[{"count":10,"href":"https:\/\/jessel.de\/365-tage-sylt\/wp-json\/wp\/v2\/posts\/14695\/revisions"}],"predecessor-version":[{"id":14715,"href":"https:\/\/jessel.de\/365-tage-sylt\/wp-json\/wp\/v2\/posts\/14695\/revisions\/14715"}],"wp:featuredmedia":[{"embeddable":true,"href":"https:\/\/jessel.de\/365-tage-sylt\/wp-json\/wp\/v2\/media\/14703"}],"wp:attachment":[{"href":"https:\/\/jessel.de\/365-tage-sylt\/wp-json\/wp\/v2\/media?parent=14695"}],"wp:term":[{"taxonomy":"category","embeddable":true,"href":"https:\/\/jessel.de\/365-tage-sylt\/wp-json\/wp\/v2\/categories?post=14695"},{"taxonomy":"post_tag","embeddable":true,"href":"https:\/\/jessel.de\/365-tage-sylt\/wp-json\/wp\/v2\/tags?post=14695"}],"curies":[{"name":"wp","href":"https:\/\/api.w.org\/{rel}","templated":true}]}}