{"id":14716,"date":"2023-06-07T13:18:41","date_gmt":"2023-06-07T13:18:41","guid":{"rendered":"https:\/\/jessel.de\/365-tage-sylt\/?p=14716"},"modified":"2023-06-07T13:21:45","modified_gmt":"2023-06-07T13:21:45","slug":"7-juni-frueher-besuch-im-alten-hafen-von-spetses","status":"publish","type":"post","link":"https:\/\/jessel.de\/365-tage-sylt\/7-juni-frueher-besuch-im-alten-hafen-von-spetses\/","title":{"rendered":"7. Juni: Fr\u00fcher Besuch im Alten Hafen von Spetses"},"content":{"rendered":"<p>Eine nahezu paradiesische Morgenstimmung wird mir heute fr\u00fch zum Sonnenaufgang im Alten Hafen von Spetses serviert. Im Windschatten des Ortes gelegen, ist es hier gaaanz ruhig, und die \u201eAnwohner\u201c zeigen sich dem fr\u00fchen Besucher gegen\u00fcber sehr aufgeschlossen. Ich bin total verbl\u00fcfft, wieviele Betriebe sich hier noch mit Bootsbau besch\u00e4ftigen. Sp\u00e4ter h\u00f6re ich, dass viele der \u00fcber 3.000 Einwohner der Insel auch privat gerne auf Fischfang gehen\u2026 und deshalb ist nat\u00fcrlich immer irgendetwas zu reparieren:<\/p>\n<p><img loading=\"lazy\" decoding=\"async\" class=\"alignnone size-full wp-image-14726\" src=\"https:\/\/jessel.de\/365-tage-sylt\/wp-content\/uploads\/2023\/06\/991EDBCE-6850-4EE1-8037-F57DCBB980F7.jpeg\" alt=\"\" width=\"1100\" height=\"800\" srcset=\"https:\/\/jessel.de\/365-tage-sylt\/wp-content\/uploads\/2023\/06\/991EDBCE-6850-4EE1-8037-F57DCBB980F7.jpeg 1100w, https:\/\/jessel.de\/365-tage-sylt\/wp-content\/uploads\/2023\/06\/991EDBCE-6850-4EE1-8037-F57DCBB980F7-300x218.jpeg 300w, https:\/\/jessel.de\/365-tage-sylt\/wp-content\/uploads\/2023\/06\/991EDBCE-6850-4EE1-8037-F57DCBB980F7-1024x745.jpeg 1024w, https:\/\/jessel.de\/365-tage-sylt\/wp-content\/uploads\/2023\/06\/991EDBCE-6850-4EE1-8037-F57DCBB980F7-768x559.jpeg 768w\" sizes=\"auto, (max-width: 1100px) 100vw, 1100px\" \/><\/p>\n<p>Als ich dieses kleine Paradies kurz nach 7 Uhr wieder verlasse, kommen bereits die ersten Schiffsbauer, und das gro\u00dfe S\u00e4gen, H\u00e4mmern und Schleifen kann weitergehen.<\/p>\n<p>Bislang mein Lieblingsplatz hier auf der Insel:<\/p>\n<p><img loading=\"lazy\" decoding=\"async\" class=\"size-full wp-image-14720\" src=\"https:\/\/jessel.de\/365-tage-sylt\/wp-content\/uploads\/2023\/06\/A24B4A09-E992-4638-A90A-7C6971F79B13.jpeg\" alt=\"\" width=\"1100\" height=\"800\" srcset=\"https:\/\/jessel.de\/365-tage-sylt\/wp-content\/uploads\/2023\/06\/A24B4A09-E992-4638-A90A-7C6971F79B13.jpeg 1100w, https:\/\/jessel.de\/365-tage-sylt\/wp-content\/uploads\/2023\/06\/A24B4A09-E992-4638-A90A-7C6971F79B13-300x218.jpeg 300w, https:\/\/jessel.de\/365-tage-sylt\/wp-content\/uploads\/2023\/06\/A24B4A09-E992-4638-A90A-7C6971F79B13-1024x745.jpeg 1024w, https:\/\/jessel.de\/365-tage-sylt\/wp-content\/uploads\/2023\/06\/A24B4A09-E992-4638-A90A-7C6971F79B13-768x559.jpeg 768w\" sizes=\"auto, (max-width: 1100px) 100vw, 1100px\" \/><\/p>\n<p>Kalenderreife Stimmungen, wohin ich auch schaue:<\/p>\n<p><img loading=\"lazy\" decoding=\"async\" class=\"size-full wp-image-14721\" src=\"https:\/\/jessel.de\/365-tage-sylt\/wp-content\/uploads\/2023\/06\/D3561579-4566-4159-A014-3802575D3229.jpeg\" alt=\"\" width=\"1100\" height=\"800\" srcset=\"https:\/\/jessel.de\/365-tage-sylt\/wp-content\/uploads\/2023\/06\/D3561579-4566-4159-A014-3802575D3229.jpeg 1100w, https:\/\/jessel.de\/365-tage-sylt\/wp-content\/uploads\/2023\/06\/D3561579-4566-4159-A014-3802575D3229-300x218.jpeg 300w, https:\/\/jessel.de\/365-tage-sylt\/wp-content\/uploads\/2023\/06\/D3561579-4566-4159-A014-3802575D3229-1024x745.jpeg 1024w, https:\/\/jessel.de\/365-tage-sylt\/wp-content\/uploads\/2023\/06\/D3561579-4566-4159-A014-3802575D3229-768x559.jpeg 768w\" sizes=\"auto, (max-width: 1100px) 100vw, 1100px\" \/><\/p>\n<p>Beim Zur\u00fcckradeln finde ich noch ein besonders nettes Pl\u00e4tzchen f\u00fcr den Abend\u2026:<\/p>\n<p><img loading=\"lazy\" decoding=\"async\" class=\"size-full wp-image-14722\" src=\"https:\/\/jessel.de\/365-tage-sylt\/wp-content\/uploads\/2023\/06\/3F19FC9C-E8C9-4944-BDEF-CDCEC949F4A1.jpeg\" alt=\"\" width=\"1100\" height=\"800\" srcset=\"https:\/\/jessel.de\/365-tage-sylt\/wp-content\/uploads\/2023\/06\/3F19FC9C-E8C9-4944-BDEF-CDCEC949F4A1.jpeg 1100w, https:\/\/jessel.de\/365-tage-sylt\/wp-content\/uploads\/2023\/06\/3F19FC9C-E8C9-4944-BDEF-CDCEC949F4A1-300x218.jpeg 300w, https:\/\/jessel.de\/365-tage-sylt\/wp-content\/uploads\/2023\/06\/3F19FC9C-E8C9-4944-BDEF-CDCEC949F4A1-1024x745.jpeg 1024w, https:\/\/jessel.de\/365-tage-sylt\/wp-content\/uploads\/2023\/06\/3F19FC9C-E8C9-4944-BDEF-CDCEC949F4A1-768x559.jpeg 768w\" sizes=\"auto, (max-width: 1100px) 100vw, 1100px\" \/><\/p>\n<p>\u2026 und glaube, dass ich morgen fr\u00fch nochmals hier vorbeischauen werde:<\/p>\n<p><img loading=\"lazy\" decoding=\"async\" class=\"alignnone size-full wp-image-14719\" src=\"https:\/\/jessel.de\/365-tage-sylt\/wp-content\/uploads\/2023\/06\/DFC9F1BF-F0EC-47CE-A16B-083B1E998067.jpeg\" alt=\"\" width=\"1100\" height=\"800\" srcset=\"https:\/\/jessel.de\/365-tage-sylt\/wp-content\/uploads\/2023\/06\/DFC9F1BF-F0EC-47CE-A16B-083B1E998067.jpeg 1100w, https:\/\/jessel.de\/365-tage-sylt\/wp-content\/uploads\/2023\/06\/DFC9F1BF-F0EC-47CE-A16B-083B1E998067-300x218.jpeg 300w, https:\/\/jessel.de\/365-tage-sylt\/wp-content\/uploads\/2023\/06\/DFC9F1BF-F0EC-47CE-A16B-083B1E998067-1024x745.jpeg 1024w, https:\/\/jessel.de\/365-tage-sylt\/wp-content\/uploads\/2023\/06\/DFC9F1BF-F0EC-47CE-A16B-083B1E998067-768x559.jpeg 768w\" sizes=\"auto, (max-width: 1100px) 100vw, 1100px\" \/><\/p>\n<p>Nach dem (verdienten) Fr\u00fchst\u00fcck sattel\u2018 ich die H\u00fchner und fahre per Rad auf Inselrundtour. Das macht auf einer autofreien Insel nat\u00fcrlich besonders viel Spa\u00df, und w\u00e4hrend der ersten Stunde der Tour begegnet mir kein einziger Mensch:<\/p>\n<p><img loading=\"lazy\" decoding=\"async\" class=\"size-full wp-image-14718\" src=\"https:\/\/jessel.de\/365-tage-sylt\/wp-content\/uploads\/2023\/06\/171E9279-5A75-4D04-A3E9-DED7462FED29.jpeg\" alt=\"\" width=\"800\" height=\"1100\" srcset=\"https:\/\/jessel.de\/365-tage-sylt\/wp-content\/uploads\/2023\/06\/171E9279-5A75-4D04-A3E9-DED7462FED29.jpeg 800w, https:\/\/jessel.de\/365-tage-sylt\/wp-content\/uploads\/2023\/06\/171E9279-5A75-4D04-A3E9-DED7462FED29-218x300.jpeg 218w, https:\/\/jessel.de\/365-tage-sylt\/wp-content\/uploads\/2023\/06\/171E9279-5A75-4D04-A3E9-DED7462FED29-745x1024.jpeg 745w, https:\/\/jessel.de\/365-tage-sylt\/wp-content\/uploads\/2023\/06\/171E9279-5A75-4D04-A3E9-DED7462FED29-768x1056.jpeg 768w\" sizes=\"auto, (max-width: 800px) 100vw, 800px\" \/><\/p>\n<p>Wie Ihr schon ganz richtig vermutet, reiht sich eine pittoreske Bucht an die n\u00e4chste\u2026:<\/p>\n<p><img loading=\"lazy\" decoding=\"async\" class=\"size-full wp-image-14724\" src=\"https:\/\/jessel.de\/365-tage-sylt\/wp-content\/uploads\/2023\/06\/3D8BF2F8-BD2A-4346-8DF4-F0EAA133BA97.jpeg\" alt=\"\" width=\"1100\" height=\"800\" srcset=\"https:\/\/jessel.de\/365-tage-sylt\/wp-content\/uploads\/2023\/06\/3D8BF2F8-BD2A-4346-8DF4-F0EAA133BA97.jpeg 1100w, https:\/\/jessel.de\/365-tage-sylt\/wp-content\/uploads\/2023\/06\/3D8BF2F8-BD2A-4346-8DF4-F0EAA133BA97-300x218.jpeg 300w, https:\/\/jessel.de\/365-tage-sylt\/wp-content\/uploads\/2023\/06\/3D8BF2F8-BD2A-4346-8DF4-F0EAA133BA97-1024x745.jpeg 1024w, https:\/\/jessel.de\/365-tage-sylt\/wp-content\/uploads\/2023\/06\/3D8BF2F8-BD2A-4346-8DF4-F0EAA133BA97-768x559.jpeg 768w\" sizes=\"auto, (max-width: 1100px) 100vw, 1100px\" \/><\/p>\n<p>\u2026 und nur mein komplett \u00fcbertriebener Arbeitseifer hindert mich daran, ein St\u00fcndchen Badepause in einer dieser Buchten zu verbringen. So bin ich zwei Stunden sp\u00e4ter wieder im Hauptort Spetses zur\u00fcck, seeehr ausgeglichen nach zwei so sch\u00f6nen Touren an diesem Morgen:<\/p>\n<div id=\"attachment_14723\" style=\"width: 1110px\" class=\"wp-caption alignnone\"><img loading=\"lazy\" decoding=\"async\" aria-describedby=\"caption-attachment-14723\" class=\"size-full wp-image-14723\" src=\"https:\/\/jessel.de\/365-tage-sylt\/wp-content\/uploads\/2023\/06\/EAE5F935-2DEE-401F-95C0-4F19EFBEE526.jpeg\" alt=\"\" width=\"1100\" height=\"800\" srcset=\"https:\/\/jessel.de\/365-tage-sylt\/wp-content\/uploads\/2023\/06\/EAE5F935-2DEE-401F-95C0-4F19EFBEE526.jpeg 1100w, https:\/\/jessel.de\/365-tage-sylt\/wp-content\/uploads\/2023\/06\/EAE5F935-2DEE-401F-95C0-4F19EFBEE526-300x218.jpeg 300w, https:\/\/jessel.de\/365-tage-sylt\/wp-content\/uploads\/2023\/06\/EAE5F935-2DEE-401F-95C0-4F19EFBEE526-1024x745.jpeg 1024w, https:\/\/jessel.de\/365-tage-sylt\/wp-content\/uploads\/2023\/06\/EAE5F935-2DEE-401F-95C0-4F19EFBEE526-768x559.jpeg 768w\" sizes=\"auto, (max-width: 1100px) 100vw, 1100px\" \/><p id=\"caption-attachment-14723\" class=\"wp-caption-text\">hdr<\/p><\/div>\n<p>&nbsp;<\/p>\n<p>&nbsp;<\/p>\n","protected":false},"excerpt":{"rendered":"<p>Eine nahezu paradiesische Morgenstimmung wird mir heute fr\u00fch zum Sonnenaufgang im Alten Hafen von Spetses serviert. Im Windschatten des Ortes gelegen, ist es hier gaaanz ruhig, und die \u201eAnwohner\u201c zeigen sich dem fr\u00fchen Besucher gegen\u00fcber sehr aufgeschlossen. Ich bin total verbl\u00fcfft, wieviele Betriebe sich hier noch mit Bootsbau besch\u00e4ftigen. Sp\u00e4ter h\u00f6re ich, dass viele der \u00fcber 3.000 Einwohner der Insel auch privat gerne auf Fischfang gehen\u2026 und deshalb ist nat\u00fcrlich&hellip;<\/p>\n","protected":false},"author":2,"featured_media":14717,"comment_status":"open","ping_status":"open","sticky":false,"template":"","format":"standard","meta":{"footnotes":""},"categories":[27,39,41,28,40,30,29,33],"tags":[],"class_list":["post-14716","post","type-post","status-publish","format-standard","has-post-thumbnail","hentry","category-alle-bilder","category-arbeit","category-fruehling","category-haeuser","category-tiere","category-tradition","category-verkehr","category-woanders"],"jetpack_featured_media_url":"https:\/\/jessel.de\/365-tage-sylt\/wp-content\/uploads\/2023\/06\/624553FE-0122-422B-AB44-2361DECD6E47.jpeg","_links":{"self":[{"href":"https:\/\/jessel.de\/365-tage-sylt\/wp-json\/wp\/v2\/posts\/14716","targetHints":{"allow":["GET"]}}],"collection":[{"href":"https:\/\/jessel.de\/365-tage-sylt\/wp-json\/wp\/v2\/posts"}],"about":[{"href":"https:\/\/jessel.de\/365-tage-sylt\/wp-json\/wp\/v2\/types\/post"}],"author":[{"embeddable":true,"href":"https:\/\/jessel.de\/365-tage-sylt\/wp-json\/wp\/v2\/users\/2"}],"replies":[{"embeddable":true,"href":"https:\/\/jessel.de\/365-tage-sylt\/wp-json\/wp\/v2\/comments?post=14716"}],"version-history":[{"count":4,"href":"https:\/\/jessel.de\/365-tage-sylt\/wp-json\/wp\/v2\/posts\/14716\/revisions"}],"predecessor-version":[{"id":14729,"href":"https:\/\/jessel.de\/365-tage-sylt\/wp-json\/wp\/v2\/posts\/14716\/revisions\/14729"}],"wp:featuredmedia":[{"embeddable":true,"href":"https:\/\/jessel.de\/365-tage-sylt\/wp-json\/wp\/v2\/media\/14717"}],"wp:attachment":[{"href":"https:\/\/jessel.de\/365-tage-sylt\/wp-json\/wp\/v2\/media?parent=14716"}],"wp:term":[{"taxonomy":"category","embeddable":true,"href":"https:\/\/jessel.de\/365-tage-sylt\/wp-json\/wp\/v2\/categories?post=14716"},{"taxonomy":"post_tag","embeddable":true,"href":"https:\/\/jessel.de\/365-tage-sylt\/wp-json\/wp\/v2\/tags?post=14716"}],"curies":[{"name":"wp","href":"https:\/\/api.w.org\/{rel}","templated":true}]}}