{"id":14932,"date":"2023-07-02T19:47:54","date_gmt":"2023-07-02T19:47:54","guid":{"rendered":"https:\/\/jessel.de\/365-tage-sylt\/?p=14932"},"modified":"2023-07-03T16:57:58","modified_gmt":"2023-07-03T16:57:58","slug":"2-juli-stormy-weather","status":"publish","type":"post","link":"https:\/\/jessel.de\/365-tage-sylt\/2-juli-stormy-weather\/","title":{"rendered":"2.\/3. Juli: Stormy Sylt"},"content":{"rendered":"<p>Oktoberstimmung \u00fcber Sylt: 7-8 Windst\u00e4rken, in B\u00f6en 9. Es fetzt zwei Tage lang, und ich komme mit soviel Bildmaterial nach Hause, da\u00df es noch etwas dauern wird mit der Bearbeitung. Nur soviel: Es hat sich gelohnt, und meine arme neue Kamera mu\u00dfte ihren ersten H\u00e4rteeinsatz abwettern &#8211; im wahrsten Sinne des Wortes.<\/p>\n<p>Zwei Kitesurfer liefern am Brandenburger Strand eine perfekte Show ab:<\/p>\n<p><img loading=\"lazy\" decoding=\"async\" class=\"alignnone size-full wp-image-14940\" src=\"https:\/\/jessel.de\/365-tage-sylt\/wp-content\/uploads\/2023\/07\/3552DFD3-349E-4E86-B263-04A7A74BD1CE.jpeg\" alt=\"\" width=\"1205\" height=\"800\" srcset=\"https:\/\/jessel.de\/365-tage-sylt\/wp-content\/uploads\/2023\/07\/3552DFD3-349E-4E86-B263-04A7A74BD1CE.jpeg 1205w, https:\/\/jessel.de\/365-tage-sylt\/wp-content\/uploads\/2023\/07\/3552DFD3-349E-4E86-B263-04A7A74BD1CE-300x199.jpeg 300w, https:\/\/jessel.de\/365-tage-sylt\/wp-content\/uploads\/2023\/07\/3552DFD3-349E-4E86-B263-04A7A74BD1CE-1024x680.jpeg 1024w, https:\/\/jessel.de\/365-tage-sylt\/wp-content\/uploads\/2023\/07\/3552DFD3-349E-4E86-B263-04A7A74BD1CE-768x510.jpeg 768w\" sizes=\"auto, (max-width: 1205px) 100vw, 1205px\" \/><\/p>\n<p>Und es ist als Fotograf schon eine Herausforderung, den \u00dcberblick zu behalten:<\/p>\n<p><img loading=\"lazy\" decoding=\"async\" class=\"alignnone size-full wp-image-14941\" src=\"https:\/\/jessel.de\/365-tage-sylt\/wp-content\/uploads\/2023\/07\/7362FFAC-BB7B-4A0C-B931-139051419A7E.jpeg\" alt=\"\" width=\"1200\" height=\"800\" srcset=\"https:\/\/jessel.de\/365-tage-sylt\/wp-content\/uploads\/2023\/07\/7362FFAC-BB7B-4A0C-B931-139051419A7E.jpeg 1200w, https:\/\/jessel.de\/365-tage-sylt\/wp-content\/uploads\/2023\/07\/7362FFAC-BB7B-4A0C-B931-139051419A7E-300x200.jpeg 300w, https:\/\/jessel.de\/365-tage-sylt\/wp-content\/uploads\/2023\/07\/7362FFAC-BB7B-4A0C-B931-139051419A7E-1024x683.jpeg 1024w, https:\/\/jessel.de\/365-tage-sylt\/wp-content\/uploads\/2023\/07\/7362FFAC-BB7B-4A0C-B931-139051419A7E-768x512.jpeg 768w\" sizes=\"auto, (max-width: 1200px) 100vw, 1200px\" \/><\/p>\n<p>Jeder, der sich auch nur ein F\u00fcnkchen f\u00fcr Aerodynamik interessiert, geht bei diesem Anblick das Herz auf:<\/p>\n<p><img loading=\"lazy\" decoding=\"async\" class=\"alignnone size-full wp-image-14938\" src=\"https:\/\/jessel.de\/365-tage-sylt\/wp-content\/uploads\/2023\/07\/F7BB1872-6FAF-40FF-B4EC-4AE5678F6AE4.jpeg\" alt=\"\" width=\"1205\" height=\"800\" srcset=\"https:\/\/jessel.de\/365-tage-sylt\/wp-content\/uploads\/2023\/07\/F7BB1872-6FAF-40FF-B4EC-4AE5678F6AE4.jpeg 1205w, https:\/\/jessel.de\/365-tage-sylt\/wp-content\/uploads\/2023\/07\/F7BB1872-6FAF-40FF-B4EC-4AE5678F6AE4-300x199.jpeg 300w, https:\/\/jessel.de\/365-tage-sylt\/wp-content\/uploads\/2023\/07\/F7BB1872-6FAF-40FF-B4EC-4AE5678F6AE4-1024x680.jpeg 1024w, https:\/\/jessel.de\/365-tage-sylt\/wp-content\/uploads\/2023\/07\/F7BB1872-6FAF-40FF-B4EC-4AE5678F6AE4-768x510.jpeg 768w\" sizes=\"auto, (max-width: 1205px) 100vw, 1205px\" \/><\/p>\n<p>Schlie\u00dflich wird mir noch ein schwerer Schauer im abendlichen Sonnenlicht serviert\u2026:<\/p>\n<p><img loading=\"lazy\" decoding=\"async\" class=\"alignnone size-full wp-image-14939\" src=\"https:\/\/jessel.de\/365-tage-sylt\/wp-content\/uploads\/2023\/07\/787FD28D-1BE3-4797-A0BD-EFF21A5CAF3D.jpeg\" alt=\"\" width=\"1205\" height=\"800\" srcset=\"https:\/\/jessel.de\/365-tage-sylt\/wp-content\/uploads\/2023\/07\/787FD28D-1BE3-4797-A0BD-EFF21A5CAF3D.jpeg 1205w, https:\/\/jessel.de\/365-tage-sylt\/wp-content\/uploads\/2023\/07\/787FD28D-1BE3-4797-A0BD-EFF21A5CAF3D-300x199.jpeg 300w, https:\/\/jessel.de\/365-tage-sylt\/wp-content\/uploads\/2023\/07\/787FD28D-1BE3-4797-A0BD-EFF21A5CAF3D-1024x680.jpeg 1024w, https:\/\/jessel.de\/365-tage-sylt\/wp-content\/uploads\/2023\/07\/787FD28D-1BE3-4797-A0BD-EFF21A5CAF3D-768x510.jpeg 768w\" sizes=\"auto, (max-width: 1205px) 100vw, 1205px\" \/><\/p>\n<p>\u2026 und ein zufriedener Hans marschiert mit viiieeelen tollen Fotos nach Hause zur\u00fcck:<\/p>\n<p><img loading=\"lazy\" decoding=\"async\" class=\"alignnone size-full wp-image-14933\" src=\"https:\/\/jessel.de\/365-tage-sylt\/wp-content\/uploads\/2023\/07\/7311DDF1-3A66-46F1-BE7B-B5A04E3DCDE3.jpeg\" alt=\"\" width=\"1200\" height=\"800\" srcset=\"https:\/\/jessel.de\/365-tage-sylt\/wp-content\/uploads\/2023\/07\/7311DDF1-3A66-46F1-BE7B-B5A04E3DCDE3.jpeg 1200w, https:\/\/jessel.de\/365-tage-sylt\/wp-content\/uploads\/2023\/07\/7311DDF1-3A66-46F1-BE7B-B5A04E3DCDE3-300x200.jpeg 300w, https:\/\/jessel.de\/365-tage-sylt\/wp-content\/uploads\/2023\/07\/7311DDF1-3A66-46F1-BE7B-B5A04E3DCDE3-1024x683.jpeg 1024w, https:\/\/jessel.de\/365-tage-sylt\/wp-content\/uploads\/2023\/07\/7311DDF1-3A66-46F1-BE7B-B5A04E3DCDE3-768x512.jpeg 768w\" sizes=\"auto, (max-width: 1200px) 100vw, 1200px\" \/><\/p>\n","protected":false},"excerpt":{"rendered":"<p>Oktoberstimmung \u00fcber Sylt: 7-8 Windst\u00e4rken, in B\u00f6en 9. Es fetzt zwei Tage lang, und ich komme mit soviel Bildmaterial nach Hause, da\u00df es noch etwas dauern wird mit der Bearbeitung. Nur soviel: Es hat sich gelohnt, und meine arme neue Kamera mu\u00dfte ihren ersten H\u00e4rteeinsatz abwettern &#8211; im wahrsten Sinne des Wortes. Zwei Kitesurfer liefern am Brandenburger Strand eine perfekte Show ab: Und es ist als Fotograf schon eine Herausforderung,&hellip;<\/p>\n","protected":false},"author":2,"featured_media":14937,"comment_status":"open","ping_status":"open","sticky":false,"template":"","format":"standard","meta":{"footnotes":""},"categories":[27,39,24,3,35,4,26,49,2,7],"tags":[],"class_list":["post-14932","post","type-post","status-publish","format-standard","has-post-thumbnail","hentry","category-alle-bilder","category-arbeit","category-duenen","category-menschen","category-schlechtes-wetter","category-spuren","category-strand","category-sturm","category-tourismus","category-westerland"],"jetpack_featured_media_url":"https:\/\/jessel.de\/365-tage-sylt\/wp-content\/uploads\/2023\/07\/DD8BC992-50ED-49F9-8391-E0DDB17F8F1D.jpeg","_links":{"self":[{"href":"https:\/\/jessel.de\/365-tage-sylt\/wp-json\/wp\/v2\/posts\/14932","targetHints":{"allow":["GET"]}}],"collection":[{"href":"https:\/\/jessel.de\/365-tage-sylt\/wp-json\/wp\/v2\/posts"}],"about":[{"href":"https:\/\/jessel.de\/365-tage-sylt\/wp-json\/wp\/v2\/types\/post"}],"author":[{"embeddable":true,"href":"https:\/\/jessel.de\/365-tage-sylt\/wp-json\/wp\/v2\/users\/2"}],"replies":[{"embeddable":true,"href":"https:\/\/jessel.de\/365-tage-sylt\/wp-json\/wp\/v2\/comments?post=14932"}],"version-history":[{"count":4,"href":"https:\/\/jessel.de\/365-tage-sylt\/wp-json\/wp\/v2\/posts\/14932\/revisions"}],"predecessor-version":[{"id":14942,"href":"https:\/\/jessel.de\/365-tage-sylt\/wp-json\/wp\/v2\/posts\/14932\/revisions\/14942"}],"wp:featuredmedia":[{"embeddable":true,"href":"https:\/\/jessel.de\/365-tage-sylt\/wp-json\/wp\/v2\/media\/14937"}],"wp:attachment":[{"href":"https:\/\/jessel.de\/365-tage-sylt\/wp-json\/wp\/v2\/media?parent=14932"}],"wp:term":[{"taxonomy":"category","embeddable":true,"href":"https:\/\/jessel.de\/365-tage-sylt\/wp-json\/wp\/v2\/categories?post=14932"},{"taxonomy":"post_tag","embeddable":true,"href":"https:\/\/jessel.de\/365-tage-sylt\/wp-json\/wp\/v2\/tags?post=14932"}],"curies":[{"name":"wp","href":"https:\/\/api.w.org\/{rel}","templated":true}]}}