{"id":14943,"date":"2023-07-04T19:31:32","date_gmt":"2023-07-04T19:31:32","guid":{"rendered":"https:\/\/jessel.de\/365-tage-sylt\/?p=14943"},"modified":"2023-07-04T19:33:38","modified_gmt":"2023-07-04T19:33:38","slug":"4-juli-es-braut-sich-etwas-zusammen","status":"publish","type":"post","link":"https:\/\/jessel.de\/365-tage-sylt\/4-juli-es-braut-sich-etwas-zusammen\/","title":{"rendered":"4. Juli: Es braut sich etwas zusammen\u2026"},"content":{"rendered":"<p>\u2026 \u00fcber der Nordsee: Eine sehr ungew\u00f6hnliche Wettersituation ist am morgigen Mittwoch zu erwarten. Zwar sieht es tendenziell nach einer deutlichen Wetterbesserung Richtung Wochenende aus, da schiebt sich doch noch einmal schnell ein kleines aber kr\u00e4ftiges Sturmtief dazwischen. Von S\u00fcdengland \u00fcber Belgien ziehend, vertieft es sich zunehmend &#8211; nicht zuletzt wegen der deutlich zu hohen Nordsee-Wassertemperaturen &#8211; und sorgt aktuell f\u00fcr verbreitete Unwetterwarnungen der Wetterdienste besonders f\u00fcr den n\u00f6rdlichen Teil Schleswig-Holsteins mit orkanartigen B\u00f6en und starken Niederschl\u00e4gen.<\/p>\n<p>Die Stratusbew\u00f6lkung im heutigen Titelbild zeigt den Aufzug des Tiefs. Wie kr\u00e4ftig es nun genau \u00fcber Sylt ausf\u00e4llt, wei\u00df im Moment wohl noch keiner, aber wir haben alles Bewegliche in unseren Garten vorsorglich gesichert. Die h\u00f6chsten Windgeschwindigkeiten werden zum Nachmittag mit der R\u00fcckfront erwartet.<\/p>\n<p>Und ich bin nat\u00fcrlich dabei.<\/p>\n","protected":false},"excerpt":{"rendered":"<p>\u2026 \u00fcber der Nordsee: Eine sehr ungew\u00f6hnliche Wettersituation ist am morgigen Mittwoch zu erwarten. Zwar sieht es tendenziell nach einer deutlichen Wetterbesserung Richtung Wochenende aus, da schiebt sich doch noch einmal schnell ein kleines aber kr\u00e4ftiges Sturmtief dazwischen. Von S\u00fcdengland \u00fcber Belgien ziehend, vertieft es sich zunehmend &#8211; nicht zuletzt wegen der deutlich zu hohen Nordsee-Wassertemperaturen &#8211; und sorgt aktuell f\u00fcr verbreitete Unwetterwarnungen der Wetterdienste besonders f\u00fcr den n\u00f6rdlichen Teil&hellip;<\/p>\n","protected":false},"author":2,"featured_media":14944,"comment_status":"open","ping_status":"open","sticky":false,"template":"","format":"standard","meta":{"footnotes":""},"categories":[27,39,37,24,3,35,46,4,26,49,2,7],"tags":[],"class_list":["post-14943","post","type-post","status-publish","format-standard","has-post-thumbnail","hentry","category-alle-bilder","category-arbeit","category-buhne","category-duenen","category-menschen","category-schlechtes-wetter","category-sommer","category-spuren","category-strand","category-sturm","category-tourismus","category-westerland"],"jetpack_featured_media_url":"https:\/\/jessel.de\/365-tage-sylt\/wp-content\/uploads\/2023\/07\/F0DF3444-4494-4D0A-9117-4758331EEB74.jpeg","_links":{"self":[{"href":"https:\/\/jessel.de\/365-tage-sylt\/wp-json\/wp\/v2\/posts\/14943","targetHints":{"allow":["GET"]}}],"collection":[{"href":"https:\/\/jessel.de\/365-tage-sylt\/wp-json\/wp\/v2\/posts"}],"about":[{"href":"https:\/\/jessel.de\/365-tage-sylt\/wp-json\/wp\/v2\/types\/post"}],"author":[{"embeddable":true,"href":"https:\/\/jessel.de\/365-tage-sylt\/wp-json\/wp\/v2\/users\/2"}],"replies":[{"embeddable":true,"href":"https:\/\/jessel.de\/365-tage-sylt\/wp-json\/wp\/v2\/comments?post=14943"}],"version-history":[{"count":3,"href":"https:\/\/jessel.de\/365-tage-sylt\/wp-json\/wp\/v2\/posts\/14943\/revisions"}],"predecessor-version":[{"id":14947,"href":"https:\/\/jessel.de\/365-tage-sylt\/wp-json\/wp\/v2\/posts\/14943\/revisions\/14947"}],"wp:featuredmedia":[{"embeddable":true,"href":"https:\/\/jessel.de\/365-tage-sylt\/wp-json\/wp\/v2\/media\/14944"}],"wp:attachment":[{"href":"https:\/\/jessel.de\/365-tage-sylt\/wp-json\/wp\/v2\/media?parent=14943"}],"wp:term":[{"taxonomy":"category","embeddable":true,"href":"https:\/\/jessel.de\/365-tage-sylt\/wp-json\/wp\/v2\/categories?post=14943"},{"taxonomy":"post_tag","embeddable":true,"href":"https:\/\/jessel.de\/365-tage-sylt\/wp-json\/wp\/v2\/tags?post=14943"}],"curies":[{"name":"wp","href":"https:\/\/api.w.org\/{rel}","templated":true}]}}