{"id":14948,"date":"2023-07-05T18:35:21","date_gmt":"2023-07-05T18:35:21","guid":{"rendered":"https:\/\/jessel.de\/365-tage-sylt\/?p=14948"},"modified":"2023-07-05T18:35:21","modified_gmt":"2023-07-05T18:35:21","slug":"5-juli-sylt-im-zentrum-des-sturms","status":"publish","type":"post","link":"https:\/\/jessel.de\/365-tage-sylt\/5-juli-sylt-im-zentrum-des-sturms\/","title":{"rendered":"5. Juli: Sylt im Zentrum des Sturms"},"content":{"rendered":"<p>Der Regen prasselt schon gegen 5 Uhr an die Scheiben, daf\u00fcr l\u00e4sst sich der Wind bis zum Nachmittag Zeit. Ich staune nur \u00fcber die Sch\u00f6nheit dieses Sturmtiefs, dessen Fronten weit \u00fcber eintausend Kilometer bis in die Alpen herunter reichen. Hier das spiralf\u00f6rmige Regengebiet am heutigen Vormittag, von Wetteronline:<\/p>\n<p><img loading=\"lazy\" decoding=\"async\" class=\"alignnone size-full wp-image-14949\" src=\"https:\/\/jessel.de\/365-tage-sylt\/wp-content\/uploads\/2023\/07\/2DD0760E-6880-4DA9-953A-A9CD833FA483.png\" alt=\"\" width=\"1200\" height=\"800\" srcset=\"https:\/\/jessel.de\/365-tage-sylt\/wp-content\/uploads\/2023\/07\/2DD0760E-6880-4DA9-953A-A9CD833FA483.png 1200w, https:\/\/jessel.de\/365-tage-sylt\/wp-content\/uploads\/2023\/07\/2DD0760E-6880-4DA9-953A-A9CD833FA483-300x200.png 300w, https:\/\/jessel.de\/365-tage-sylt\/wp-content\/uploads\/2023\/07\/2DD0760E-6880-4DA9-953A-A9CD833FA483-1024x683.png 1024w, https:\/\/jessel.de\/365-tage-sylt\/wp-content\/uploads\/2023\/07\/2DD0760E-6880-4DA9-953A-A9CD833FA483-768x512.png 768w\" sizes=\"auto, (max-width: 1200px) 100vw, 1200px\" \/><\/p>\n<p>Am Nachmittag zieht tats\u00e4chlich das Sturmzentrum direkt \u00fcber die Insel hinweg, allerdings tritt die bei \u02cbWindfinder\u00b4 angek\u00fcndigte Calme gegen 16:30 Uhr nicht ein. Daf\u00fcr sch\u00fcttet und weht es umso mehr, und beim Weinfest auf der Promenade, wo um diese Uhrzeit normalerweise das br\u00fcllende Leben tobt, ist Funkstille angesagt:<\/p>\n<p><img loading=\"lazy\" decoding=\"async\" class=\"alignnone size-full wp-image-14950\" src=\"https:\/\/jessel.de\/365-tage-sylt\/wp-content\/uploads\/2023\/07\/55E3EDAB-D249-4BA0-BF13-56337799017A.jpeg\" alt=\"\" width=\"1200\" height=\"800\" srcset=\"https:\/\/jessel.de\/365-tage-sylt\/wp-content\/uploads\/2023\/07\/55E3EDAB-D249-4BA0-BF13-56337799017A.jpeg 1200w, https:\/\/jessel.de\/365-tage-sylt\/wp-content\/uploads\/2023\/07\/55E3EDAB-D249-4BA0-BF13-56337799017A-300x200.jpeg 300w, https:\/\/jessel.de\/365-tage-sylt\/wp-content\/uploads\/2023\/07\/55E3EDAB-D249-4BA0-BF13-56337799017A-1024x683.jpeg 1024w, https:\/\/jessel.de\/365-tage-sylt\/wp-content\/uploads\/2023\/07\/55E3EDAB-D249-4BA0-BF13-56337799017A-768x512.jpeg 768w\" sizes=\"auto, (max-width: 1200px) 100vw, 1200px\" \/><\/p>\n<p>Von Westen her ziehen best\u00e4ndig schwere Schauer \u00fcber die Insel, und das Rimini-Rinnsal pl\u00e4tschert leise vor sich hin:<\/p>\n<p><img loading=\"lazy\" decoding=\"async\" class=\"alignnone size-full wp-image-14951\" src=\"https:\/\/jessel.de\/365-tage-sylt\/wp-content\/uploads\/2023\/07\/24D83566-B04B-49A8-AC59-3F8D185A191F.jpeg\" alt=\"\" width=\"1200\" height=\"800\" srcset=\"https:\/\/jessel.de\/365-tage-sylt\/wp-content\/uploads\/2023\/07\/24D83566-B04B-49A8-AC59-3F8D185A191F.jpeg 1200w, https:\/\/jessel.de\/365-tage-sylt\/wp-content\/uploads\/2023\/07\/24D83566-B04B-49A8-AC59-3F8D185A191F-300x200.jpeg 300w, https:\/\/jessel.de\/365-tage-sylt\/wp-content\/uploads\/2023\/07\/24D83566-B04B-49A8-AC59-3F8D185A191F-1024x683.jpeg 1024w, https:\/\/jessel.de\/365-tage-sylt\/wp-content\/uploads\/2023\/07\/24D83566-B04B-49A8-AC59-3F8D185A191F-768x512.jpeg 768w\" sizes=\"auto, (max-width: 1200px) 100vw, 1200px\" \/><\/p>\n<p>Auch das schwere Ger\u00e4t, das zur Zeit f\u00fcr die Promenadenverst\u00e4rkung eingesetzt wird, wurde rechtzeitig vor den erwarteten Fluten in Sicherheit gebracht:<\/p>\n<p><img loading=\"lazy\" decoding=\"async\" class=\"alignnone size-full wp-image-14952\" src=\"https:\/\/jessel.de\/365-tage-sylt\/wp-content\/uploads\/2023\/07\/5073F36E-29E6-41EC-81DE-EC7828E4CE50.jpeg\" alt=\"\" width=\"1200\" height=\"800\" srcset=\"https:\/\/jessel.de\/365-tage-sylt\/wp-content\/uploads\/2023\/07\/5073F36E-29E6-41EC-81DE-EC7828E4CE50.jpeg 1200w, https:\/\/jessel.de\/365-tage-sylt\/wp-content\/uploads\/2023\/07\/5073F36E-29E6-41EC-81DE-EC7828E4CE50-300x200.jpeg 300w, https:\/\/jessel.de\/365-tage-sylt\/wp-content\/uploads\/2023\/07\/5073F36E-29E6-41EC-81DE-EC7828E4CE50-1024x683.jpeg 1024w, https:\/\/jessel.de\/365-tage-sylt\/wp-content\/uploads\/2023\/07\/5073F36E-29E6-41EC-81DE-EC7828E4CE50-768x512.jpeg 768w\" sizes=\"auto, (max-width: 1200px) 100vw, 1200px\" \/><\/p>\n<p>Nur einzelne Windb\u00f6en erreichten 10 Beaufort, w\u00e4hrend auf Helgoland noch Orkanb\u00f6en gemessen wurden. Mit anderen Worten: das Tief hat sich \u00fcber der Nordsee nicht, wie bef\u00fcrchtet, verst\u00e4rkt, sondern sich sogar etwas abgeschw\u00e4cht. Gl\u00fcck gehabt, Sylt!<\/p>\n<p>&nbsp;<\/p>\n","protected":false},"excerpt":{"rendered":"<p>Der Regen prasselt schon gegen 5 Uhr an die Scheiben, daf\u00fcr l\u00e4sst sich der Wind bis zum Nachmittag Zeit. Ich staune nur \u00fcber die Sch\u00f6nheit dieses Sturmtiefs, dessen Fronten weit \u00fcber eintausend Kilometer bis in die Alpen herunter reichen. Hier das spiralf\u00f6rmige Regengebiet am heutigen Vormittag, von Wetteronline: Am Nachmittag zieht tats\u00e4chlich das Sturmzentrum direkt \u00fcber die Insel hinweg, allerdings tritt die bei \u02cbWindfinder\u00b4 angek\u00fcndigte Calme gegen 16:30 Uhr nicht&hellip;<\/p>\n","protected":false},"author":2,"featured_media":14954,"comment_status":"open","ping_status":"open","sticky":false,"template":"","format":"standard","meta":{"footnotes":""},"categories":[27,39,3,35,46,49,2,7],"tags":[],"class_list":["post-14948","post","type-post","status-publish","format-standard","has-post-thumbnail","hentry","category-alle-bilder","category-arbeit","category-menschen","category-schlechtes-wetter","category-sommer","category-sturm","category-tourismus","category-westerland"],"jetpack_featured_media_url":"https:\/\/jessel.de\/365-tage-sylt\/wp-content\/uploads\/2023\/07\/56CDA593-2597-467E-B05E-750EEF6234A2.jpeg","_links":{"self":[{"href":"https:\/\/jessel.de\/365-tage-sylt\/wp-json\/wp\/v2\/posts\/14948","targetHints":{"allow":["GET"]}}],"collection":[{"href":"https:\/\/jessel.de\/365-tage-sylt\/wp-json\/wp\/v2\/posts"}],"about":[{"href":"https:\/\/jessel.de\/365-tage-sylt\/wp-json\/wp\/v2\/types\/post"}],"author":[{"embeddable":true,"href":"https:\/\/jessel.de\/365-tage-sylt\/wp-json\/wp\/v2\/users\/2"}],"replies":[{"embeddable":true,"href":"https:\/\/jessel.de\/365-tage-sylt\/wp-json\/wp\/v2\/comments?post=14948"}],"version-history":[{"count":1,"href":"https:\/\/jessel.de\/365-tage-sylt\/wp-json\/wp\/v2\/posts\/14948\/revisions"}],"predecessor-version":[{"id":14955,"href":"https:\/\/jessel.de\/365-tage-sylt\/wp-json\/wp\/v2\/posts\/14948\/revisions\/14955"}],"wp:featuredmedia":[{"embeddable":true,"href":"https:\/\/jessel.de\/365-tage-sylt\/wp-json\/wp\/v2\/media\/14954"}],"wp:attachment":[{"href":"https:\/\/jessel.de\/365-tage-sylt\/wp-json\/wp\/v2\/media?parent=14948"}],"wp:term":[{"taxonomy":"category","embeddable":true,"href":"https:\/\/jessel.de\/365-tage-sylt\/wp-json\/wp\/v2\/categories?post=14948"},{"taxonomy":"post_tag","embeddable":true,"href":"https:\/\/jessel.de\/365-tage-sylt\/wp-json\/wp\/v2\/tags?post=14948"}],"curies":[{"name":"wp","href":"https:\/\/api.w.org\/{rel}","templated":true}]}}