{"id":1495,"date":"2017-06-19T14:19:58","date_gmt":"2017-06-19T14:19:58","guid":{"rendered":"http:\/\/jessel.de\/365-tage-sylt\/?p=1495"},"modified":"2017-06-19T14:39:28","modified_gmt":"2017-06-19T14:39:28","slug":"its-a-fuerte-day","status":"publish","type":"post","link":"https:\/\/jessel.de\/365-tage-sylt\/its-a-fuerte-day\/","title":{"rendered":"It`s a Fuerte-Day!"},"content":{"rendered":"<p>Es geht zum Sonnenaufgang schon gut los:<\/p>\n<div id=\"attachment_1496\" style=\"width: 1213px\" class=\"wp-caption alignnone\"><img loading=\"lazy\" decoding=\"async\" aria-describedby=\"caption-attachment-1496\" class=\"size-full wp-image-1496\" src=\"http:\/\/jessel.de\/365-tage-sylt\/wp-content\/uploads\/2017\/06\/L1007523.jpg\" alt=\"\" width=\"1203\" height=\"800\" srcset=\"https:\/\/jessel.de\/365-tage-sylt\/wp-content\/uploads\/2017\/06\/L1007523.jpg 1203w, https:\/\/jessel.de\/365-tage-sylt\/wp-content\/uploads\/2017\/06\/L1007523-300x200.jpg 300w, https:\/\/jessel.de\/365-tage-sylt\/wp-content\/uploads\/2017\/06\/L1007523-768x511.jpg 768w, https:\/\/jessel.de\/365-tage-sylt\/wp-content\/uploads\/2017\/06\/L1007523-1024x681.jpg 1024w\" sizes=\"auto, (max-width: 1203px) 100vw, 1203px\" \/><p id=\"caption-attachment-1496\" class=\"wp-caption-text\">Sylt_Tinnum_Siel_Blick ueber die Wiesen zur St. Severin Kirche_Morgenstimmung<\/p><\/div>\n<p>Gethrillt\u00a0von soviel Sch\u00f6nheit bin ich ganz froh \u00fcber eine &#8222;Urbane Minigolf-Installation \u00a0samt Karnickel&#8220; am Rantumer Hafen:<\/p>\n<div id=\"attachment_1497\" style=\"width: 1210px\" class=\"wp-caption alignnone\"><img loading=\"lazy\" decoding=\"async\" aria-describedby=\"caption-attachment-1497\" class=\"size-full wp-image-1497\" src=\"http:\/\/jessel.de\/365-tage-sylt\/wp-content\/uploads\/2017\/06\/L1007543.jpg\" alt=\"\" width=\"1200\" height=\"800\" srcset=\"https:\/\/jessel.de\/365-tage-sylt\/wp-content\/uploads\/2017\/06\/L1007543.jpg 1200w, https:\/\/jessel.de\/365-tage-sylt\/wp-content\/uploads\/2017\/06\/L1007543-300x200.jpg 300w, https:\/\/jessel.de\/365-tage-sylt\/wp-content\/uploads\/2017\/06\/L1007543-768x512.jpg 768w, https:\/\/jessel.de\/365-tage-sylt\/wp-content\/uploads\/2017\/06\/L1007543-1024x683.jpg 1024w\" sizes=\"auto, (max-width: 1200px) 100vw, 1200px\" \/><p id=\"caption-attachment-1497\" class=\"wp-caption-text\">Sylt_Rantum_Hafen_Minigolfplatz_Morgenstimmung<\/p><\/div>\n<p>Der Fuerte-Tag macht auf. Sanftester Seewind, milde Temperaturen, feuchte D\u00fcnengr\u00e4ser, wunderbares Licht:<\/p>\n<div id=\"attachment_1498\" style=\"width: 1213px\" class=\"wp-caption alignnone\"><img loading=\"lazy\" decoding=\"async\" aria-describedby=\"caption-attachment-1498\" class=\"size-full wp-image-1498\" src=\"http:\/\/jessel.de\/365-tage-sylt\/wp-content\/uploads\/2017\/06\/L1007549.jpg\" alt=\"\" width=\"1203\" height=\"800\" srcset=\"https:\/\/jessel.de\/365-tage-sylt\/wp-content\/uploads\/2017\/06\/L1007549.jpg 1203w, https:\/\/jessel.de\/365-tage-sylt\/wp-content\/uploads\/2017\/06\/L1007549-300x200.jpg 300w, https:\/\/jessel.de\/365-tage-sylt\/wp-content\/uploads\/2017\/06\/L1007549-768x511.jpg 768w, https:\/\/jessel.de\/365-tage-sylt\/wp-content\/uploads\/2017\/06\/L1007549-1024x681.jpg 1024w\" sizes=\"auto, (max-width: 1203px) 100vw, 1203px\" \/><p id=\"caption-attachment-1498\" class=\"wp-caption-text\">Sylt_Rantum_Stranduebergang_Morgens<\/p><\/div>\n<p>Das Kaiserwetter versch\u00e4rft sich noch im Laufe des Vormittags:<\/p>\n<div id=\"attachment_1502\" style=\"width: 1906px\" class=\"wp-caption alignnone\"><img loading=\"lazy\" decoding=\"async\" aria-describedby=\"caption-attachment-1502\" class=\"size-full wp-image-1502\" src=\"http:\/\/jessel.de\/365-tage-sylt\/wp-content\/uploads\/2017\/06\/L1007570-Panorama.jpg\" alt=\"\" width=\"1896\" height=\"800\" srcset=\"https:\/\/jessel.de\/365-tage-sylt\/wp-content\/uploads\/2017\/06\/L1007570-Panorama.jpg 1896w, https:\/\/jessel.de\/365-tage-sylt\/wp-content\/uploads\/2017\/06\/L1007570-Panorama-300x127.jpg 300w, https:\/\/jessel.de\/365-tage-sylt\/wp-content\/uploads\/2017\/06\/L1007570-Panorama-768x324.jpg 768w, https:\/\/jessel.de\/365-tage-sylt\/wp-content\/uploads\/2017\/06\/L1007570-Panorama-1024x432.jpg 1024w\" sizes=\"auto, (max-width: 1896px) 100vw, 1896px\" \/><p id=\"caption-attachment-1502\" class=\"wp-caption-text\">Sylt_Westerland_Suedstrand_Morgenstimmung bei Kaiserwetter_Panorama<\/p><\/div>\n<p>Und schooon sind sie da:<\/p>\n<div id=\"attachment_1501\" style=\"width: 1213px\" class=\"wp-caption alignnone\"><img loading=\"lazy\" decoding=\"async\" aria-describedby=\"caption-attachment-1501\" class=\"size-full wp-image-1501\" src=\"http:\/\/jessel.de\/365-tage-sylt\/wp-content\/uploads\/2017\/06\/L1007568.jpg\" alt=\"\" width=\"1203\" height=\"800\" srcset=\"https:\/\/jessel.de\/365-tage-sylt\/wp-content\/uploads\/2017\/06\/L1007568.jpg 1203w, https:\/\/jessel.de\/365-tage-sylt\/wp-content\/uploads\/2017\/06\/L1007568-300x200.jpg 300w, https:\/\/jessel.de\/365-tage-sylt\/wp-content\/uploads\/2017\/06\/L1007568-768x511.jpg 768w, https:\/\/jessel.de\/365-tage-sylt\/wp-content\/uploads\/2017\/06\/L1007568-1024x681.jpg 1024w\" sizes=\"auto, (max-width: 1203px) 100vw, 1203px\" \/><p id=\"caption-attachment-1501\" class=\"wp-caption-text\">Sylt_Westerland_Stranduebergang am Suedstrand_Touris<\/p><\/div>\n<p>Noch einer:<\/p>\n<div id=\"attachment_1500\" style=\"width: 1210px\" class=\"wp-caption alignnone\"><img loading=\"lazy\" decoding=\"async\" aria-describedby=\"caption-attachment-1500\" class=\"size-full wp-image-1500\" src=\"http:\/\/jessel.de\/365-tage-sylt\/wp-content\/uploads\/2017\/06\/L1007556.jpg\" alt=\"\" width=\"1200\" height=\"800\" srcset=\"https:\/\/jessel.de\/365-tage-sylt\/wp-content\/uploads\/2017\/06\/L1007556.jpg 1200w, https:\/\/jessel.de\/365-tage-sylt\/wp-content\/uploads\/2017\/06\/L1007556-300x200.jpg 300w, https:\/\/jessel.de\/365-tage-sylt\/wp-content\/uploads\/2017\/06\/L1007556-768x512.jpg 768w, https:\/\/jessel.de\/365-tage-sylt\/wp-content\/uploads\/2017\/06\/L1007556-1024x683.jpg 1024w\" sizes=\"auto, (max-width: 1200px) 100vw, 1200px\" \/><p id=\"caption-attachment-1500\" class=\"wp-caption-text\">Sylt_Weststrand_Kaiserwetter_Mann am Meer_<\/p><\/div>\n<p>Noch zwei:<\/p>\n<div id=\"attachment_1505\" style=\"width: 2006px\" class=\"wp-caption alignnone\"><img loading=\"lazy\" decoding=\"async\" aria-describedby=\"caption-attachment-1505\" class=\"size-full wp-image-1505\" src=\"http:\/\/jessel.de\/365-tage-sylt\/wp-content\/uploads\/2017\/06\/L1007608.jpg\" alt=\"\" width=\"1996\" height=\"800\" srcset=\"https:\/\/jessel.de\/365-tage-sylt\/wp-content\/uploads\/2017\/06\/L1007608.jpg 1996w, https:\/\/jessel.de\/365-tage-sylt\/wp-content\/uploads\/2017\/06\/L1007608-300x120.jpg 300w, https:\/\/jessel.de\/365-tage-sylt\/wp-content\/uploads\/2017\/06\/L1007608-768x308.jpg 768w, https:\/\/jessel.de\/365-tage-sylt\/wp-content\/uploads\/2017\/06\/L1007608-1024x410.jpg 1024w\" sizes=\"auto, (max-width: 1996px) 100vw, 1996px\" \/><p id=\"caption-attachment-1505\" class=\"wp-caption-text\">Sylt_Westerland_Nordstrand_Paar unter Sonnenschirm_Kaiserwetter_<\/p><\/div>\n<p>Ich blicke noch einmal auf die Nordsee, wie man sie selten sieht &#8211; dann geht`s nach Hause:<\/p>\n<div id=\"attachment_1503\" style=\"width: 1213px\" class=\"wp-caption alignnone\"><img loading=\"lazy\" decoding=\"async\" aria-describedby=\"caption-attachment-1503\" class=\"size-full wp-image-1503\" src=\"http:\/\/jessel.de\/365-tage-sylt\/wp-content\/uploads\/2017\/06\/L1007587.jpg\" alt=\"\" width=\"1203\" height=\"800\" srcset=\"https:\/\/jessel.de\/365-tage-sylt\/wp-content\/uploads\/2017\/06\/L1007587.jpg 1203w, https:\/\/jessel.de\/365-tage-sylt\/wp-content\/uploads\/2017\/06\/L1007587-300x200.jpg 300w, https:\/\/jessel.de\/365-tage-sylt\/wp-content\/uploads\/2017\/06\/L1007587-768x511.jpg 768w, https:\/\/jessel.de\/365-tage-sylt\/wp-content\/uploads\/2017\/06\/L1007587-1024x681.jpg 1024w\" sizes=\"auto, (max-width: 1203px) 100vw, 1203px\" \/><p id=\"caption-attachment-1503\" class=\"wp-caption-text\">Sylt_Weststrand_Kaiserwetter_Brechende Welle_Karibikstimmung_<\/p><\/div>\n<p>P.S.: Man beachte beim Titelbild das &#8222;Strandleuchten&#8220; vor Wenningstedt! So deutlich ist das selten zu sehen. Es entsteht durch Lichtreflexe an den Brandungs-Aerosolen, die sich bei dem schwachen Wind \u00fcber dem Strand anreichern, \u00e4h\u00e4m.<\/p>\n<p>&nbsp;<\/p>\n<p>&nbsp;<\/p>\n","protected":false},"excerpt":{"rendered":"<p>Es geht zum Sonnenaufgang schon gut los: Gethrillt\u00a0von soviel Sch\u00f6nheit bin ich ganz froh \u00fcber eine &#8222;Urbane Minigolf-Installation \u00a0samt Karnickel&#8220; am Rantumer Hafen: Der Fuerte-Tag macht auf. Sanftester Seewind, milde Temperaturen, feuchte D\u00fcnengr\u00e4ser, wunderbares Licht: Das Kaiserwetter versch\u00e4rft sich noch im Laufe des Vormittags: Und schooon sind sie da: Noch einer: Noch zwei: Ich blicke noch einmal auf die Nordsee, wie man sie selten sieht &#8211; dann geht`s nach Hause:&hellip;<\/p>\n","protected":false},"author":2,"featured_media":1504,"comment_status":"open","ping_status":"open","sticky":false,"template":"","format":"standard","meta":{"footnotes":""},"categories":[27,37,24,41,3,26,2,7],"tags":[],"class_list":["post-1495","post","type-post","status-publish","format-standard","has-post-thumbnail","hentry","category-alle-bilder","category-buhne","category-duenen","category-fruehling","category-menschen","category-strand","category-tourismus","category-westerland"],"jetpack_featured_media_url":"https:\/\/jessel.de\/365-tage-sylt\/wp-content\/uploads\/2017\/06\/L1007602.jpg","_links":{"self":[{"href":"https:\/\/jessel.de\/365-tage-sylt\/wp-json\/wp\/v2\/posts\/1495","targetHints":{"allow":["GET"]}}],"collection":[{"href":"https:\/\/jessel.de\/365-tage-sylt\/wp-json\/wp\/v2\/posts"}],"about":[{"href":"https:\/\/jessel.de\/365-tage-sylt\/wp-json\/wp\/v2\/types\/post"}],"author":[{"embeddable":true,"href":"https:\/\/jessel.de\/365-tage-sylt\/wp-json\/wp\/v2\/users\/2"}],"replies":[{"embeddable":true,"href":"https:\/\/jessel.de\/365-tage-sylt\/wp-json\/wp\/v2\/comments?post=1495"}],"version-history":[{"count":6,"href":"https:\/\/jessel.de\/365-tage-sylt\/wp-json\/wp\/v2\/posts\/1495\/revisions"}],"predecessor-version":[{"id":1511,"href":"https:\/\/jessel.de\/365-tage-sylt\/wp-json\/wp\/v2\/posts\/1495\/revisions\/1511"}],"wp:featuredmedia":[{"embeddable":true,"href":"https:\/\/jessel.de\/365-tage-sylt\/wp-json\/wp\/v2\/media\/1504"}],"wp:attachment":[{"href":"https:\/\/jessel.de\/365-tage-sylt\/wp-json\/wp\/v2\/media?parent=1495"}],"wp:term":[{"taxonomy":"category","embeddable":true,"href":"https:\/\/jessel.de\/365-tage-sylt\/wp-json\/wp\/v2\/categories?post=1495"},{"taxonomy":"post_tag","embeddable":true,"href":"https:\/\/jessel.de\/365-tage-sylt\/wp-json\/wp\/v2\/tags?post=1495"}],"curies":[{"name":"wp","href":"https:\/\/api.w.org\/{rel}","templated":true}]}}