{"id":15175,"date":"2023-08-04T16:54:56","date_gmt":"2023-08-04T16:54:56","guid":{"rendered":"https:\/\/jessel.de\/365-tage-sylt\/?p=15175"},"modified":"2023-08-04T16:55:51","modified_gmt":"2023-08-04T16:55:51","slug":"4-august-ein-grauer-tag","status":"publish","type":"post","link":"https:\/\/jessel.de\/365-tage-sylt\/4-august-ein-grauer-tag\/","title":{"rendered":"4. August: Ein grauer Tag\u2026"},"content":{"rendered":"<p>Dieses Foto entstand zwar schon vor zwei Tagen, aber es passt wunderbar zum heutigen, der mit 11 Stunden Sonnenschein vorausgesagt wurde, aber wie ein grauer Herbsttag daherkam.<\/p>\n<p>Beste Gelegenheit f\u00fcr kreative Schreibtischarbeit. Nach l\u00e4ngerem Hin und Her steht nun die Endauswahl des 2025er MEERLANDSCHAFT-Kalenders, f\u00fcr den die obligaten l\u00e4ngeren Bildlegenden zu schreiben sind, au\u00dferdem der Klappentext mit den gerne gelesenen Infos zu meiner Arbeitsweise, oder, in diesem Jahr, zu meiner mittlerweile 40-j\u00e4hrigen(!) Zusammenarbeit mit meinem Verleger Frank Rosemann:<\/p>\n<p><img loading=\"lazy\" decoding=\"async\" class=\"alignnone size-full wp-image-15176\" src=\"https:\/\/jessel.de\/365-tage-sylt\/wp-content\/uploads\/2023\/08\/CB101691-2720-4DB9-84BC-7EFBE2882121.jpeg\" alt=\"\" width=\"1200\" height=\"800\" srcset=\"https:\/\/jessel.de\/365-tage-sylt\/wp-content\/uploads\/2023\/08\/CB101691-2720-4DB9-84BC-7EFBE2882121.jpeg 1200w, https:\/\/jessel.de\/365-tage-sylt\/wp-content\/uploads\/2023\/08\/CB101691-2720-4DB9-84BC-7EFBE2882121-300x200.jpeg 300w, https:\/\/jessel.de\/365-tage-sylt\/wp-content\/uploads\/2023\/08\/CB101691-2720-4DB9-84BC-7EFBE2882121-1024x683.jpeg 1024w, https:\/\/jessel.de\/365-tage-sylt\/wp-content\/uploads\/2023\/08\/CB101691-2720-4DB9-84BC-7EFBE2882121-768x512.jpeg 768w\" sizes=\"auto, (max-width: 1200px) 100vw, 1200px\" \/><\/p>\n<p>Die H\u00fchner finden Schreibtischarbeit \u00fcbrigens ziemlich doof. Lieber haben sie es, wenn ich derlei T\u00e4tigkeiten im Strandkorb oder auf einem der Gartenst\u00fchle nachgehe, und ab und zu ein paar K\u00e4sekr\u00fcmel \u201efallen lasse\u201c. Eine lustige Blogleserin, der ich erz\u00e4hlte, die H\u00fchner w\u00fcrden mir die Haare vom Kopf fressen, hatte gleich die passende Erkl\u00e4rung parat: \u201eDie suchen Deinen Kamm!\u201c Na gratuliere! \ud83d\ude09<\/p>\n<p><img loading=\"lazy\" decoding=\"async\" class=\"size-full wp-image-15177\" src=\"https:\/\/jessel.de\/365-tage-sylt\/wp-content\/uploads\/2023\/08\/BD821160-9B6A-4BFD-980B-679964D29477.jpeg\" alt=\"\" width=\"1100\" height=\"1200\" srcset=\"https:\/\/jessel.de\/365-tage-sylt\/wp-content\/uploads\/2023\/08\/BD821160-9B6A-4BFD-980B-679964D29477.jpeg 1100w, https:\/\/jessel.de\/365-tage-sylt\/wp-content\/uploads\/2023\/08\/BD821160-9B6A-4BFD-980B-679964D29477-275x300.jpeg 275w, https:\/\/jessel.de\/365-tage-sylt\/wp-content\/uploads\/2023\/08\/BD821160-9B6A-4BFD-980B-679964D29477-939x1024.jpeg 939w, https:\/\/jessel.de\/365-tage-sylt\/wp-content\/uploads\/2023\/08\/BD821160-9B6A-4BFD-980B-679964D29477-768x838.jpeg 768w\" sizes=\"auto, (max-width: 1100px) 100vw, 1100px\" \/><\/p>\n<p>Nachtrag: Im MEERLANDSCHAFT &#8211; Kalender gab es schlie\u00dfendlich doch noch eine \u00c4nderung, mit einem meiner sch\u00f6nsten Winterbilder. Lasst Euch \u00fcberraschen!<\/p>\n","protected":false},"excerpt":{"rendered":"<p>Dieses Foto entstand zwar schon vor zwei Tagen, aber es passt wunderbar zum heutigen, der mit 11 Stunden Sonnenschein vorausgesagt wurde, aber wie ein grauer Herbsttag daherkam. Beste Gelegenheit f\u00fcr kreative Schreibtischarbeit. Nach l\u00e4ngerem Hin und Her steht nun die Endauswahl des 2025er MEERLANDSCHAFT-Kalenders, f\u00fcr den die obligaten l\u00e4ngeren Bildlegenden zu schreiben sind, au\u00dferdem der Klappentext mit den gerne gelesenen Infos zu meiner Arbeitsweise, oder, in diesem Jahr, zu meiner&hellip;<\/p>\n","protected":false},"author":2,"featured_media":15159,"comment_status":"open","ping_status":"open","sticky":false,"template":"","format":"standard","meta":{"footnotes":""},"categories":[27,39,25,3,35,46,2],"tags":[],"class_list":["post-15175","post","type-post","status-publish","format-standard","has-post-thumbnail","hentry","category-alle-bilder","category-arbeit","category-kampen","category-menschen","category-schlechtes-wetter","category-sommer","category-tourismus"],"jetpack_featured_media_url":"https:\/\/jessel.de\/365-tage-sylt\/wp-content\/uploads\/2023\/08\/B385CE25-DEDE-476F-94E0-D6F097B36BFE.jpeg","_links":{"self":[{"href":"https:\/\/jessel.de\/365-tage-sylt\/wp-json\/wp\/v2\/posts\/15175","targetHints":{"allow":["GET"]}}],"collection":[{"href":"https:\/\/jessel.de\/365-tage-sylt\/wp-json\/wp\/v2\/posts"}],"about":[{"href":"https:\/\/jessel.de\/365-tage-sylt\/wp-json\/wp\/v2\/types\/post"}],"author":[{"embeddable":true,"href":"https:\/\/jessel.de\/365-tage-sylt\/wp-json\/wp\/v2\/users\/2"}],"replies":[{"embeddable":true,"href":"https:\/\/jessel.de\/365-tage-sylt\/wp-json\/wp\/v2\/comments?post=15175"}],"version-history":[{"count":2,"href":"https:\/\/jessel.de\/365-tage-sylt\/wp-json\/wp\/v2\/posts\/15175\/revisions"}],"predecessor-version":[{"id":15179,"href":"https:\/\/jessel.de\/365-tage-sylt\/wp-json\/wp\/v2\/posts\/15175\/revisions\/15179"}],"wp:featuredmedia":[{"embeddable":true,"href":"https:\/\/jessel.de\/365-tage-sylt\/wp-json\/wp\/v2\/media\/15159"}],"wp:attachment":[{"href":"https:\/\/jessel.de\/365-tage-sylt\/wp-json\/wp\/v2\/media?parent=15175"}],"wp:term":[{"taxonomy":"category","embeddable":true,"href":"https:\/\/jessel.de\/365-tage-sylt\/wp-json\/wp\/v2\/categories?post=15175"},{"taxonomy":"post_tag","embeddable":true,"href":"https:\/\/jessel.de\/365-tage-sylt\/wp-json\/wp\/v2\/tags?post=15175"}],"curies":[{"name":"wp","href":"https:\/\/api.w.org\/{rel}","templated":true}]}}