{"id":1519,"date":"2017-06-21T15:47:56","date_gmt":"2017-06-21T15:47:56","guid":{"rendered":"http:\/\/jessel.de\/365-tage-sylt\/?p=1519"},"modified":"2017-06-21T16:01:26","modified_gmt":"2017-06-21T16:01:26","slug":"wer-wartet","status":"publish","type":"post","link":"https:\/\/jessel.de\/365-tage-sylt\/wer-wartet\/","title":{"rendered":"Wer wartet&#8230;"},"content":{"rendered":"<p>&#8230; gewinnt, zumindest mit der n\u00f6tigen Portion Gl\u00fcck. Hammer &#8211; Licht, nur f\u00fcr Sekunden. Es reicht so geraaade f\u00fcr ein Panorama:<\/p>\n<div id=\"attachment_1526\" style=\"width: 2115px\" class=\"wp-caption alignnone\"><img loading=\"lazy\" decoding=\"async\" aria-describedby=\"caption-attachment-1526\" class=\"size-full wp-image-1526\" src=\"http:\/\/jessel.de\/365-tage-sylt\/wp-content\/uploads\/2017\/06\/Unbenanntes_Panorama1-1.jpg\" alt=\"\" width=\"2105\" height=\"800\" srcset=\"https:\/\/jessel.de\/365-tage-sylt\/wp-content\/uploads\/2017\/06\/Unbenanntes_Panorama1-1.jpg 2105w, https:\/\/jessel.de\/365-tage-sylt\/wp-content\/uploads\/2017\/06\/Unbenanntes_Panorama1-1-300x114.jpg 300w, https:\/\/jessel.de\/365-tage-sylt\/wp-content\/uploads\/2017\/06\/Unbenanntes_Panorama1-1-768x292.jpg 768w, https:\/\/jessel.de\/365-tage-sylt\/wp-content\/uploads\/2017\/06\/Unbenanntes_Panorama1-1-1024x389.jpg 1024w\" sizes=\"auto, (max-width: 2105px) 100vw, 2105px\" \/><p id=\"caption-attachment-1526\" class=\"wp-caption-text\">Sylt_Kampen_Quermarkenfeuer_Duenen_Morgenstimmung_Panorama<\/p><\/div>\n<p>Es ist zu 90%\u00a0bew\u00f6lkt, als ich um 4:15 Uhr das Haus verlasse und &#8211; nach Bauchgef\u00fchl &#8211; Richtung Kampen radle. Dort angekommen, pendel` ich zwischen Nordwestheide und Wattufer hin und her, immer den Zug der Wolken und das Aufsteigen der Sonne im Auge behaltend. So gelingen im fr\u00fchesten Licht zwei sch\u00f6ne Motive &#8211; von beiden Seiten der Insel:<\/p>\n<div id=\"attachment_1521\" style=\"width: 1213px\" class=\"wp-caption alignnone\"><img loading=\"lazy\" decoding=\"async\" aria-describedby=\"caption-attachment-1521\" class=\"size-full wp-image-1521\" src=\"http:\/\/jessel.de\/365-tage-sylt\/wp-content\/uploads\/2017\/06\/L1007684.jpg\" alt=\"\" width=\"1203\" height=\"800\" srcset=\"https:\/\/jessel.de\/365-tage-sylt\/wp-content\/uploads\/2017\/06\/L1007684.jpg 1203w, https:\/\/jessel.de\/365-tage-sylt\/wp-content\/uploads\/2017\/06\/L1007684-300x200.jpg 300w, https:\/\/jessel.de\/365-tage-sylt\/wp-content\/uploads\/2017\/06\/L1007684-768x511.jpg 768w, https:\/\/jessel.de\/365-tage-sylt\/wp-content\/uploads\/2017\/06\/L1007684-1024x681.jpg 1024w\" sizes=\"auto, (max-width: 1203px) 100vw, 1203px\" \/><p id=\"caption-attachment-1521\" class=\"wp-caption-text\">Sylt_Kampen_Heide ueber dem Wattenmeer_Kiefer_Bank_Erstes Sonnenlicht<\/p><\/div>\n<p>Diese Bank z\u00e4hlt f\u00fcr mich, am Morgen, zu den allersch\u00f6nsten Punkten der Insel. Ich g\u00f6nne mir ein paar Ruheminuten, dann geht`s wieder r\u00fcber an die Westk\u00fcste. In diesen Tagen werden tausende von Strandk\u00f6rben an die Str\u00e4nde gekarrt, denn am Wochenende beginnen die Sommerferien in den ersten Bundesl\u00e4ndern&#8230;:<\/p>\n<div id=\"attachment_1525\" style=\"width: 2008px\" class=\"wp-caption alignnone\"><img loading=\"lazy\" decoding=\"async\" aria-describedby=\"caption-attachment-1525\" class=\"size-full wp-image-1525\" src=\"http:\/\/jessel.de\/365-tage-sylt\/wp-content\/uploads\/2017\/06\/L1007735.jpg\" alt=\"\" width=\"1998\" height=\"800\" srcset=\"https:\/\/jessel.de\/365-tage-sylt\/wp-content\/uploads\/2017\/06\/L1007735.jpg 1998w, https:\/\/jessel.de\/365-tage-sylt\/wp-content\/uploads\/2017\/06\/L1007735-300x120.jpg 300w, https:\/\/jessel.de\/365-tage-sylt\/wp-content\/uploads\/2017\/06\/L1007735-768x308.jpg 768w, https:\/\/jessel.de\/365-tage-sylt\/wp-content\/uploads\/2017\/06\/L1007735-1024x410.jpg 1024w\" sizes=\"auto, (max-width: 1998px) 100vw, 1998px\" \/><p id=\"caption-attachment-1525\" class=\"wp-caption-text\">Sylt_Kampen_Rotes Kliff_Strandkoerbe am Strand_Morgens<\/p><\/div>\n<p>Nun ist`s zun\u00e4chst vorbei mit dem \u00fcberragenden Wetter. Heute zum Nachmittag bezieht es sich, f\u00fcr die morgigen Morgenstunden sind gewittrige Schauer annonciert&#8230; bin gespannt!<\/p>\n<div id=\"attachment_1524\" style=\"width: 1213px\" class=\"wp-caption alignnone\"><img loading=\"lazy\" decoding=\"async\" aria-describedby=\"caption-attachment-1524\" class=\"size-full wp-image-1524\" src=\"http:\/\/jessel.de\/365-tage-sylt\/wp-content\/uploads\/2017\/06\/L1007730.jpg\" alt=\"\" width=\"1203\" height=\"800\" srcset=\"https:\/\/jessel.de\/365-tage-sylt\/wp-content\/uploads\/2017\/06\/L1007730.jpg 1203w, https:\/\/jessel.de\/365-tage-sylt\/wp-content\/uploads\/2017\/06\/L1007730-300x200.jpg 300w, https:\/\/jessel.de\/365-tage-sylt\/wp-content\/uploads\/2017\/06\/L1007730-768x511.jpg 768w, https:\/\/jessel.de\/365-tage-sylt\/wp-content\/uploads\/2017\/06\/L1007730-1024x681.jpg 1024w\" sizes=\"auto, (max-width: 1203px) 100vw, 1203px\" \/><p id=\"caption-attachment-1524\" class=\"wp-caption-text\">Sylt_Kampen_Strandkoerbe_Spaziergaengerin mit Hund_Morgens<\/p><\/div>\n<p>Ach, bevor ichs vergesse: Ich soll sch\u00f6n gr\u00fc\u00dfen von Peter aus Schottland! Ihr erinnert Euch an meine &#8222;Begegnung&#8220; vorm Haus Solbakken in Keitum? Er hat seine Radtour auf den Shetlands begonnen, ist dann zu den Orkneys \u00fcbergesetzt &#8211; und schickt nun ein Live-Foto vor einer Guinness-Pinte in den Highlands:<\/p>\n<div id=\"attachment_1520\" style=\"width: 1211px\" class=\"wp-caption alignnone\"><img loading=\"lazy\" decoding=\"async\" aria-describedby=\"caption-attachment-1520\" class=\"size-full wp-image-1520\" src=\"http:\/\/jessel.de\/365-tage-sylt\/wp-content\/uploads\/2017\/06\/IMG_20170621_122846.jpg\" alt=\"\" width=\"1201\" height=\"800\" srcset=\"https:\/\/jessel.de\/365-tage-sylt\/wp-content\/uploads\/2017\/06\/IMG_20170621_122846.jpg 1201w, https:\/\/jessel.de\/365-tage-sylt\/wp-content\/uploads\/2017\/06\/IMG_20170621_122846-300x200.jpg 300w, https:\/\/jessel.de\/365-tage-sylt\/wp-content\/uploads\/2017\/06\/IMG_20170621_122846-768x512.jpg 768w, https:\/\/jessel.de\/365-tage-sylt\/wp-content\/uploads\/2017\/06\/IMG_20170621_122846-1024x682.jpg 1024w\" sizes=\"auto, (max-width: 1201px) 100vw, 1201px\" \/><p id=\"caption-attachment-1520\" class=\"wp-caption-text\">Peter_Schottland_Highlands_Guinness Kneipe_Prost!<\/p><\/div>\n<p>Schaut mal rein in seinen Reise-Blog: liegeradler7.wordpress.com<\/p>\n<p>Die \u00dcbernachtung im Orkney-Kloh\u00e4uschen war schon mal der Knaller. Die Reise geht nun die gesamte schottische und britische Ostk\u00fcste runter bis Dover &#8211; und wenn die Zeit (6 Wochen) reicht, auch noch weiter bis zur\u00fcck nach Hamburg. &#8222;Prost mein Lieber! Und allzeit Gute Fahrt!&#8220;<\/p>\n<p>&nbsp;<\/p>\n<p>&nbsp;<\/p>\n","protected":false},"excerpt":{"rendered":"<p>&#8230; gewinnt, zumindest mit der n\u00f6tigen Portion Gl\u00fcck. Hammer &#8211; Licht, nur f\u00fcr Sekunden. Es reicht so geraaade f\u00fcr ein Panorama: Es ist zu 90%\u00a0bew\u00f6lkt, als ich um 4:15 Uhr das Haus verlasse und &#8211; nach Bauchgef\u00fchl &#8211; Richtung Kampen radle. Dort angekommen, pendel` ich zwischen Nordwestheide und Wattufer hin und her, immer den Zug der Wolken und das Aufsteigen der Sonne im Auge behaltend. So gelingen im fr\u00fchesten Licht&hellip;<\/p>\n","protected":false},"author":2,"featured_media":1522,"comment_status":"open","ping_status":"open","sticky":false,"template":"","format":"standard","meta":{"footnotes":""},"categories":[27,24,41,28,25,44,29],"tags":[],"class_list":["post-1519","post","type-post","status-publish","format-standard","has-post-thumbnail","hentry","category-alle-bilder","category-duenen","category-fruehling","category-haeuser","category-kampen","category-pflanzen","category-verkehr"],"jetpack_featured_media_url":"https:\/\/jessel.de\/365-tage-sylt\/wp-content\/uploads\/2017\/06\/L1007711-Kopie.jpg","_links":{"self":[{"href":"https:\/\/jessel.de\/365-tage-sylt\/wp-json\/wp\/v2\/posts\/1519","targetHints":{"allow":["GET"]}}],"collection":[{"href":"https:\/\/jessel.de\/365-tage-sylt\/wp-json\/wp\/v2\/posts"}],"about":[{"href":"https:\/\/jessel.de\/365-tage-sylt\/wp-json\/wp\/v2\/types\/post"}],"author":[{"embeddable":true,"href":"https:\/\/jessel.de\/365-tage-sylt\/wp-json\/wp\/v2\/users\/2"}],"replies":[{"embeddable":true,"href":"https:\/\/jessel.de\/365-tage-sylt\/wp-json\/wp\/v2\/comments?post=1519"}],"version-history":[{"count":4,"href":"https:\/\/jessel.de\/365-tage-sylt\/wp-json\/wp\/v2\/posts\/1519\/revisions"}],"predecessor-version":[{"id":1530,"href":"https:\/\/jessel.de\/365-tage-sylt\/wp-json\/wp\/v2\/posts\/1519\/revisions\/1530"}],"wp:featuredmedia":[{"embeddable":true,"href":"https:\/\/jessel.de\/365-tage-sylt\/wp-json\/wp\/v2\/media\/1522"}],"wp:attachment":[{"href":"https:\/\/jessel.de\/365-tage-sylt\/wp-json\/wp\/v2\/media?parent=1519"}],"wp:term":[{"taxonomy":"category","embeddable":true,"href":"https:\/\/jessel.de\/365-tage-sylt\/wp-json\/wp\/v2\/categories?post=1519"},{"taxonomy":"post_tag","embeddable":true,"href":"https:\/\/jessel.de\/365-tage-sylt\/wp-json\/wp\/v2\/tags?post=1519"}],"curies":[{"name":"wp","href":"https:\/\/api.w.org\/{rel}","templated":true}]}}