{"id":1538,"date":"2017-06-23T16:09:56","date_gmt":"2017-06-23T16:09:56","guid":{"rendered":"http:\/\/jessel.de\/365-tage-sylt\/?p=1538"},"modified":"2017-06-24T03:24:53","modified_gmt":"2017-06-24T03:24:53","slug":"besuch-bei-der-soelring-foriinung-in-keitum","status":"publish","type":"post","link":"https:\/\/jessel.de\/365-tage-sylt\/besuch-bei-der-soelring-foriinung-in-keitum\/","title":{"rendered":"Besuch bei der Soel`ring Foriinung in Keitum"},"content":{"rendered":"<p>Die Soel`ring Foriining (f\u00fcr Aussenstehende: Die &#8222;Sylter Vereinigung&#8220;) unterh\u00e4lt eine Kinder- und Jugendtrachtentanz-Gruppe, die zu passenden Anl\u00e4ssen auftritt &#8211; heute im Garten des Sylter Heimatmuseums. Dort er\u00f6ffnet eine Ausstellung zur Geschichte der Sylter Tracht, die durch das Auffinden von fast 300 Jahre alten Trachtenpuppen in Halle a. d. Saale mit neuen Informationen zu der offenen Frage\u00a0der &#8222;urspr\u00fcnglichen&#8220; Sylter Tracht aufwarten kann.<\/p>\n<p>Der Tag ist usselig\u00a0und grau, es nieselt und regnet je nach Bedarf. Sch\u00f6n zu sehen, mit welcher sichtbaren Begeisterung die jungen T\u00e4nzerinnen bei der Sache sind:<\/p>\n<p><img loading=\"lazy\" decoding=\"async\" class=\"alignnone size-full wp-image-1540\" src=\"http:\/\/jessel.de\/365-tage-sylt\/wp-content\/uploads\/2017\/06\/L1007790.jpg\" alt=\"\" width=\"812\" height=\"800\" srcset=\"https:\/\/jessel.de\/365-tage-sylt\/wp-content\/uploads\/2017\/06\/L1007790.jpg 812w, https:\/\/jessel.de\/365-tage-sylt\/wp-content\/uploads\/2017\/06\/L1007790-300x296.jpg 300w, https:\/\/jessel.de\/365-tage-sylt\/wp-content\/uploads\/2017\/06\/L1007790-768x757.jpg 768w\" sizes=\"auto, (max-width: 812px) 100vw, 812px\" \/><\/p>\n<p>Die Choreografie ist nicht die einfachste. Gelegentlich \u00a0ist handfestes Zupacken gefordert:<\/p>\n<p><img loading=\"lazy\" decoding=\"async\" class=\"alignnone size-full wp-image-1542\" src=\"http:\/\/jessel.de\/365-tage-sylt\/wp-content\/uploads\/2017\/06\/L1007810.jpg\" alt=\"\" width=\"1201\" height=\"800\" srcset=\"https:\/\/jessel.de\/365-tage-sylt\/wp-content\/uploads\/2017\/06\/L1007810.jpg 1201w, https:\/\/jessel.de\/365-tage-sylt\/wp-content\/uploads\/2017\/06\/L1007810-300x200.jpg 300w, https:\/\/jessel.de\/365-tage-sylt\/wp-content\/uploads\/2017\/06\/L1007810-768x512.jpg 768w, https:\/\/jessel.de\/365-tage-sylt\/wp-content\/uploads\/2017\/06\/L1007810-1024x682.jpg 1024w\" sizes=\"auto, (max-width: 1201px) 100vw, 1201px\" \/><\/p>\n<p>Der kr\u00e4ftige Westwind unterst\u00fctzt den Schwung der T\u00e4nzerinnen:<\/p>\n<p><img loading=\"lazy\" decoding=\"async\" class=\"alignnone size-full wp-image-1539\" src=\"http:\/\/jessel.de\/365-tage-sylt\/wp-content\/uploads\/2017\/06\/L1007784.jpg\" alt=\"\" width=\"1301\" height=\"800\" srcset=\"https:\/\/jessel.de\/365-tage-sylt\/wp-content\/uploads\/2017\/06\/L1007784.jpg 1301w, https:\/\/jessel.de\/365-tage-sylt\/wp-content\/uploads\/2017\/06\/L1007784-300x184.jpg 300w, https:\/\/jessel.de\/365-tage-sylt\/wp-content\/uploads\/2017\/06\/L1007784-768x472.jpg 768w, https:\/\/jessel.de\/365-tage-sylt\/wp-content\/uploads\/2017\/06\/L1007784-1024x630.jpg 1024w\" sizes=\"auto, (max-width: 1301px) 100vw, 1301px\" \/><\/p>\n<p>&nbsp;<\/p>\n","protected":false},"excerpt":{"rendered":"<p>Die Soel`ring Foriining (f\u00fcr Aussenstehende: Die &#8222;Sylter Vereinigung&#8220;) unterh\u00e4lt eine Kinder- und Jugendtrachtentanz-Gruppe, die zu passenden Anl\u00e4ssen auftritt &#8211; heute im Garten des Sylter Heimatmuseums. Dort er\u00f6ffnet eine Ausstellung zur Geschichte der Sylter Tracht, die durch das Auffinden von fast 300 Jahre alten Trachtenpuppen in Halle a. d. Saale mit neuen Informationen zu der offenen Frage\u00a0der &#8222;urspr\u00fcnglichen&#8220; Sylter Tracht aufwarten kann. Der Tag ist usselig\u00a0und grau, es nieselt und regnet&hellip;<\/p>\n","protected":false},"author":2,"featured_media":1541,"comment_status":"open","ping_status":"open","sticky":false,"template":"","format":"standard","meta":{"footnotes":""},"categories":[27,39,28,32,3,35,2,30],"tags":[],"class_list":["post-1538","post","type-post","status-publish","format-standard","has-post-thumbnail","hentry","category-alle-bilder","category-arbeit","category-haeuser","category-keitum","category-menschen","category-schlechtes-wetter","category-tourismus","category-tradition"],"jetpack_featured_media_url":"https:\/\/jessel.de\/365-tage-sylt\/wp-content\/uploads\/2017\/06\/L1007803-Kopie.jpg","_links":{"self":[{"href":"https:\/\/jessel.de\/365-tage-sylt\/wp-json\/wp\/v2\/posts\/1538","targetHints":{"allow":["GET"]}}],"collection":[{"href":"https:\/\/jessel.de\/365-tage-sylt\/wp-json\/wp\/v2\/posts"}],"about":[{"href":"https:\/\/jessel.de\/365-tage-sylt\/wp-json\/wp\/v2\/types\/post"}],"author":[{"embeddable":true,"href":"https:\/\/jessel.de\/365-tage-sylt\/wp-json\/wp\/v2\/users\/2"}],"replies":[{"embeddable":true,"href":"https:\/\/jessel.de\/365-tage-sylt\/wp-json\/wp\/v2\/comments?post=1538"}],"version-history":[{"count":4,"href":"https:\/\/jessel.de\/365-tage-sylt\/wp-json\/wp\/v2\/posts\/1538\/revisions"}],"predecessor-version":[{"id":1549,"href":"https:\/\/jessel.de\/365-tage-sylt\/wp-json\/wp\/v2\/posts\/1538\/revisions\/1549"}],"wp:featuredmedia":[{"embeddable":true,"href":"https:\/\/jessel.de\/365-tage-sylt\/wp-json\/wp\/v2\/media\/1541"}],"wp:attachment":[{"href":"https:\/\/jessel.de\/365-tage-sylt\/wp-json\/wp\/v2\/media?parent=1538"}],"wp:term":[{"taxonomy":"category","embeddable":true,"href":"https:\/\/jessel.de\/365-tage-sylt\/wp-json\/wp\/v2\/categories?post=1538"},{"taxonomy":"post_tag","embeddable":true,"href":"https:\/\/jessel.de\/365-tage-sylt\/wp-json\/wp\/v2\/tags?post=1538"}],"curies":[{"name":"wp","href":"https:\/\/api.w.org\/{rel}","templated":true}]}}