{"id":15480,"date":"2023-09-06T03:40:00","date_gmt":"2023-09-06T03:40:00","guid":{"rendered":"https:\/\/jessel.de\/365-tage-sylt\/?p=15480"},"modified":"2023-09-06T07:46:49","modified_gmt":"2023-09-06T07:46:49","slug":"5-september-kondenzstreifen","status":"publish","type":"post","link":"https:\/\/jessel.de\/365-tage-sylt\/5-september-kondenzstreifen\/","title":{"rendered":"5. September: Die Sache mit den Kondenzstreifen"},"content":{"rendered":"<p>Nichts beeintr\u00e4chtigt meine Arbeit so sehr wie Kondenzstreifen am Himmel (und Peitschenlampen, aber von denen reden wir heute mal nicht). Der Normalb\u00fcrger nimmt diese in der Regel gar nicht mehr wahr, so allt\u00e4glich sind diese geworden. F\u00fcr mich als Landschaftsfotograf gibt es nahezu keine Chance, zu einem guten, raumgreifenden Foto zu kommen, wie es der heutige Morgen einmal mehr beweist. Schon beim \u00a0Sonnenaufgang zeigt sich die Malaise:<\/p>\n<p><img loading=\"lazy\" decoding=\"async\" class=\"alignnone size-full wp-image-15482\" src=\"https:\/\/jessel.de\/365-tage-sylt\/wp-content\/uploads\/2023\/09\/904F8428-CBC9-428F-8823-1442A321EC78.jpeg\" alt=\"\" width=\"1204\" height=\"800\" srcset=\"https:\/\/jessel.de\/365-tage-sylt\/wp-content\/uploads\/2023\/09\/904F8428-CBC9-428F-8823-1442A321EC78.jpeg 1204w, https:\/\/jessel.de\/365-tage-sylt\/wp-content\/uploads\/2023\/09\/904F8428-CBC9-428F-8823-1442A321EC78-300x199.jpeg 300w, https:\/\/jessel.de\/365-tage-sylt\/wp-content\/uploads\/2023\/09\/904F8428-CBC9-428F-8823-1442A321EC78-1024x680.jpeg 1024w, https:\/\/jessel.de\/365-tage-sylt\/wp-content\/uploads\/2023\/09\/904F8428-CBC9-428F-8823-1442A321EC78-768x510.jpeg 768w\" sizes=\"auto, (max-width: 1204px) 100vw, 1204px\" \/><\/p>\n<p>Kondenzstreifen entstehen bei der Abk\u00fchlung von Flugzeugabgasen. Insbesondere bei hoher Luftfeuchtigkeit (wie zur Zeit) lagern sich um die Staub- und Ru\u00dfpartikel Wassertropfchen an, die letztlich menschengemachtevCirruswolken entstehen lassen:<\/p>\n<p><img loading=\"lazy\" decoding=\"async\" class=\"alignnone size-full wp-image-15492\" src=\"https:\/\/jessel.de\/365-tage-sylt\/wp-content\/uploads\/2023\/09\/782E0B21-4FAA-4D9D-A75D-C9CD7F8B25C3.jpeg\" alt=\"\" width=\"1600\" height=\"800\" srcset=\"https:\/\/jessel.de\/365-tage-sylt\/wp-content\/uploads\/2023\/09\/782E0B21-4FAA-4D9D-A75D-C9CD7F8B25C3.jpeg 1600w, https:\/\/jessel.de\/365-tage-sylt\/wp-content\/uploads\/2023\/09\/782E0B21-4FAA-4D9D-A75D-C9CD7F8B25C3-300x150.jpeg 300w, https:\/\/jessel.de\/365-tage-sylt\/wp-content\/uploads\/2023\/09\/782E0B21-4FAA-4D9D-A75D-C9CD7F8B25C3-1024x512.jpeg 1024w, https:\/\/jessel.de\/365-tage-sylt\/wp-content\/uploads\/2023\/09\/782E0B21-4FAA-4D9D-A75D-C9CD7F8B25C3-768x384.jpeg 768w, https:\/\/jessel.de\/365-tage-sylt\/wp-content\/uploads\/2023\/09\/782E0B21-4FAA-4D9D-A75D-C9CD7F8B25C3-1536x768.jpeg 1536w\" sizes=\"auto, (max-width: 1600px) 100vw, 1600px\" \/><\/p>\n<p>Je sensibler das Motiv, desto katastrophaler die bildzerst\u00f6rende Wirkung der Kondenzstreifen. Hier ein wunderbares Motiv &#8211; f\u00fcr die M\u00fclltonne:<\/p>\n<p><img loading=\"lazy\" decoding=\"async\" class=\"alignnone size-full wp-image-15484\" src=\"https:\/\/jessel.de\/365-tage-sylt\/wp-content\/uploads\/2023\/09\/FF1F0F43-45D7-4268-8ABC-BEF9FDD4FE29.jpeg\" alt=\"\" width=\"1204\" height=\"800\" srcset=\"https:\/\/jessel.de\/365-tage-sylt\/wp-content\/uploads\/2023\/09\/FF1F0F43-45D7-4268-8ABC-BEF9FDD4FE29.jpeg 1204w, https:\/\/jessel.de\/365-tage-sylt\/wp-content\/uploads\/2023\/09\/FF1F0F43-45D7-4268-8ABC-BEF9FDD4FE29-300x199.jpeg 300w, https:\/\/jessel.de\/365-tage-sylt\/wp-content\/uploads\/2023\/09\/FF1F0F43-45D7-4268-8ABC-BEF9FDD4FE29-1024x680.jpeg 1024w, https:\/\/jessel.de\/365-tage-sylt\/wp-content\/uploads\/2023\/09\/FF1F0F43-45D7-4268-8ABC-BEF9FDD4FE29-768x510.jpeg 768w\" sizes=\"auto, (max-width: 1204px) 100vw, 1204px\" \/><\/p>\n<p>Nichts zu wollen, egal wohin ich schaue heute:<\/p>\n<p><img loading=\"lazy\" decoding=\"async\" class=\"alignnone size-full wp-image-15481\" src=\"https:\/\/jessel.de\/365-tage-sylt\/wp-content\/uploads\/2023\/09\/1CEB0968-17D4-4244-8D71-A93E40F32071.jpeg\" alt=\"\" width=\"1204\" height=\"800\" srcset=\"https:\/\/jessel.de\/365-tage-sylt\/wp-content\/uploads\/2023\/09\/1CEB0968-17D4-4244-8D71-A93E40F32071.jpeg 1204w, https:\/\/jessel.de\/365-tage-sylt\/wp-content\/uploads\/2023\/09\/1CEB0968-17D4-4244-8D71-A93E40F32071-300x199.jpeg 300w, https:\/\/jessel.de\/365-tage-sylt\/wp-content\/uploads\/2023\/09\/1CEB0968-17D4-4244-8D71-A93E40F32071-1024x680.jpeg 1024w, https:\/\/jessel.de\/365-tage-sylt\/wp-content\/uploads\/2023\/09\/1CEB0968-17D4-4244-8D71-A93E40F32071-768x510.jpeg 768w\" sizes=\"auto, (max-width: 1204px) 100vw, 1204px\" \/><\/p>\n<p>Einzige Chance, solange es sich nur um EINEN St\u00f6renfried handelt: Einen passenden Gegenstand (hier: Einen Baum) suchen, der den Kondensstreifen verdeckt:<\/p>\n<p><img loading=\"lazy\" decoding=\"async\" class=\"alignnone size-full wp-image-15485\" src=\"https:\/\/jessel.de\/365-tage-sylt\/wp-content\/uploads\/2023\/09\/38D4CAF9-5CF0-48DF-A804-E80DDF08A0FC.jpeg\" alt=\"\" width=\"1204\" height=\"800\" srcset=\"https:\/\/jessel.de\/365-tage-sylt\/wp-content\/uploads\/2023\/09\/38D4CAF9-5CF0-48DF-A804-E80DDF08A0FC.jpeg 1204w, https:\/\/jessel.de\/365-tage-sylt\/wp-content\/uploads\/2023\/09\/38D4CAF9-5CF0-48DF-A804-E80DDF08A0FC-300x199.jpeg 300w, https:\/\/jessel.de\/365-tage-sylt\/wp-content\/uploads\/2023\/09\/38D4CAF9-5CF0-48DF-A804-E80DDF08A0FC-1024x680.jpeg 1024w, https:\/\/jessel.de\/365-tage-sylt\/wp-content\/uploads\/2023\/09\/38D4CAF9-5CF0-48DF-A804-E80DDF08A0FC-768x510.jpeg 768w\" sizes=\"auto, (max-width: 1204px) 100vw, 1204px\" \/><\/p>\n<p>H\u00e4h\u00e4!<\/p>\n","protected":false},"excerpt":{"rendered":"<p>Nichts beeintr\u00e4chtigt meine Arbeit so sehr wie Kondenzstreifen am Himmel (und Peitschenlampen, aber von denen reden wir heute mal nicht). Der Normalb\u00fcrger nimmt diese in der Regel gar nicht mehr wahr, so allt\u00e4glich sind diese geworden. F\u00fcr mich als Landschaftsfotograf gibt es nahezu keine Chance, zu einem guten, raumgreifenden Foto zu kommen, wie es der heutige Morgen einmal mehr beweist. Schon beim \u00a0Sonnenaufgang zeigt sich die Malaise: Kondenzstreifen entstehen bei&hellip;<\/p>\n","protected":false},"author":2,"featured_media":15483,"comment_status":"open","ping_status":"open","sticky":false,"template":"","format":"standard","meta":{"footnotes":""},"categories":[27,39,35,46,4,29,7],"tags":[],"class_list":["post-15480","post","type-post","status-publish","format-standard","has-post-thumbnail","hentry","category-alle-bilder","category-arbeit","category-schlechtes-wetter","category-sommer","category-spuren","category-verkehr","category-westerland"],"jetpack_featured_media_url":"https:\/\/jessel.de\/365-tage-sylt\/wp-content\/uploads\/2023\/09\/963C9C8E-6109-4726-B641-5196E9B8592A.jpeg","_links":{"self":[{"href":"https:\/\/jessel.de\/365-tage-sylt\/wp-json\/wp\/v2\/posts\/15480","targetHints":{"allow":["GET"]}}],"collection":[{"href":"https:\/\/jessel.de\/365-tage-sylt\/wp-json\/wp\/v2\/posts"}],"about":[{"href":"https:\/\/jessel.de\/365-tage-sylt\/wp-json\/wp\/v2\/types\/post"}],"author":[{"embeddable":true,"href":"https:\/\/jessel.de\/365-tage-sylt\/wp-json\/wp\/v2\/users\/2"}],"replies":[{"embeddable":true,"href":"https:\/\/jessel.de\/365-tage-sylt\/wp-json\/wp\/v2\/comments?post=15480"}],"version-history":[{"count":7,"href":"https:\/\/jessel.de\/365-tage-sylt\/wp-json\/wp\/v2\/posts\/15480\/revisions"}],"predecessor-version":[{"id":15494,"href":"https:\/\/jessel.de\/365-tage-sylt\/wp-json\/wp\/v2\/posts\/15480\/revisions\/15494"}],"wp:featuredmedia":[{"embeddable":true,"href":"https:\/\/jessel.de\/365-tage-sylt\/wp-json\/wp\/v2\/media\/15483"}],"wp:attachment":[{"href":"https:\/\/jessel.de\/365-tage-sylt\/wp-json\/wp\/v2\/media?parent=15480"}],"wp:term":[{"taxonomy":"category","embeddable":true,"href":"https:\/\/jessel.de\/365-tage-sylt\/wp-json\/wp\/v2\/categories?post=15480"},{"taxonomy":"post_tag","embeddable":true,"href":"https:\/\/jessel.de\/365-tage-sylt\/wp-json\/wp\/v2\/tags?post=15480"}],"curies":[{"name":"wp","href":"https:\/\/api.w.org\/{rel}","templated":true}]}}