{"id":16136,"date":"2023-11-09T11:43:46","date_gmt":"2023-11-09T11:43:46","guid":{"rendered":"https:\/\/jessel.de\/365-tage-sylt\/?p=16136"},"modified":"2023-11-09T11:46:34","modified_gmt":"2023-11-09T11:46:34","slug":"9-november-ausstellungs-ankuendigung","status":"publish","type":"post","link":"https:\/\/jessel.de\/365-tage-sylt\/9-november-ausstellungs-ankuendigung\/","title":{"rendered":"9. November: Ausstellungs &#8211; Ank\u00fcndigung"},"content":{"rendered":"<p>Ich freue mich, jederzeit im Rahmen der \u00d6ffnungszeiten, \u00fcber Euren Besuch:<\/p>\n<p><img loading=\"lazy\" decoding=\"async\" class=\"size-full wp-image-16138\" src=\"https:\/\/jessel.de\/365-tage-sylt\/wp-content\/uploads\/2023\/11\/IMG_7793.jpeg\" alt=\"\" width=\"800\" height=\"800\" srcset=\"https:\/\/jessel.de\/365-tage-sylt\/wp-content\/uploads\/2023\/11\/IMG_7793.jpeg 800w, https:\/\/jessel.de\/365-tage-sylt\/wp-content\/uploads\/2023\/11\/IMG_7793-300x300.jpeg 300w, https:\/\/jessel.de\/365-tage-sylt\/wp-content\/uploads\/2023\/11\/IMG_7793-150x150.jpeg 150w, https:\/\/jessel.de\/365-tage-sylt\/wp-content\/uploads\/2023\/11\/IMG_7793-768x768.jpeg 768w\" sizes=\"auto, (max-width: 800px) 100vw, 800px\" \/><\/p>\n<p>Die \u201eOriginalg(!)otografien sind trotz meines Hinweises leider nicht mehr korrigiert worden.<\/p>\n","protected":false},"excerpt":{"rendered":"<p>Ich freue mich, jederzeit im Rahmen der \u00d6ffnungszeiten, \u00fcber Euren Besuch: Die \u201eOriginalg(!)otografien sind trotz meines Hinweises leider nicht mehr korrigiert worden.<\/p>\n","protected":false},"author":2,"featured_media":16137,"comment_status":"open","ping_status":"open","sticky":false,"template":"","format":"standard","meta":{"footnotes":""},"categories":[27,39,48,32,50,26,2,42,7],"tags":[],"class_list":["post-16136","post","type-post","status-publish","format-standard","has-post-thumbnail","hentry","category-alle-bilder","category-arbeit","category-herbst","category-keitum","category-munkmarsch","category-strand","category-tourismus","category-watt","category-westerland"],"jetpack_featured_media_url":"https:\/\/jessel.de\/365-tage-sylt\/wp-content\/uploads\/2023\/11\/IMG_7795.jpeg","_links":{"self":[{"href":"https:\/\/jessel.de\/365-tage-sylt\/wp-json\/wp\/v2\/posts\/16136","targetHints":{"allow":["GET"]}}],"collection":[{"href":"https:\/\/jessel.de\/365-tage-sylt\/wp-json\/wp\/v2\/posts"}],"about":[{"href":"https:\/\/jessel.de\/365-tage-sylt\/wp-json\/wp\/v2\/types\/post"}],"author":[{"embeddable":true,"href":"https:\/\/jessel.de\/365-tage-sylt\/wp-json\/wp\/v2\/users\/2"}],"replies":[{"embeddable":true,"href":"https:\/\/jessel.de\/365-tage-sylt\/wp-json\/wp\/v2\/comments?post=16136"}],"version-history":[{"count":3,"href":"https:\/\/jessel.de\/365-tage-sylt\/wp-json\/wp\/v2\/posts\/16136\/revisions"}],"predecessor-version":[{"id":16141,"href":"https:\/\/jessel.de\/365-tage-sylt\/wp-json\/wp\/v2\/posts\/16136\/revisions\/16141"}],"wp:featuredmedia":[{"embeddable":true,"href":"https:\/\/jessel.de\/365-tage-sylt\/wp-json\/wp\/v2\/media\/16137"}],"wp:attachment":[{"href":"https:\/\/jessel.de\/365-tage-sylt\/wp-json\/wp\/v2\/media?parent=16136"}],"wp:term":[{"taxonomy":"category","embeddable":true,"href":"https:\/\/jessel.de\/365-tage-sylt\/wp-json\/wp\/v2\/categories?post=16136"},{"taxonomy":"post_tag","embeddable":true,"href":"https:\/\/jessel.de\/365-tage-sylt\/wp-json\/wp\/v2\/tags?post=16136"}],"curies":[{"name":"wp","href":"https:\/\/api.w.org\/{rel}","templated":true}]}}