{"id":16142,"date":"2023-11-10T14:47:40","date_gmt":"2023-11-10T14:47:40","guid":{"rendered":"https:\/\/jessel.de\/365-tage-sylt\/?p=16142"},"modified":"2023-11-10T14:47:40","modified_gmt":"2023-11-10T14:47:40","slug":"10-november-kurze-wolkenjagd","status":"publish","type":"post","link":"https:\/\/jessel.de\/365-tage-sylt\/10-november-kurze-wolkenjagd\/","title":{"rendered":"10. November: Kurze Wolkenjagd"},"content":{"rendered":"<p>Es ist enorm, was in diesen Tagen an Regen herunterflutet. Gerade komme ich vom Strand zur\u00fcck, wo mich ein gro\u00dftropfiger Schauer erwischte, obwohl \u00fcber mir \u00fcberhaupt keine Wolke war\u2026<\/p>\n<p>Umso sch\u00f6ner der Blick auf die kilometerlange Schauergirlande vor der K\u00fcste, die abschnittsweise so schmal erschien, da\u00df sie den Durchblick auf entferntere, von der Sonne beschienene Cumuluswolken erm\u00f6glichte. Das gibt\u2019s auch nicht alle Tage.<\/p>\n","protected":false},"excerpt":{"rendered":"<p>Es ist enorm, was in diesen Tagen an Regen herunterflutet. Gerade komme ich vom Strand zur\u00fcck, wo mich ein gro\u00dftropfiger Schauer erwischte, obwohl \u00fcber mir \u00fcberhaupt keine Wolke war\u2026 Umso sch\u00f6ner der Blick auf die kilometerlange Schauergirlande vor der K\u00fcste, die abschnittsweise so schmal erschien, da\u00df sie den Durchblick auf entferntere, von der Sonne beschienene Cumuluswolken erm\u00f6glichte. Das gibt\u2019s auch nicht alle Tage.<\/p>\n","protected":false},"author":2,"featured_media":16143,"comment_status":"open","ping_status":"open","sticky":false,"template":"","format":"standard","meta":{"footnotes":""},"categories":[27,39,48,3,35,4,26,7],"tags":[],"class_list":["post-16142","post","type-post","status-publish","format-standard","has-post-thumbnail","hentry","category-alle-bilder","category-arbeit","category-herbst","category-menschen","category-schlechtes-wetter","category-spuren","category-strand","category-westerland"],"jetpack_featured_media_url":"https:\/\/jessel.de\/365-tage-sylt\/wp-content\/uploads\/2023\/11\/IMG_7797.jpeg","_links":{"self":[{"href":"https:\/\/jessel.de\/365-tage-sylt\/wp-json\/wp\/v2\/posts\/16142","targetHints":{"allow":["GET"]}}],"collection":[{"href":"https:\/\/jessel.de\/365-tage-sylt\/wp-json\/wp\/v2\/posts"}],"about":[{"href":"https:\/\/jessel.de\/365-tage-sylt\/wp-json\/wp\/v2\/types\/post"}],"author":[{"embeddable":true,"href":"https:\/\/jessel.de\/365-tage-sylt\/wp-json\/wp\/v2\/users\/2"}],"replies":[{"embeddable":true,"href":"https:\/\/jessel.de\/365-tage-sylt\/wp-json\/wp\/v2\/comments?post=16142"}],"version-history":[{"count":1,"href":"https:\/\/jessel.de\/365-tage-sylt\/wp-json\/wp\/v2\/posts\/16142\/revisions"}],"predecessor-version":[{"id":16144,"href":"https:\/\/jessel.de\/365-tage-sylt\/wp-json\/wp\/v2\/posts\/16142\/revisions\/16144"}],"wp:featuredmedia":[{"embeddable":true,"href":"https:\/\/jessel.de\/365-tage-sylt\/wp-json\/wp\/v2\/media\/16143"}],"wp:attachment":[{"href":"https:\/\/jessel.de\/365-tage-sylt\/wp-json\/wp\/v2\/media?parent=16142"}],"wp:term":[{"taxonomy":"category","embeddable":true,"href":"https:\/\/jessel.de\/365-tage-sylt\/wp-json\/wp\/v2\/categories?post=16142"},{"taxonomy":"post_tag","embeddable":true,"href":"https:\/\/jessel.de\/365-tage-sylt\/wp-json\/wp\/v2\/tags?post=16142"}],"curies":[{"name":"wp","href":"https:\/\/api.w.org\/{rel}","templated":true}]}}