{"id":16145,"date":"2023-11-11T16:44:23","date_gmt":"2023-11-11T16:44:23","guid":{"rendered":"https:\/\/jessel.de\/365-tage-sylt\/?p=16145"},"modified":"2023-11-11T16:51:32","modified_gmt":"2023-11-11T16:51:32","slug":"11-november-kein-tag-wie-jeder-andere-zur-zeit","status":"publish","type":"post","link":"https:\/\/jessel.de\/365-tage-sylt\/11-november-kein-tag-wie-jeder-andere-zur-zeit\/","title":{"rendered":"11. November: Kein Tag wie jeder andere (\u2026 zur Zeit)"},"content":{"rendered":"<p>Als ich um 6:30 Uhr in meinem Ausguck stehe und in die &#8211; noch fast stockfinstere &#8211; Runde schaue, sehe ich in ein friedliches Ambiente, wie ich es schon gef\u00fchlte Monate nicht mehr erleben durfte &#8211; fast unglaubhaft: Kaum ein Hauch Wind, harmlose Wolken ohne Schauerneigung, ein glitzerndes Firmament mit viiieeelen Sternen &#8211; und eine gaaanz wunderbare Ruhe: Keine Autos, keine Rollkoffer, nur ein Radfahrer huscht fast unbemerkt auf der Stra\u00dfe vorbei.<\/p>\n<p>Seid Wochen meine erste Fr\u00fchexkursion, und ich entscheide mich f\u00fcr eine Fahrt gen Norden, weil &#8211; ja weil es noch ein klitzekleines Problem gibt, und das sind die Wolken \u00fcber dem Festland, die zumindest im n\u00f6rdlichen Teil der Insel nicht ganz so aufgepludert erscheinen wie im Osten Westerlands und weiter s\u00fcdlich.<\/p>\n<p>Auf H\u00f6he des Kampener Leuchtturms (siehe heutiger Titel) muss ich allerdings erkennen, da\u00df sich die Festlandsbew\u00f6lkung ebenfalls entschieden hat, gen Norden zu ziehen und dar\u00fcber hinaus mit der mittlerweile aufgegangenen Sonne emporzusteigen scheint\u2026:<\/p>\n<p><img loading=\"lazy\" decoding=\"async\" class=\"alignnone size-full wp-image-16148\" src=\"https:\/\/jessel.de\/365-tage-sylt\/wp-content\/uploads\/2023\/11\/IMG_7800.jpeg\" alt=\"\" width=\"1204\" height=\"800\" srcset=\"https:\/\/jessel.de\/365-tage-sylt\/wp-content\/uploads\/2023\/11\/IMG_7800.jpeg 1204w, https:\/\/jessel.de\/365-tage-sylt\/wp-content\/uploads\/2023\/11\/IMG_7800-300x199.jpeg 300w, https:\/\/jessel.de\/365-tage-sylt\/wp-content\/uploads\/2023\/11\/IMG_7800-1024x680.jpeg 1024w, https:\/\/jessel.de\/365-tage-sylt\/wp-content\/uploads\/2023\/11\/IMG_7800-768x510.jpeg 768w\" sizes=\"auto, (max-width: 1204px) 100vw, 1204px\" \/><\/p>\n<p>\u2026 weshalb ich in die Warteschleife gehe und das Leuchtturm-Gel\u00e4nde einmal umradel:<\/p>\n<p><img loading=\"lazy\" decoding=\"async\" class=\"alignnone size-full wp-image-16147\" src=\"https:\/\/jessel.de\/365-tage-sylt\/wp-content\/uploads\/2023\/11\/IMG_7801.jpeg\" alt=\"\" width=\"1500\" height=\"582\" srcset=\"https:\/\/jessel.de\/365-tage-sylt\/wp-content\/uploads\/2023\/11\/IMG_7801.jpeg 1500w, https:\/\/jessel.de\/365-tage-sylt\/wp-content\/uploads\/2023\/11\/IMG_7801-300x116.jpeg 300w, https:\/\/jessel.de\/365-tage-sylt\/wp-content\/uploads\/2023\/11\/IMG_7801-1024x397.jpeg 1024w, https:\/\/jessel.de\/365-tage-sylt\/wp-content\/uploads\/2023\/11\/IMG_7801-768x298.jpeg 768w\" sizes=\"auto, (max-width: 1500px) 100vw, 1500px\" \/><\/p>\n<p>Allerdings zaubert auch dieser Schachzug die Sonne nicht hervor. Ganz im Gegenteil: Als diese &#8211; eigentlich &#8211; \u00fcber das dunkle Horizontgew\u00f6lk hinwegstrahlen soll, hat sich eine hohe Cirrusbew\u00f6lkung \u00fcber die Szenerie gelegt, die nun wohl endg\u00fcltig meinen Fotomorgen ad absurdum f\u00fchrt:<\/p>\n<p><img loading=\"lazy\" decoding=\"async\" class=\"alignnone size-full wp-image-16146\" src=\"https:\/\/jessel.de\/365-tage-sylt\/wp-content\/uploads\/2023\/11\/IMG_7802.jpeg\" alt=\"\" width=\"1204\" height=\"800\" srcset=\"https:\/\/jessel.de\/365-tage-sylt\/wp-content\/uploads\/2023\/11\/IMG_7802.jpeg 1204w, https:\/\/jessel.de\/365-tage-sylt\/wp-content\/uploads\/2023\/11\/IMG_7802-300x199.jpeg 300w, https:\/\/jessel.de\/365-tage-sylt\/wp-content\/uploads\/2023\/11\/IMG_7802-1024x680.jpeg 1024w, https:\/\/jessel.de\/365-tage-sylt\/wp-content\/uploads\/2023\/11\/IMG_7802-768x510.jpeg 768w\" sizes=\"auto, (max-width: 1204px) 100vw, 1204px\" \/><\/p>\n<p>In meiner meistge\u00fcbten Eigenschaft als unverbesserlicher Optimist beobachte ich das ganze Geschehen zwar noch weiter, gebe mich aber &#8211; beim Blick \u00fcber das Watt vor Keitum &#8211; dann doch geschlagen:<\/p>\n<p><img loading=\"lazy\" decoding=\"async\" class=\"alignnone size-full wp-image-16150\" src=\"https:\/\/jessel.de\/365-tage-sylt\/wp-content\/uploads\/2023\/11\/IMG_7798.jpeg\" alt=\"\" width=\"1204\" height=\"800\" srcset=\"https:\/\/jessel.de\/365-tage-sylt\/wp-content\/uploads\/2023\/11\/IMG_7798.jpeg 1204w, https:\/\/jessel.de\/365-tage-sylt\/wp-content\/uploads\/2023\/11\/IMG_7798-300x199.jpeg 300w, https:\/\/jessel.de\/365-tage-sylt\/wp-content\/uploads\/2023\/11\/IMG_7798-1024x680.jpeg 1024w, https:\/\/jessel.de\/365-tage-sylt\/wp-content\/uploads\/2023\/11\/IMG_7798-768x510.jpeg 768w\" sizes=\"auto, (max-width: 1204px) 100vw, 1204px\" \/><\/p>\n<p>Die Fernsicht schrumpft betr\u00e4chtlich, und die Sonne verabschiedet sich bald in G\u00e4nze hinter undurchsichtigem Gew\u00f6lk, so da\u00df ich lieber zur\u00fcckfahre und mich erfreulicheren Dingen zuwende: Dem Fr\u00fchst\u00fcck n\u00e4mlich und dem anschlie\u00dfenden Sportprogramm.<\/p>\n","protected":false},"excerpt":{"rendered":"<p>Als ich um 6:30 Uhr in meinem Ausguck stehe und in die &#8211; noch fast stockfinstere &#8211; Runde schaue, sehe ich in ein friedliches Ambiente, wie ich es schon gef\u00fchlte Monate nicht mehr erleben durfte &#8211; fast unglaubhaft: Kaum ein Hauch Wind, harmlose Wolken ohne Schauerneigung, ein glitzerndes Firmament mit viiieeelen Sternen &#8211; und eine gaaanz wunderbare Ruhe: Keine Autos, keine Rollkoffer, nur ein Radfahrer huscht fast unbemerkt auf der&hellip;<\/p>\n","protected":false},"author":2,"featured_media":16149,"comment_status":"open","ping_status":"open","sticky":false,"template":"","format":"standard","meta":{"footnotes":""},"categories":[27,39,48,25,44,29],"tags":[],"class_list":["post-16145","post","type-post","status-publish","format-standard","has-post-thumbnail","hentry","category-alle-bilder","category-arbeit","category-herbst","category-kampen","category-pflanzen","category-verkehr"],"jetpack_featured_media_url":"https:\/\/jessel.de\/365-tage-sylt\/wp-content\/uploads\/2023\/11\/IMG_7799.jpeg","_links":{"self":[{"href":"https:\/\/jessel.de\/365-tage-sylt\/wp-json\/wp\/v2\/posts\/16145","targetHints":{"allow":["GET"]}}],"collection":[{"href":"https:\/\/jessel.de\/365-tage-sylt\/wp-json\/wp\/v2\/posts"}],"about":[{"href":"https:\/\/jessel.de\/365-tage-sylt\/wp-json\/wp\/v2\/types\/post"}],"author":[{"embeddable":true,"href":"https:\/\/jessel.de\/365-tage-sylt\/wp-json\/wp\/v2\/users\/2"}],"replies":[{"embeddable":true,"href":"https:\/\/jessel.de\/365-tage-sylt\/wp-json\/wp\/v2\/comments?post=16145"}],"version-history":[{"count":4,"href":"https:\/\/jessel.de\/365-tage-sylt\/wp-json\/wp\/v2\/posts\/16145\/revisions"}],"predecessor-version":[{"id":16154,"href":"https:\/\/jessel.de\/365-tage-sylt\/wp-json\/wp\/v2\/posts\/16145\/revisions\/16154"}],"wp:featuredmedia":[{"embeddable":true,"href":"https:\/\/jessel.de\/365-tage-sylt\/wp-json\/wp\/v2\/media\/16149"}],"wp:attachment":[{"href":"https:\/\/jessel.de\/365-tage-sylt\/wp-json\/wp\/v2\/media?parent=16145"}],"wp:term":[{"taxonomy":"category","embeddable":true,"href":"https:\/\/jessel.de\/365-tage-sylt\/wp-json\/wp\/v2\/categories?post=16145"},{"taxonomy":"post_tag","embeddable":true,"href":"https:\/\/jessel.de\/365-tage-sylt\/wp-json\/wp\/v2\/tags?post=16145"}],"curies":[{"name":"wp","href":"https:\/\/api.w.org\/{rel}","templated":true}]}}