{"id":16166,"date":"2023-11-14T16:34:39","date_gmt":"2023-11-14T16:34:39","guid":{"rendered":"https:\/\/jessel.de\/365-tage-sylt\/?p=16166"},"modified":"2023-11-14T16:34:39","modified_gmt":"2023-11-14T16:34:39","slug":"13-november-ach-hamburg","status":"publish","type":"post","link":"https:\/\/jessel.de\/365-tage-sylt\/13-november-ach-hamburg\/","title":{"rendered":"13. November: \u201eAch Hamburg\u2026\u201c,\u2026"},"content":{"rendered":"<p>\u201e\u2026 Du gef\u00e4llst mir schon sehr! Und solch\u2018 ein sonniger Novembermorgen beginnt am besten in den charmanten Stra\u00dfen von Ottensen (heutiger Titel), dann den Elbhang hinunter zu den Landungsbr\u00fccken mit Blick auf den Hafen und die qualmende Industrielandschaft s\u00fcdlich der Elbe:<\/p>\n<p><img loading=\"lazy\" decoding=\"async\" class=\"alignnone size-full wp-image-16169\" src=\"https:\/\/jessel.de\/365-tage-sylt\/wp-content\/uploads\/2023\/11\/IMG_7823.jpeg\" alt=\"\" width=\"1100\" height=\"800\" srcset=\"https:\/\/jessel.de\/365-tage-sylt\/wp-content\/uploads\/2023\/11\/IMG_7823.jpeg 1100w, https:\/\/jessel.de\/365-tage-sylt\/wp-content\/uploads\/2023\/11\/IMG_7823-300x218.jpeg 300w, https:\/\/jessel.de\/365-tage-sylt\/wp-content\/uploads\/2023\/11\/IMG_7823-1024x745.jpeg 1024w, https:\/\/jessel.de\/365-tage-sylt\/wp-content\/uploads\/2023\/11\/IMG_7823-768x559.jpeg 768w\" sizes=\"auto, (max-width: 1100px) 100vw, 1100px\" \/><\/p>\n<p>Nur noch ein kurzer Weg ist\u2019s bis zum Portugiesen, wo ich &#8211; grunds\u00e4tzlich um diese Uhrzeit &#8211; einen \u201eCaf\u00e9 com Leite\u201c und einen \u201eTosta mixta\u201c bestelle. Letzterer besteht aus zwei Scheiben Toastbrot, mit K\u00e4se und Kochschinken belegt, die in einer Art Waffeleisen gepresst und \u201egetoastet\u201c werden. Und die salzige Butter zerschmilzt dann oben drauf\u2026. DAS ist Urlaub!<\/p>\n<p>Weitere gro\u00dfst\u00e4dtisch-kulinarische Verf\u00fchrungen prallen im Anschluss an mir ab:<\/p>\n<p><img loading=\"lazy\" decoding=\"async\" class=\"alignnone size-full wp-image-16171\" src=\"https:\/\/jessel.de\/365-tage-sylt\/wp-content\/uploads\/2023\/11\/IMG_7821.jpeg\" alt=\"\" width=\"800\" height=\"1100\" srcset=\"https:\/\/jessel.de\/365-tage-sylt\/wp-content\/uploads\/2023\/11\/IMG_7821.jpeg 800w, https:\/\/jessel.de\/365-tage-sylt\/wp-content\/uploads\/2023\/11\/IMG_7821-218x300.jpeg 218w, https:\/\/jessel.de\/365-tage-sylt\/wp-content\/uploads\/2023\/11\/IMG_7821-745x1024.jpeg 745w, https:\/\/jessel.de\/365-tage-sylt\/wp-content\/uploads\/2023\/11\/IMG_7821-768x1056.jpeg 768w\" sizes=\"auto, (max-width: 800px) 100vw, 800px\" \/><\/p>\n<p>Nach dieser Elbenahen Sightseeing-Runde geht\u2019s zum Bahnhof und zur\u00fcck nach Sylt:<\/p>\n<p><img loading=\"lazy\" decoding=\"async\" class=\"alignnone size-full wp-image-16167\" src=\"https:\/\/jessel.de\/365-tage-sylt\/wp-content\/uploads\/2023\/11\/IMG_7825.jpeg\" alt=\"\" width=\"1100\" height=\"800\" srcset=\"https:\/\/jessel.de\/365-tage-sylt\/wp-content\/uploads\/2023\/11\/IMG_7825.jpeg 1100w, https:\/\/jessel.de\/365-tage-sylt\/wp-content\/uploads\/2023\/11\/IMG_7825-300x218.jpeg 300w, https:\/\/jessel.de\/365-tage-sylt\/wp-content\/uploads\/2023\/11\/IMG_7825-1024x745.jpeg 1024w, https:\/\/jessel.de\/365-tage-sylt\/wp-content\/uploads\/2023\/11\/IMG_7825-768x559.jpeg 768w\" sizes=\"auto, (max-width: 1100px) 100vw, 1100px\" \/><\/p>\n<p>Dass diese Tour von Altona nach Westerland mich 7 (sieben!) Stunden kosten wird, wei\u00df ich zu diesem Zeitpunkt gl\u00fccklicherweise noch nicht.<\/p>\n<p>&nbsp;<\/p>\n","protected":false},"excerpt":{"rendered":"<p>\u201e\u2026 Du gef\u00e4llst mir schon sehr! Und solch\u2018 ein sonniger Novembermorgen beginnt am besten in den charmanten Stra\u00dfen von Ottensen (heutiger Titel), dann den Elbhang hinunter zu den Landungsbr\u00fccken mit Blick auf den Hafen und die qualmende Industrielandschaft s\u00fcdlich der Elbe: Nur noch ein kurzer Weg ist\u2019s bis zum Portugiesen, wo ich &#8211; grunds\u00e4tzlich um diese Uhrzeit &#8211; einen \u201eCaf\u00e9 com Leite\u201c und einen \u201eTosta mixta\u201c bestelle. Letzterer besteht aus&hellip;<\/p>\n","protected":false},"author":2,"featured_media":16170,"comment_status":"open","ping_status":"open","sticky":false,"template":"","format":"standard","meta":{"footnotes":""},"categories":[27,39,28,48,3,44,30,29,33],"tags":[],"class_list":["post-16166","post","type-post","status-publish","format-standard","has-post-thumbnail","hentry","category-alle-bilder","category-arbeit","category-haeuser","category-herbst","category-menschen","category-pflanzen","category-tradition","category-verkehr","category-woanders"],"jetpack_featured_media_url":"https:\/\/jessel.de\/365-tage-sylt\/wp-content\/uploads\/2023\/11\/IMG_7822.jpeg","_links":{"self":[{"href":"https:\/\/jessel.de\/365-tage-sylt\/wp-json\/wp\/v2\/posts\/16166","targetHints":{"allow":["GET"]}}],"collection":[{"href":"https:\/\/jessel.de\/365-tage-sylt\/wp-json\/wp\/v2\/posts"}],"about":[{"href":"https:\/\/jessel.de\/365-tage-sylt\/wp-json\/wp\/v2\/types\/post"}],"author":[{"embeddable":true,"href":"https:\/\/jessel.de\/365-tage-sylt\/wp-json\/wp\/v2\/users\/2"}],"replies":[{"embeddable":true,"href":"https:\/\/jessel.de\/365-tage-sylt\/wp-json\/wp\/v2\/comments?post=16166"}],"version-history":[{"count":1,"href":"https:\/\/jessel.de\/365-tage-sylt\/wp-json\/wp\/v2\/posts\/16166\/revisions"}],"predecessor-version":[{"id":16172,"href":"https:\/\/jessel.de\/365-tage-sylt\/wp-json\/wp\/v2\/posts\/16166\/revisions\/16172"}],"wp:featuredmedia":[{"embeddable":true,"href":"https:\/\/jessel.de\/365-tage-sylt\/wp-json\/wp\/v2\/media\/16170"}],"wp:attachment":[{"href":"https:\/\/jessel.de\/365-tage-sylt\/wp-json\/wp\/v2\/media?parent=16166"}],"wp:term":[{"taxonomy":"category","embeddable":true,"href":"https:\/\/jessel.de\/365-tage-sylt\/wp-json\/wp\/v2\/categories?post=16166"},{"taxonomy":"post_tag","embeddable":true,"href":"https:\/\/jessel.de\/365-tage-sylt\/wp-json\/wp\/v2\/tags?post=16166"}],"curies":[{"name":"wp","href":"https:\/\/api.w.org\/{rel}","templated":true}]}}