{"id":16173,"date":"2023-11-15T14:56:42","date_gmt":"2023-11-15T14:56:42","guid":{"rendered":"https:\/\/jessel.de\/365-tage-sylt\/?p=16173"},"modified":"2023-11-15T14:56:42","modified_gmt":"2023-11-15T14:56:42","slug":"14-15-november-ausstellungsaufbau-in-der-alten-post","status":"publish","type":"post","link":"https:\/\/jessel.de\/365-tage-sylt\/14-15-november-ausstellungsaufbau-in-der-alten-post\/","title":{"rendered":"14.\/15. November: Ausstellungsaufbau in der \u201eAlten Post\u201c"},"content":{"rendered":"<p>Gestern Abend kommt mein Kalenderverleger Frank Rosemann mit seinem Lieferwagen vorbei, um meine gro\u00dfformatigen und ziemlich schweren Ausstellungsfotos zur Galerie zu fahren. Immerhin ist dieses Thema damit schon mal abgeschlossen\u2026<\/p>\n<p>Heute fr\u00fch lege ich um 6 Uhr eine Fr\u00fchschicht ein, um die Bilder zu entpacken und ihrer Position zuzuordnen, ab 10 Uhr ist dann die eigentliche H\u00e4ngung vorgesehen. Mal abgesehen davon, da\u00df sich eine der Aufh\u00e4ngungsleisten aus heiterem Himmel l\u00f6st und mir ein 10 Kilo-Bild (geglast) vor den F\u00fc\u00dfen zerschellt, l\u00e4uft alles ziemlich reibungslos.<\/p>\n<p>Am heutigen Nachmittag steht dann nur noch das Preislisten-Design an, womit es nun endlich losgehen kann. Ich freue mich auf Euren Besuch, morgen ist die Stadtgalerie von 11 &#8211; 13 und 14 &#8211; 17 Uhr ge\u00f6ffnet, die eigentliche Er\u00f6ffnung findet dann abends um 18 Uhr statt. Die Weingl\u00e4ser stehen bereits im Vorraum\u2026 \ud83d\ude09<\/p>\n<p>Tats\u00e4chlich fand Frank noch alle(!) zwanzig Panoramakalender, die wir bislang produziert haben. Diese k\u00f6nnen vom Publikum direkt an den Stellw\u00e4nden durchgebl\u00e4ttert werden. Eingerahmt werden diese von insgesamt 9 (Neun) meiner Original-Fotografien, die aus verschiedenen Epochen meiner Arbeit stammen und von der Pr\u00e4sentation sehr unterschiedlich wirken: Neben Holzrahmungen mit und ohne Passepartouts zeige ich rahmenlose Kaschierungen auf Alu Dibond, die besonders unter mattem Acrylglas richtig schick aussehen.<\/p>\n<p>Letztlich habe ich nat\u00fcrlich einige Exemplare meines neuen Sylt-Bildbands dabei\u2026<\/p>\n<p>&nbsp;<\/p>\n<p>&nbsp;<\/p>\n","protected":false},"excerpt":{"rendered":"<p>Gestern Abend kommt mein Kalenderverleger Frank Rosemann mit seinem Lieferwagen vorbei, um meine gro\u00dfformatigen und ziemlich schweren Ausstellungsfotos zur Galerie zu fahren. Immerhin ist dieses Thema damit schon mal abgeschlossen\u2026 Heute fr\u00fch lege ich um 6 Uhr eine Fr\u00fchschicht ein, um die Bilder zu entpacken und ihrer Position zuzuordnen, ab 10 Uhr ist dann die eigentliche H\u00e4ngung vorgesehen. Mal abgesehen davon, da\u00df sich eine der Aufh\u00e4ngungsleisten aus heiterem Himmel l\u00f6st&hellip;<\/p>\n","protected":false},"author":2,"featured_media":16174,"comment_status":"open","ping_status":"open","sticky":false,"template":"","format":"standard","meta":{"footnotes":""},"categories":[27,39,28,48,3,7],"tags":[],"class_list":["post-16173","post","type-post","status-publish","format-standard","has-post-thumbnail","hentry","category-alle-bilder","category-arbeit","category-haeuser","category-herbst","category-menschen","category-westerland"],"jetpack_featured_media_url":"https:\/\/jessel.de\/365-tage-sylt\/wp-content\/uploads\/2023\/11\/IMG_7827.jpeg","_links":{"self":[{"href":"https:\/\/jessel.de\/365-tage-sylt\/wp-json\/wp\/v2\/posts\/16173","targetHints":{"allow":["GET"]}}],"collection":[{"href":"https:\/\/jessel.de\/365-tage-sylt\/wp-json\/wp\/v2\/posts"}],"about":[{"href":"https:\/\/jessel.de\/365-tage-sylt\/wp-json\/wp\/v2\/types\/post"}],"author":[{"embeddable":true,"href":"https:\/\/jessel.de\/365-tage-sylt\/wp-json\/wp\/v2\/users\/2"}],"replies":[{"embeddable":true,"href":"https:\/\/jessel.de\/365-tage-sylt\/wp-json\/wp\/v2\/comments?post=16173"}],"version-history":[{"count":2,"href":"https:\/\/jessel.de\/365-tage-sylt\/wp-json\/wp\/v2\/posts\/16173\/revisions"}],"predecessor-version":[{"id":16176,"href":"https:\/\/jessel.de\/365-tage-sylt\/wp-json\/wp\/v2\/posts\/16173\/revisions\/16176"}],"wp:featuredmedia":[{"embeddable":true,"href":"https:\/\/jessel.de\/365-tage-sylt\/wp-json\/wp\/v2\/media\/16174"}],"wp:attachment":[{"href":"https:\/\/jessel.de\/365-tage-sylt\/wp-json\/wp\/v2\/media?parent=16173"}],"wp:term":[{"taxonomy":"category","embeddable":true,"href":"https:\/\/jessel.de\/365-tage-sylt\/wp-json\/wp\/v2\/categories?post=16173"},{"taxonomy":"post_tag","embeddable":true,"href":"https:\/\/jessel.de\/365-tage-sylt\/wp-json\/wp\/v2\/tags?post=16173"}],"curies":[{"name":"wp","href":"https:\/\/api.w.org\/{rel}","templated":true}]}}