{"id":16178,"date":"2023-11-16T20:09:14","date_gmt":"2023-11-16T20:09:14","guid":{"rendered":"https:\/\/jessel.de\/365-tage-sylt\/?p=16178"},"modified":"2023-11-17T13:14:39","modified_gmt":"2023-11-17T13:14:39","slug":"16-november-ausstellungseroeffnung-mit-live-musik","status":"publish","type":"post","link":"https:\/\/jessel.de\/365-tage-sylt\/16-november-ausstellungseroeffnung-mit-live-musik\/","title":{"rendered":"16. November: Ausstellungser\u00f6ffnung mit Live Musik\u2026"},"content":{"rendered":"<p>\u2026 von meinem Verleger Frank Rosemann. Tolle Stimmung, alle wollen eine Finissage mit Abschlusskonzert.<\/p>\n<p>Aber beginnen wir mit dem Aufbau. Kaum haben wir die H\u00e4ngung der Bilder absolviert, zieht Frank noch die 50er Jahre Wohnzimmergarnitur aus dem Lieferwagen (hier noch ohne T\u00fctchenlampe)\u2026:<\/p>\n<p><img loading=\"lazy\" decoding=\"async\" class=\"alignnone size-full wp-image-16185\" src=\"https:\/\/jessel.de\/365-tage-sylt\/wp-content\/uploads\/2023\/11\/IMG_7838.jpeg\" alt=\"\" width=\"1100\" height=\"800\" srcset=\"https:\/\/jessel.de\/365-tage-sylt\/wp-content\/uploads\/2023\/11\/IMG_7838.jpeg 1100w, https:\/\/jessel.de\/365-tage-sylt\/wp-content\/uploads\/2023\/11\/IMG_7838-300x218.jpeg 300w, https:\/\/jessel.de\/365-tage-sylt\/wp-content\/uploads\/2023\/11\/IMG_7838-1024x745.jpeg 1024w, https:\/\/jessel.de\/365-tage-sylt\/wp-content\/uploads\/2023\/11\/IMG_7838-768x559.jpeg 768w\" sizes=\"auto, (max-width: 1100px) 100vw, 1100px\" \/><\/p>\n<p>\u2026 und schooon steht Franks Privatsekret\u00e4rin Maike mit dem dazu passenden Kaffee in der Galerie:<\/p>\n<p><img loading=\"lazy\" decoding=\"async\" class=\"alignnone size-full wp-image-16186\" src=\"https:\/\/jessel.de\/365-tage-sylt\/wp-content\/uploads\/2023\/11\/IMG_7837.jpeg\" alt=\"\" width=\"1100\" height=\"800\" srcset=\"https:\/\/jessel.de\/365-tage-sylt\/wp-content\/uploads\/2023\/11\/IMG_7837.jpeg 1100w, https:\/\/jessel.de\/365-tage-sylt\/wp-content\/uploads\/2023\/11\/IMG_7837-300x218.jpeg 300w, https:\/\/jessel.de\/365-tage-sylt\/wp-content\/uploads\/2023\/11\/IMG_7837-1024x745.jpeg 1024w, https:\/\/jessel.de\/365-tage-sylt\/wp-content\/uploads\/2023\/11\/IMG_7837-768x559.jpeg 768w\" sizes=\"auto, (max-width: 1100px) 100vw, 1100px\" \/><\/p>\n<p>Die Er\u00f6ffnung beginnt mit einer Begr\u00fc\u00dfung von Petra Nies (links am Bildrand), der 1. Vorsitzenden der Sylter Kunstfreunde, dann \u00fcbernehme ich das Zepter\u2026:<\/p>\n<p><img loading=\"lazy\" decoding=\"async\" class=\"alignnone size-full wp-image-16183\" src=\"https:\/\/jessel.de\/365-tage-sylt\/wp-content\/uploads\/2023\/11\/IMG-20231117-WA0001_edit_229845642111801.jpeg\" alt=\"\" width=\"977\" height=\"733\" srcset=\"https:\/\/jessel.de\/365-tage-sylt\/wp-content\/uploads\/2023\/11\/IMG-20231117-WA0001_edit_229845642111801.jpeg 977w, https:\/\/jessel.de\/365-tage-sylt\/wp-content\/uploads\/2023\/11\/IMG-20231117-WA0001_edit_229845642111801-300x225.jpeg 300w, https:\/\/jessel.de\/365-tage-sylt\/wp-content\/uploads\/2023\/11\/IMG-20231117-WA0001_edit_229845642111801-768x576.jpeg 768w\" sizes=\"auto, (max-width: 977px) 100vw, 977px\" \/>Foto: Margarete Melbye<\/p>\n<p>\u2026 und versuche, das zahlreich angetretene Publikum zum Bleiben zu animieren, was auch funktioniert, wie ich diesem im G\u00e4stebuch hinterlassenen Manifest anschlie\u00dfend entnehmen darf:<\/p>\n<p><img loading=\"lazy\" decoding=\"async\" class=\"size-full wp-image-16184\" src=\"https:\/\/jessel.de\/365-tage-sylt\/wp-content\/uploads\/2023\/11\/IMG_7839.jpeg\" alt=\"\" width=\"800\" height=\"1100\" srcset=\"https:\/\/jessel.de\/365-tage-sylt\/wp-content\/uploads\/2023\/11\/IMG_7839.jpeg 800w, https:\/\/jessel.de\/365-tage-sylt\/wp-content\/uploads\/2023\/11\/IMG_7839-218x300.jpeg 218w, https:\/\/jessel.de\/365-tage-sylt\/wp-content\/uploads\/2023\/11\/IMG_7839-745x1024.jpeg 745w, https:\/\/jessel.de\/365-tage-sylt\/wp-content\/uploads\/2023\/11\/IMG_7839-768x1056.jpeg 768w\" sizes=\"auto, (max-width: 800px) 100vw, 800px\" \/><\/p>\n<p>Tja, das war\u2019s soweit vom ersten Tag.<\/p>\n","protected":false},"excerpt":{"rendered":"<p>\u2026 von meinem Verleger Frank Rosemann. Tolle Stimmung, alle wollen eine Finissage mit Abschlusskonzert. Aber beginnen wir mit dem Aufbau. Kaum haben wir die H\u00e4ngung der Bilder absolviert, zieht Frank noch die 50er Jahre Wohnzimmergarnitur aus dem Lieferwagen (hier noch ohne T\u00fctchenlampe)\u2026: \u2026 und schooon steht Franks Privatsekret\u00e4rin Maike mit dem dazu passenden Kaffee in der Galerie: Die Er\u00f6ffnung beginnt mit einer Begr\u00fc\u00dfung von Petra Nies (links am Bildrand), der&hellip;<\/p>\n","protected":false},"author":2,"featured_media":16179,"comment_status":"open","ping_status":"open","sticky":false,"template":"","format":"standard","meta":{"footnotes":""},"categories":[27,39,28,48,3,7],"tags":[],"class_list":["post-16178","post","type-post","status-publish","format-standard","has-post-thumbnail","hentry","category-alle-bilder","category-arbeit","category-haeuser","category-herbst","category-menschen","category-westerland"],"jetpack_featured_media_url":"https:\/\/jessel.de\/365-tage-sylt\/wp-content\/uploads\/2023\/11\/IMG_7831.jpeg","_links":{"self":[{"href":"https:\/\/jessel.de\/365-tage-sylt\/wp-json\/wp\/v2\/posts\/16178","targetHints":{"allow":["GET"]}}],"collection":[{"href":"https:\/\/jessel.de\/365-tage-sylt\/wp-json\/wp\/v2\/posts"}],"about":[{"href":"https:\/\/jessel.de\/365-tage-sylt\/wp-json\/wp\/v2\/types\/post"}],"author":[{"embeddable":true,"href":"https:\/\/jessel.de\/365-tage-sylt\/wp-json\/wp\/v2\/users\/2"}],"replies":[{"embeddable":true,"href":"https:\/\/jessel.de\/365-tage-sylt\/wp-json\/wp\/v2\/comments?post=16178"}],"version-history":[{"count":4,"href":"https:\/\/jessel.de\/365-tage-sylt\/wp-json\/wp\/v2\/posts\/16178\/revisions"}],"predecessor-version":[{"id":16188,"href":"https:\/\/jessel.de\/365-tage-sylt\/wp-json\/wp\/v2\/posts\/16178\/revisions\/16188"}],"wp:featuredmedia":[{"embeddable":true,"href":"https:\/\/jessel.de\/365-tage-sylt\/wp-json\/wp\/v2\/media\/16179"}],"wp:attachment":[{"href":"https:\/\/jessel.de\/365-tage-sylt\/wp-json\/wp\/v2\/media?parent=16178"}],"wp:term":[{"taxonomy":"category","embeddable":true,"href":"https:\/\/jessel.de\/365-tage-sylt\/wp-json\/wp\/v2\/categories?post=16178"},{"taxonomy":"post_tag","embeddable":true,"href":"https:\/\/jessel.de\/365-tage-sylt\/wp-json\/wp\/v2\/tags?post=16178"}],"curies":[{"name":"wp","href":"https:\/\/api.w.org\/{rel}","templated":true}]}}