{"id":1647,"date":"2017-07-02T15:22:41","date_gmt":"2017-07-02T15:22:41","guid":{"rendered":"http:\/\/jessel.de\/365-tage-sylt\/?p=1647"},"modified":"2017-07-02T18:40:29","modified_gmt":"2017-07-02T18:40:29","slug":"gruesse-aus-der-g20-protestwelle-in-hamburg","status":"publish","type":"post","link":"https:\/\/jessel.de\/365-tage-sylt\/gruesse-aus-der-g20-protestwelle-in-hamburg\/","title":{"rendered":"Gr\u00fc\u00dfe aus der G20 &#8211; Protestwelle in Hamburg"},"content":{"rendered":"<p><img loading=\"lazy\" decoding=\"async\" class=\"alignnone size-full wp-image-1649\" src=\"http:\/\/jessel.de\/365-tage-sylt\/wp-content\/uploads\/2017\/07\/IMG_0872.jpg\" alt=\"\" width=\"2490\" height=\"1401\" srcset=\"https:\/\/jessel.de\/365-tage-sylt\/wp-content\/uploads\/2017\/07\/IMG_0872.jpg 2490w, https:\/\/jessel.de\/365-tage-sylt\/wp-content\/uploads\/2017\/07\/IMG_0872-300x169.jpg 300w, https:\/\/jessel.de\/365-tage-sylt\/wp-content\/uploads\/2017\/07\/IMG_0872-768x432.jpg 768w, https:\/\/jessel.de\/365-tage-sylt\/wp-content\/uploads\/2017\/07\/IMG_0872-1024x576.jpg 1024w\" sizes=\"auto, (max-width: 2490px) 100vw, 2490px\" \/>\u00d6rtliche St\u00f6rsender erschweren die Erstellung dieses Blogs. Bitte sp\u00e4ter am Abend noch einmal reinschauen!<\/p>\n<p>Zur Er\u00f6ffnungs-Kundgebung auf dem Rathausvorplatz schifft es wie hulle. Aber das heizt die Demo-Stimmung nur noch weiter auf. Gute(!) Reden und eine hervorragende Band sorgen f\u00fcr ausgelassende Stimmung unter den &#8211; gesch\u00e4tzt &#8211; 5.000 Demonstranten:<\/p>\n<p><img loading=\"lazy\" decoding=\"async\" class=\"alignnone size-full wp-image-1656\" src=\"http:\/\/jessel.de\/365-tage-sylt\/wp-content\/uploads\/2017\/07\/IMG_0873.jpg\" alt=\"\" width=\"2490\" height=\"1401\" srcset=\"https:\/\/jessel.de\/365-tage-sylt\/wp-content\/uploads\/2017\/07\/IMG_0873.jpg 2490w, https:\/\/jessel.de\/365-tage-sylt\/wp-content\/uploads\/2017\/07\/IMG_0873-300x169.jpg 300w, https:\/\/jessel.de\/365-tage-sylt\/wp-content\/uploads\/2017\/07\/IMG_0873-768x432.jpg 768w, https:\/\/jessel.de\/365-tage-sylt\/wp-content\/uploads\/2017\/07\/IMG_0873-1024x576.jpg 1024w\" sizes=\"auto, (max-width: 2490px) 100vw, 2490px\" \/><\/p>\n<p>W\u00e4hrend die J\u00fcngsten bereits das Zepter aus der Hand gelegt haben&#8230;<\/p>\n<p><img loading=\"lazy\" decoding=\"async\" class=\"alignnone size-full wp-image-1657\" src=\"http:\/\/jessel.de\/365-tage-sylt\/wp-content\/uploads\/2017\/07\/IMG_0875.jpg\" alt=\"\" width=\"2490\" height=\"1401\" srcset=\"https:\/\/jessel.de\/365-tage-sylt\/wp-content\/uploads\/2017\/07\/IMG_0875.jpg 2490w, https:\/\/jessel.de\/365-tage-sylt\/wp-content\/uploads\/2017\/07\/IMG_0875-300x169.jpg 300w, https:\/\/jessel.de\/365-tage-sylt\/wp-content\/uploads\/2017\/07\/IMG_0875-768x432.jpg 768w, https:\/\/jessel.de\/365-tage-sylt\/wp-content\/uploads\/2017\/07\/IMG_0875-1024x576.jpg 1024w\" sizes=\"auto, (max-width: 2490px) 100vw, 2490px\" \/><\/p>\n<p>&#8230; tr\u00e4gt die heutige Ver\u00f6ffentlichung der JEFTA-Leaks durch Greenpeace zu der allgemeinen \u00dcberzeugung bei, dass den Regierenden echt nicht mehr zu trauen ist:<\/p>\n<p><img loading=\"lazy\" decoding=\"async\" class=\"alignnone size-full wp-image-1658\" src=\"http:\/\/jessel.de\/365-tage-sylt\/wp-content\/uploads\/2017\/07\/IMG_0876.jpg\" alt=\"\" width=\"2490\" height=\"1401\" srcset=\"https:\/\/jessel.de\/365-tage-sylt\/wp-content\/uploads\/2017\/07\/IMG_0876.jpg 2490w, https:\/\/jessel.de\/365-tage-sylt\/wp-content\/uploads\/2017\/07\/IMG_0876-300x169.jpg 300w, https:\/\/jessel.de\/365-tage-sylt\/wp-content\/uploads\/2017\/07\/IMG_0876-768x432.jpg 768w, https:\/\/jessel.de\/365-tage-sylt\/wp-content\/uploads\/2017\/07\/IMG_0876-1024x576.jpg 1024w\" sizes=\"auto, (max-width: 2490px) 100vw, 2490px\" \/><\/p>\n<p>Und Euer treuer Blogger von der politisch verschnarchten Wohlstands-Insel mittenmang:<\/p>\n<p><img loading=\"lazy\" decoding=\"async\" class=\"alignnone size-full wp-image-1659\" src=\"http:\/\/jessel.de\/365-tage-sylt\/wp-content\/uploads\/2017\/07\/IMG_0877.jpg\" alt=\"\" width=\"1300\" height=\"2017\" srcset=\"https:\/\/jessel.de\/365-tage-sylt\/wp-content\/uploads\/2017\/07\/IMG_0877.jpg 1300w, https:\/\/jessel.de\/365-tage-sylt\/wp-content\/uploads\/2017\/07\/IMG_0877-193x300.jpg 193w, https:\/\/jessel.de\/365-tage-sylt\/wp-content\/uploads\/2017\/07\/IMG_0877-768x1192.jpg 768w, https:\/\/jessel.de\/365-tage-sylt\/wp-content\/uploads\/2017\/07\/IMG_0877-660x1024.jpg 660w\" sizes=\"auto, (max-width: 1300px) 100vw, 1300px\" \/><\/p>\n<p>Planet Earth first! Die Protestwelle marschiert um die Binnenalster &#8211; und es werden min\u00fctlich mehr. Als ich den Zug auf der Kennedybr\u00fccke vorbei defilieren lasse, sind&#8217;s bereits \u00fcber 10.000 Teilnehmer:<\/p>\n<p><img loading=\"lazy\" decoding=\"async\" class=\"alignnone size-full wp-image-1661\" src=\"http:\/\/jessel.de\/365-tage-sylt\/wp-content\/uploads\/2017\/07\/IMG_0879.jpg\" alt=\"\" width=\"2490\" height=\"1401\" srcset=\"https:\/\/jessel.de\/365-tage-sylt\/wp-content\/uploads\/2017\/07\/IMG_0879.jpg 2490w, https:\/\/jessel.de\/365-tage-sylt\/wp-content\/uploads\/2017\/07\/IMG_0879-300x169.jpg 300w, https:\/\/jessel.de\/365-tage-sylt\/wp-content\/uploads\/2017\/07\/IMG_0879-768x432.jpg 768w, https:\/\/jessel.de\/365-tage-sylt\/wp-content\/uploads\/2017\/07\/IMG_0879-1024x576.jpg 1024w\" sizes=\"auto, (max-width: 2490px) 100vw, 2490px\" \/><\/p>\n<p>Die Foto-Reihenfolge stimmt nicht &#8211; egal. Bin froh, die Bilder \u00fcberhaupt hoch geladen bekommen zu haben:<\/p>\n<p><img loading=\"lazy\" decoding=\"async\" class=\"alignnone size-full wp-image-1662\" src=\"http:\/\/jessel.de\/365-tage-sylt\/wp-content\/uploads\/2017\/07\/IMG_0881.jpg\" alt=\"\" width=\"2490\" height=\"799\" srcset=\"https:\/\/jessel.de\/365-tage-sylt\/wp-content\/uploads\/2017\/07\/IMG_0881.jpg 2490w, https:\/\/jessel.de\/365-tage-sylt\/wp-content\/uploads\/2017\/07\/IMG_0881-300x96.jpg 300w, https:\/\/jessel.de\/365-tage-sylt\/wp-content\/uploads\/2017\/07\/IMG_0881-768x246.jpg 768w, https:\/\/jessel.de\/365-tage-sylt\/wp-content\/uploads\/2017\/07\/IMG_0881-1024x329.jpg 1024w\" sizes=\"auto, (max-width: 2490px) 100vw, 2490px\" \/><\/p>\n<p>Genug zu Essen auch f\u00fcr Hans?<\/p>\n<p><img loading=\"lazy\" decoding=\"async\" class=\"alignnone size-full wp-image-1663\" src=\"http:\/\/jessel.de\/365-tage-sylt\/wp-content\/uploads\/2017\/07\/IMG_0882.jpg\" alt=\"\" width=\"2490\" height=\"1401\" srcset=\"https:\/\/jessel.de\/365-tage-sylt\/wp-content\/uploads\/2017\/07\/IMG_0882.jpg 2490w, https:\/\/jessel.de\/365-tage-sylt\/wp-content\/uploads\/2017\/07\/IMG_0882-300x169.jpg 300w, https:\/\/jessel.de\/365-tage-sylt\/wp-content\/uploads\/2017\/07\/IMG_0882-768x432.jpg 768w, https:\/\/jessel.de\/365-tage-sylt\/wp-content\/uploads\/2017\/07\/IMG_0882-1024x576.jpg 1024w\" sizes=\"auto, (max-width: 2490px) 100vw, 2490px\" \/><\/p>\n<p>Die Frage soll mit dem letzten Foto beantwortet werden:<\/p>\n<p><img loading=\"lazy\" decoding=\"async\" class=\"alignnone size-full wp-image-1666\" src=\"http:\/\/jessel.de\/365-tage-sylt\/wp-content\/uploads\/2017\/07\/IMG-20170702-WA0013.jpg\" alt=\"\" width=\"720\" height=\"1280\" srcset=\"https:\/\/jessel.de\/365-tage-sylt\/wp-content\/uploads\/2017\/07\/IMG-20170702-WA0013.jpg 720w, https:\/\/jessel.de\/365-tage-sylt\/wp-content\/uploads\/2017\/07\/IMG-20170702-WA0013-169x300.jpg 169w, https:\/\/jessel.de\/365-tage-sylt\/wp-content\/uploads\/2017\/07\/IMG-20170702-WA0013-576x1024.jpg 576w\" sizes=\"auto, (max-width: 720px) 100vw, 720px\" \/><\/p>\n<p>YEAAAH! Abendessen mit Blogmitglied Peter in der Schanze&#8230;<\/p>\n<p>&nbsp;<\/p>\n<p>&nbsp;<\/p>\n","protected":false},"excerpt":{"rendered":"<p>\u00d6rtliche St\u00f6rsender erschweren die Erstellung dieses Blogs. Bitte sp\u00e4ter am Abend noch einmal reinschauen! Zur Er\u00f6ffnungs-Kundgebung auf dem Rathausvorplatz schifft es wie hulle. Aber das heizt die Demo-Stimmung nur noch weiter auf. Gute(!) Reden und eine hervorragende Band sorgen f\u00fcr ausgelassende Stimmung unter den &#8211; gesch\u00e4tzt &#8211; 5.000 Demonstranten: W\u00e4hrend die J\u00fcngsten bereits das Zepter aus der Hand gelegt haben&#8230; &#8230; tr\u00e4gt die heutige Ver\u00f6ffentlichung der JEFTA-Leaks durch Greenpeace zu&hellip;<\/p>\n","protected":false},"author":2,"featured_media":1648,"comment_status":"open","ping_status":"open","sticky":false,"template":"","format":"standard","meta":{"footnotes":""},"categories":[27,39,3,35,46,29,33],"tags":[],"class_list":["post-1647","post","type-post","status-publish","format-standard","has-post-thumbnail","hentry","category-alle-bilder","category-arbeit","category-menschen","category-schlechtes-wetter","category-sommer","category-verkehr","category-woanders"],"jetpack_featured_media_url":"https:\/\/jessel.de\/365-tage-sylt\/wp-content\/uploads\/2017\/07\/IMG_0871.jpg","_links":{"self":[{"href":"https:\/\/jessel.de\/365-tage-sylt\/wp-json\/wp\/v2\/posts\/1647","targetHints":{"allow":["GET"]}}],"collection":[{"href":"https:\/\/jessel.de\/365-tage-sylt\/wp-json\/wp\/v2\/posts"}],"about":[{"href":"https:\/\/jessel.de\/365-tage-sylt\/wp-json\/wp\/v2\/types\/post"}],"author":[{"embeddable":true,"href":"https:\/\/jessel.de\/365-tage-sylt\/wp-json\/wp\/v2\/users\/2"}],"replies":[{"embeddable":true,"href":"https:\/\/jessel.de\/365-tage-sylt\/wp-json\/wp\/v2\/comments?post=1647"}],"version-history":[{"count":8,"href":"https:\/\/jessel.de\/365-tage-sylt\/wp-json\/wp\/v2\/posts\/1647\/revisions"}],"predecessor-version":[{"id":1667,"href":"https:\/\/jessel.de\/365-tage-sylt\/wp-json\/wp\/v2\/posts\/1647\/revisions\/1667"}],"wp:featuredmedia":[{"embeddable":true,"href":"https:\/\/jessel.de\/365-tage-sylt\/wp-json\/wp\/v2\/media\/1648"}],"wp:attachment":[{"href":"https:\/\/jessel.de\/365-tage-sylt\/wp-json\/wp\/v2\/media?parent=1647"}],"wp:term":[{"taxonomy":"category","embeddable":true,"href":"https:\/\/jessel.de\/365-tage-sylt\/wp-json\/wp\/v2\/categories?post=1647"},{"taxonomy":"post_tag","embeddable":true,"href":"https:\/\/jessel.de\/365-tage-sylt\/wp-json\/wp\/v2\/tags?post=1647"}],"curies":[{"name":"wp","href":"https:\/\/api.w.org\/{rel}","templated":true}]}}