{"id":16536,"date":"2023-12-28T06:06:34","date_gmt":"2023-12-28T06:06:34","guid":{"rendered":"https:\/\/jessel.de\/365-tage-sylt\/?p=16536"},"modified":"2023-12-28T13:39:50","modified_gmt":"2023-12-28T13:39:50","slug":"27-dezember-diesiger-vollmonduntergang","status":"publish","type":"post","link":"https:\/\/jessel.de\/365-tage-sylt\/27-dezember-diesiger-vollmonduntergang\/","title":{"rendered":"27. Dezember: Diesiger Vollmonduntergang"},"content":{"rendered":"<p>Es ist wie es ist. Ziemlich dunkel vor allem, und der tolle Vollmond verfl\u00fcchtigt sich Minuten sp\u00e4ter ebenfalls in der sich verdichtenden Bew\u00f6lkung.<\/p>\n<p>Und der Wind ist mal gaaanz ruhig heute fr\u00fch. Die angezeigten 2 Beaufort empfinde ich als ziemlich hochgegriffen, aber egal:<\/p>\n<p><img loading=\"lazy\" decoding=\"async\" class=\"alignnone size-full wp-image-16542\" src=\"https:\/\/jessel.de\/365-tage-sylt\/wp-content\/uploads\/2023\/12\/IMG_8188.jpeg\" alt=\"\" width=\"1000\" height=\"800\" srcset=\"https:\/\/jessel.de\/365-tage-sylt\/wp-content\/uploads\/2023\/12\/IMG_8188.jpeg 1000w, https:\/\/jessel.de\/365-tage-sylt\/wp-content\/uploads\/2023\/12\/IMG_8188-300x240.jpeg 300w, https:\/\/jessel.de\/365-tage-sylt\/wp-content\/uploads\/2023\/12\/IMG_8188-768x614.jpeg 768w\" sizes=\"auto, (max-width: 1000px) 100vw, 1000px\" \/><\/p>\n<p>Unter diesen Bedingungen wird das nix mit qualifizierten Landschaftsimpressionen. Umso mehr macht das Angesp\u00fcl auf sich aufmerksam. Der Meersalat hat sich an einem St\u00fcck Tuul festgeheftet und sieht aus wie ein maritimer Weihnachtsbaum &#8211; so kommt es mir jedenfalls vor:<\/p>\n<p><img loading=\"lazy\" decoding=\"async\" class=\"alignnone size-full wp-image-16543\" src=\"https:\/\/jessel.de\/365-tage-sylt\/wp-content\/uploads\/2023\/12\/IMG_8187.jpeg\" alt=\"\" width=\"800\" height=\"1000\" srcset=\"https:\/\/jessel.de\/365-tage-sylt\/wp-content\/uploads\/2023\/12\/IMG_8187.jpeg 800w, https:\/\/jessel.de\/365-tage-sylt\/wp-content\/uploads\/2023\/12\/IMG_8187-240x300.jpeg 240w, https:\/\/jessel.de\/365-tage-sylt\/wp-content\/uploads\/2023\/12\/IMG_8187-768x960.jpeg 768w\" sizes=\"auto, (max-width: 800px) 100vw, 800px\" \/><\/p>\n<p>Bei n\u00e4herer Betrachtung ist der ganze Strand \u00fcbers\u00e4ht mit Kunstwerken, und es ist dem Spazierg\u00e4nger \u00fcberlassen, sich einen Reim daraus zu machen:<\/p>\n<p><img loading=\"lazy\" decoding=\"async\" class=\"alignnone size-full wp-image-16544\" src=\"https:\/\/jessel.de\/365-tage-sylt\/wp-content\/uploads\/2023\/12\/IMG_8186.jpeg\" alt=\"\" width=\"1000\" height=\"800\" srcset=\"https:\/\/jessel.de\/365-tage-sylt\/wp-content\/uploads\/2023\/12\/IMG_8186.jpeg 1000w, https:\/\/jessel.de\/365-tage-sylt\/wp-content\/uploads\/2023\/12\/IMG_8186-300x240.jpeg 300w, https:\/\/jessel.de\/365-tage-sylt\/wp-content\/uploads\/2023\/12\/IMG_8186-768x614.jpeg 768w\" sizes=\"auto, (max-width: 1000px) 100vw, 1000px\" \/><\/p>\n<p>Aber warum sich gerade zwischen der Braunalge so viele Federn finden, bleibt mir doch ein R\u00e4tsel.<\/p>\n<p>&nbsp;<\/p>\n<p>&nbsp;<\/p>\n<p>&nbsp;<\/p>\n<p>&nbsp;<\/p>\n","protected":false},"excerpt":{"rendered":"<p>Es ist wie es ist. Ziemlich dunkel vor allem, und der tolle Vollmond verfl\u00fcchtigt sich Minuten sp\u00e4ter ebenfalls in der sich verdichtenden Bew\u00f6lkung. Und der Wind ist mal gaaanz ruhig heute fr\u00fch. Die angezeigten 2 Beaufort empfinde ich als ziemlich hochgegriffen, aber egal: Unter diesen Bedingungen wird das nix mit qualifizierten Landschaftsimpressionen. Umso mehr macht das Angesp\u00fcl auf sich aufmerksam. Der Meersalat hat sich an einem St\u00fcck Tuul festgeheftet und&hellip;<\/p>\n","protected":false},"author":2,"featured_media":16537,"comment_status":"open","ping_status":"open","sticky":false,"template":"","format":"standard","meta":{"footnotes":""},"categories":[27,39,44,7,23],"tags":[],"class_list":["post-16536","post","type-post","status-publish","format-standard","has-post-thumbnail","hentry","category-alle-bilder","category-arbeit","category-pflanzen","category-westerland","category-winter"],"jetpack_featured_media_url":"https:\/\/jessel.de\/365-tage-sylt\/wp-content\/uploads\/2023\/12\/IMG_8183.jpeg","_links":{"self":[{"href":"https:\/\/jessel.de\/365-tage-sylt\/wp-json\/wp\/v2\/posts\/16536","targetHints":{"allow":["GET"]}}],"collection":[{"href":"https:\/\/jessel.de\/365-tage-sylt\/wp-json\/wp\/v2\/posts"}],"about":[{"href":"https:\/\/jessel.de\/365-tage-sylt\/wp-json\/wp\/v2\/types\/post"}],"author":[{"embeddable":true,"href":"https:\/\/jessel.de\/365-tage-sylt\/wp-json\/wp\/v2\/users\/2"}],"replies":[{"embeddable":true,"href":"https:\/\/jessel.de\/365-tage-sylt\/wp-json\/wp\/v2\/comments?post=16536"}],"version-history":[{"count":5,"href":"https:\/\/jessel.de\/365-tage-sylt\/wp-json\/wp\/v2\/posts\/16536\/revisions"}],"predecessor-version":[{"id":16546,"href":"https:\/\/jessel.de\/365-tage-sylt\/wp-json\/wp\/v2\/posts\/16536\/revisions\/16546"}],"wp:featuredmedia":[{"embeddable":true,"href":"https:\/\/jessel.de\/365-tage-sylt\/wp-json\/wp\/v2\/media\/16537"}],"wp:attachment":[{"href":"https:\/\/jessel.de\/365-tage-sylt\/wp-json\/wp\/v2\/media?parent=16536"}],"wp:term":[{"taxonomy":"category","embeddable":true,"href":"https:\/\/jessel.de\/365-tage-sylt\/wp-json\/wp\/v2\/categories?post=16536"},{"taxonomy":"post_tag","embeddable":true,"href":"https:\/\/jessel.de\/365-tage-sylt\/wp-json\/wp\/v2\/tags?post=16536"}],"curies":[{"name":"wp","href":"https:\/\/api.w.org\/{rel}","templated":true}]}}