{"id":16547,"date":"2023-12-28T16:18:17","date_gmt":"2023-12-28T16:18:17","guid":{"rendered":"https:\/\/jessel.de\/365-tage-sylt\/?p=16547"},"modified":"2023-12-28T17:23:12","modified_gmt":"2023-12-28T17:23:12","slug":"28-dezember-strammes-lueftchen","status":"publish","type":"post","link":"https:\/\/jessel.de\/365-tage-sylt\/28-dezember-strammes-lueftchen\/","title":{"rendered":"28. Dezember: Strammes L\u00fcftchen"},"content":{"rendered":"<p>Der Wind meldet sich zur\u00fcck. Stramme 7-8 Beaufort aus seeehr s\u00fcdwestlicher Richtung und ausgesprochen erfrischende Schauer, die so etwa halbst\u00fcndig von der Nordsee \u00fcber die Insel ziehen. Mit anderen Worten: Irgendwann ist man f\u00e4llig, wenn man sich vorm Roten Kliff aufh\u00e4lt:<\/p>\n<p><img loading=\"lazy\" decoding=\"async\" class=\"alignnone size-full wp-image-16549\" src=\"https:\/\/jessel.de\/365-tage-sylt\/wp-content\/uploads\/2023\/12\/IMG_8194.jpeg\" alt=\"\" width=\"1205\" height=\"800\" srcset=\"https:\/\/jessel.de\/365-tage-sylt\/wp-content\/uploads\/2023\/12\/IMG_8194.jpeg 1205w, https:\/\/jessel.de\/365-tage-sylt\/wp-content\/uploads\/2023\/12\/IMG_8194-300x199.jpeg 300w, https:\/\/jessel.de\/365-tage-sylt\/wp-content\/uploads\/2023\/12\/IMG_8194-1024x680.jpeg 1024w, https:\/\/jessel.de\/365-tage-sylt\/wp-content\/uploads\/2023\/12\/IMG_8194-768x510.jpeg 768w\" sizes=\"auto, (max-width: 1205px) 100vw, 1205px\" \/><\/p>\n<p>Also widme ich mich abermals der Strand-Kunst. Wunderbar, die Muscheln und Steine (und Kronenkorken und Plastikschn\u00fcre und Bierdosen etc. pp.) im Sandstrahlgebl\u00e4se\u2026:<\/p>\n<p><img loading=\"lazy\" decoding=\"async\" class=\"alignnone size-full wp-image-16552\" src=\"https:\/\/jessel.de\/365-tage-sylt\/wp-content\/uploads\/2023\/12\/IMG_8189.jpeg\" alt=\"\" width=\"1205\" height=\"800\" srcset=\"https:\/\/jessel.de\/365-tage-sylt\/wp-content\/uploads\/2023\/12\/IMG_8189.jpeg 1205w, https:\/\/jessel.de\/365-tage-sylt\/wp-content\/uploads\/2023\/12\/IMG_8189-300x199.jpeg 300w, https:\/\/jessel.de\/365-tage-sylt\/wp-content\/uploads\/2023\/12\/IMG_8189-1024x680.jpeg 1024w, https:\/\/jessel.de\/365-tage-sylt\/wp-content\/uploads\/2023\/12\/IMG_8189-768x510.jpeg 768w\" sizes=\"auto, (max-width: 1205px) 100vw, 1205px\" \/><\/p>\n<p>\u2026 zwischendurch ein Blick auf die auf \u00fcber zwanzig Metern gleichzeitig brechenden Wellen (typisch bei dieser Windrichtung\u2026!?):<\/p>\n<p><img loading=\"lazy\" decoding=\"async\" class=\"alignnone size-full wp-image-16548\" src=\"https:\/\/jessel.de\/365-tage-sylt\/wp-content\/uploads\/2023\/12\/IMG_8195.jpeg\" alt=\"\" width=\"1500\" height=\"500\" srcset=\"https:\/\/jessel.de\/365-tage-sylt\/wp-content\/uploads\/2023\/12\/IMG_8195.jpeg 1500w, https:\/\/jessel.de\/365-tage-sylt\/wp-content\/uploads\/2023\/12\/IMG_8195-300x100.jpeg 300w, https:\/\/jessel.de\/365-tage-sylt\/wp-content\/uploads\/2023\/12\/IMG_8195-1024x341.jpeg 1024w, https:\/\/jessel.de\/365-tage-sylt\/wp-content\/uploads\/2023\/12\/IMG_8195-768x256.jpeg 768w\" sizes=\"auto, (max-width: 1500px) 100vw, 1500px\" \/><\/p>\n<p>\u2026 dann vor dem n\u00e4chsten Schauer rauf aufs Kliff:<\/p>\n<p><img loading=\"lazy\" decoding=\"async\" class=\"alignnone size-full wp-image-16550\" src=\"https:\/\/jessel.de\/365-tage-sylt\/wp-content\/uploads\/2023\/12\/IMG_8192.jpeg\" alt=\"\" width=\"1205\" height=\"800\" srcset=\"https:\/\/jessel.de\/365-tage-sylt\/wp-content\/uploads\/2023\/12\/IMG_8192.jpeg 1205w, https:\/\/jessel.de\/365-tage-sylt\/wp-content\/uploads\/2023\/12\/IMG_8192-300x199.jpeg 300w, https:\/\/jessel.de\/365-tage-sylt\/wp-content\/uploads\/2023\/12\/IMG_8192-1024x680.jpeg 1024w, https:\/\/jessel.de\/365-tage-sylt\/wp-content\/uploads\/2023\/12\/IMG_8192-768x510.jpeg 768w\" sizes=\"auto, (max-width: 1205px) 100vw, 1205px\" \/><\/p>\n<p>Hier erwischt es mich dann. Immerhin habe ich eine Regenhose an, und der Parka h\u00e4lt bei starkem Regen auch ein halbes St\u00fcndchen trocken\u2026. bis ich den Bus erreiche, der mich (und eine ganze Reihe weiterer patschnasser Naturbegeisterter) zur\u00fcck nach Westerland bringt.<\/p>\n<p>&nbsp;<\/p>\n","protected":false},"excerpt":{"rendered":"<p>Der Wind meldet sich zur\u00fcck. Stramme 7-8 Beaufort aus seeehr s\u00fcdwestlicher Richtung und ausgesprochen erfrischende Schauer, die so etwa halbst\u00fcndig von der Nordsee \u00fcber die Insel ziehen. Mit anderen Worten: Irgendwann ist man f\u00e4llig, wenn man sich vorm Roten Kliff aufh\u00e4lt: Also widme ich mich abermals der Strand-Kunst. Wunderbar, die Muscheln und Steine (und Kronenkorken und Plastikschn\u00fcre und Bierdosen etc. pp.) im Sandstrahlgebl\u00e4se\u2026: \u2026 zwischendurch ein Blick auf die auf&hellip;<\/p>\n","protected":false},"author":2,"featured_media":16551,"comment_status":"open","ping_status":"open","sticky":false,"template":"","format":"standard","meta":{"footnotes":""},"categories":[27,39,28,43,35,4,26,49,2,38,23],"tags":[],"class_list":["post-16547","post","type-post","status-publish","format-standard","has-post-thumbnail","hentry","category-alle-bilder","category-arbeit","category-haeuser","category-kulinarik","category-schlechtes-wetter","category-spuren","category-strand","category-sturm","category-tourismus","category-wenningstedt","category-winter"],"jetpack_featured_media_url":"https:\/\/jessel.de\/365-tage-sylt\/wp-content\/uploads\/2023\/12\/IMG_8191.jpeg","_links":{"self":[{"href":"https:\/\/jessel.de\/365-tage-sylt\/wp-json\/wp\/v2\/posts\/16547","targetHints":{"allow":["GET"]}}],"collection":[{"href":"https:\/\/jessel.de\/365-tage-sylt\/wp-json\/wp\/v2\/posts"}],"about":[{"href":"https:\/\/jessel.de\/365-tage-sylt\/wp-json\/wp\/v2\/types\/post"}],"author":[{"embeddable":true,"href":"https:\/\/jessel.de\/365-tage-sylt\/wp-json\/wp\/v2\/users\/2"}],"replies":[{"embeddable":true,"href":"https:\/\/jessel.de\/365-tage-sylt\/wp-json\/wp\/v2\/comments?post=16547"}],"version-history":[{"count":4,"href":"https:\/\/jessel.de\/365-tage-sylt\/wp-json\/wp\/v2\/posts\/16547\/revisions"}],"predecessor-version":[{"id":16557,"href":"https:\/\/jessel.de\/365-tage-sylt\/wp-json\/wp\/v2\/posts\/16547\/revisions\/16557"}],"wp:featuredmedia":[{"embeddable":true,"href":"https:\/\/jessel.de\/365-tage-sylt\/wp-json\/wp\/v2\/media\/16551"}],"wp:attachment":[{"href":"https:\/\/jessel.de\/365-tage-sylt\/wp-json\/wp\/v2\/media?parent=16547"}],"wp:term":[{"taxonomy":"category","embeddable":true,"href":"https:\/\/jessel.de\/365-tage-sylt\/wp-json\/wp\/v2\/categories?post=16547"},{"taxonomy":"post_tag","embeddable":true,"href":"https:\/\/jessel.de\/365-tage-sylt\/wp-json\/wp\/v2\/tags?post=16547"}],"curies":[{"name":"wp","href":"https:\/\/api.w.org\/{rel}","templated":true}]}}