{"id":16804,"date":"2024-02-05T18:33:55","date_gmt":"2024-02-05T18:33:55","guid":{"rendered":"https:\/\/jessel.de\/365-tage-sylt\/?p=16804"},"modified":"2024-02-06T05:06:57","modified_gmt":"2024-02-06T05:06:57","slug":"5-februar-wo-bin-ich","status":"publish","type":"post","link":"https:\/\/jessel.de\/365-tage-sylt\/5-februar-wo-bin-ich\/","title":{"rendered":"5. Februar: \u201eWo bin ich!?\u201c"},"content":{"rendered":"<p>Ich wei\u00df im Moment nur, WAS ich bin: N\u00e4mlich fertig mit Jacke und B\u00fcx. Zwanzig Stunden Bahnfahrt, gefolgt von zehn Kilometern Fotospaziergang &#8211; da merke ich doch, dass ich keine zwanzig mehr bin. Egal, ich muss jetzt erstmal ausschlafen, und werde den Blog dann in der morgigen Fr\u00fche schreiben.<\/p>\n<p>Verona, Dienstag 4:30 Uhr: There we are, nun kann es weitergehen mit dem B\u00e4ume ausrei\u00dfen! Nach der doch recht schlaflosen Nacht im Zug von Hamburg nach M\u00fcnchen g\u00f6nne ich mir nach (fast p\u00fcnktlicher) Ankunft um 6 Uhr erstmal einen Pappbecher Kaffee und lieber gleich zwei \u201eBrezen\u201c dazu. In der frostigen Morgenk\u00fchle direkt im Bahnhof genossen, w\u00e4hrend um mich herum von allen Gleisen die Pendler einfallen und in die neue Arbeitswoche hasten, das hat schon Gro\u00dfstadt-Kolorit. Die Strafe f\u00fcr diesen Urlauber &#8211; Zynismus kommt von oben: Ca. Zwanzig Meter \u00fcber mir auf einer Dachsparre des Bahnhofsdachs hat eine Taube offenbar D\u00fcnnpfiff, und ich h\u00f6re nur das Gepladder der Flitze &#8211; volle Kanne auf meine Reisetasche\u2026 \u201eJa mei!\u201c<\/p>\n<p>Echtes 70er Jahre Interrailfeeling kommt auf beim Besteigen meines Eurocitys mit Original-70er Jahre Waggons und, in der 1. Klasse, Vierer-Abteilen mit Klubsesseln und fetten Armlehnen &#8211; herrlich! Mir gegen\u00fcber am Fensterplatz setzt sich ein volladip\u00f6ser Amerikaner mit viel Reisegep\u00e4ck, der von der ersten bis zur letzten Minute der f\u00fcnfeinhalbst\u00fcndigen Fahrt nach Verona ausschlie\u00dflich in seinen Laptop starrt und alle paar Minuten dabei einschl\u00e4ft. Dabei nickt sein Kopf nach vorne, so dass mir immerhin der Anblick seiner Plete bleibt. Zu meiner Rechten, getrennt durch eine edle Zwischenablage, gesellt sich ein etwa 40-j\u00e4hriger Italiener mit katastophalem Kreisrundem Haarausfall, der die gesamte Reisezeit nutzt, auf seinem Handy Ordnung in die Phalanx hunderter Tinder-Frauen zu bringen, die sich in allen erdenklichen (und unerdenklichen) Posen auf seinem Bildschirm r\u00e4keln.<br \/>\nAm Fensterplatz gegen\u00fcber des volladip\u00f6sen Amerikaners sitzt ein in die Jahre gekommener, etwas schm\u00e4chtiger Herr mit vollem, etwas wirrem Haar, der es fertig bringt, 90% der Reisezeit ausschlie\u00dflich aus dem Fenster zu gucken, und diesen wundervollen Vormittag bei prallem Sonnenschein und vorbeiziehenden beschneiten Gebirgsgraten ganz offensichtlich zu geniessen.<\/p>\n<p>In Verona empf\u00e4ngt mich der Fr\u00fchling. Es ist Mittagszeit, und die Sonne bretzelt durch einen kr\u00e4ftigen Ferndunst, der nach Smog riecht. Gef\u00fchlt sind alle Veroneser auf den Stra\u00dfen und besonders den riesigen Pl\u00e4tzen unterwegs und zeigen eindr\u00fccklich, wie man\/frau das Dolce Vita zelebriert:<\/p>\n<p><img loading=\"lazy\" decoding=\"async\" class=\"size-full wp-image-16812\" src=\"https:\/\/jessel.de\/365-tage-sylt\/wp-content\/uploads\/2024\/02\/IMG_8434.jpeg\" alt=\"\" width=\"800\" height=\"1100\" srcset=\"https:\/\/jessel.de\/365-tage-sylt\/wp-content\/uploads\/2024\/02\/IMG_8434.jpeg 800w, https:\/\/jessel.de\/365-tage-sylt\/wp-content\/uploads\/2024\/02\/IMG_8434-218x300.jpeg 218w, https:\/\/jessel.de\/365-tage-sylt\/wp-content\/uploads\/2024\/02\/IMG_8434-745x1024.jpeg 745w, https:\/\/jessel.de\/365-tage-sylt\/wp-content\/uploads\/2024\/02\/IMG_8434-768x1056.jpeg 768w\" sizes=\"auto, (max-width: 800px) 100vw, 800px\" \/><\/p>\n<p>Ich beziehe derweil mein Apartment in einer schattigen und noch k\u00fchlen Altstadtgasse, durch die runde hohe Einfahrt gleich hinter der Bar geht es auf einen stillen Innenhof:<\/p>\n<p><img loading=\"lazy\" decoding=\"async\" class=\"size-full wp-image-16811\" src=\"https:\/\/jessel.de\/365-tage-sylt\/wp-content\/uploads\/2024\/02\/IMG_8435.jpeg\" alt=\"\" width=\"1100\" height=\"800\" srcset=\"https:\/\/jessel.de\/365-tage-sylt\/wp-content\/uploads\/2024\/02\/IMG_8435.jpeg 1100w, https:\/\/jessel.de\/365-tage-sylt\/wp-content\/uploads\/2024\/02\/IMG_8435-300x218.jpeg 300w, https:\/\/jessel.de\/365-tage-sylt\/wp-content\/uploads\/2024\/02\/IMG_8435-1024x745.jpeg 1024w, https:\/\/jessel.de\/365-tage-sylt\/wp-content\/uploads\/2024\/02\/IMG_8435-768x559.jpeg 768w\" sizes=\"auto, (max-width: 1100px) 100vw, 1100px\" \/><\/p>\n<p>Nachfolgend einige Eindr\u00fccke von meinem Stadtbummel, der bis in die Dunkelheit geht. Ber\u00fchmtestes Bauwerk und touristischer Hotspot ist nat\u00fcrlich das r\u00f6mische Amphitheater:<\/p>\n<p><img loading=\"lazy\" decoding=\"async\" class=\"alignnone size-full wp-image-16814\" src=\"https:\/\/jessel.de\/365-tage-sylt\/wp-content\/uploads\/2024\/02\/IMG_8436.jpeg\" alt=\"\" width=\"1100\" height=\"800\" srcset=\"https:\/\/jessel.de\/365-tage-sylt\/wp-content\/uploads\/2024\/02\/IMG_8436.jpeg 1100w, https:\/\/jessel.de\/365-tage-sylt\/wp-content\/uploads\/2024\/02\/IMG_8436-300x218.jpeg 300w, https:\/\/jessel.de\/365-tage-sylt\/wp-content\/uploads\/2024\/02\/IMG_8436-1024x745.jpeg 1024w, https:\/\/jessel.de\/365-tage-sylt\/wp-content\/uploads\/2024\/02\/IMG_8436-768x559.jpeg 768w\" sizes=\"auto, (max-width: 1100px) 100vw, 1100px\" \/><\/p>\n<p>Man stelle sich vor und staune: Dieses Teil ist ziemlich genau zweitausend Jahre alt! Und steht noch, wobei wir heute nur noch den inneren Ring &#8211; sozusagen die Zuschauertrib\u00fcnen von au\u00dfen &#8211; sehen. Nur bei der Umrundung sieht man den \u201eFl\u00fcgel\u201c, ein kleines St\u00fcck der urspr\u00fcnglichen Au\u00dfenmauer:<\/p>\n<p><img loading=\"lazy\" decoding=\"async\" class=\"size-full wp-image-16816\" src=\"https:\/\/jessel.de\/365-tage-sylt\/wp-content\/uploads\/2024\/02\/IMG_8438.jpeg\" alt=\"\" width=\"1100\" height=\"800\" srcset=\"https:\/\/jessel.de\/365-tage-sylt\/wp-content\/uploads\/2024\/02\/IMG_8438.jpeg 1100w, https:\/\/jessel.de\/365-tage-sylt\/wp-content\/uploads\/2024\/02\/IMG_8438-300x218.jpeg 300w, https:\/\/jessel.de\/365-tage-sylt\/wp-content\/uploads\/2024\/02\/IMG_8438-1024x745.jpeg 1024w, https:\/\/jessel.de\/365-tage-sylt\/wp-content\/uploads\/2024\/02\/IMG_8438-768x559.jpeg 768w\" sizes=\"auto, (max-width: 1100px) 100vw, 1100px\" \/><\/p>\n<p>Im Weiteren verliere ich mich im Gassengewirr der Altstadt\u2026:<\/p>\n<p><img loading=\"lazy\" decoding=\"async\" class=\"alignnone size-full wp-image-16817\" src=\"https:\/\/jessel.de\/365-tage-sylt\/wp-content\/uploads\/2024\/02\/IMG_8439.jpeg\" alt=\"\" width=\"1100\" height=\"800\" srcset=\"https:\/\/jessel.de\/365-tage-sylt\/wp-content\/uploads\/2024\/02\/IMG_8439.jpeg 1100w, https:\/\/jessel.de\/365-tage-sylt\/wp-content\/uploads\/2024\/02\/IMG_8439-300x218.jpeg 300w, https:\/\/jessel.de\/365-tage-sylt\/wp-content\/uploads\/2024\/02\/IMG_8439-1024x745.jpeg 1024w, https:\/\/jessel.de\/365-tage-sylt\/wp-content\/uploads\/2024\/02\/IMG_8439-768x559.jpeg 768w\" sizes=\"auto, (max-width: 1100px) 100vw, 1100px\" \/><\/p>\n<p>\u2026 erklettere den bekanntesten Aussichtspunkt\u2026:<\/p>\n<p><img loading=\"lazy\" decoding=\"async\" class=\"alignnone size-full wp-image-16819\" src=\"https:\/\/jessel.de\/365-tage-sylt\/wp-content\/uploads\/2024\/02\/IMG_8440.jpeg\" alt=\"\" width=\"1100\" height=\"800\" srcset=\"https:\/\/jessel.de\/365-tage-sylt\/wp-content\/uploads\/2024\/02\/IMG_8440.jpeg 1100w, https:\/\/jessel.de\/365-tage-sylt\/wp-content\/uploads\/2024\/02\/IMG_8440-300x218.jpeg 300w, https:\/\/jessel.de\/365-tage-sylt\/wp-content\/uploads\/2024\/02\/IMG_8440-1024x745.jpeg 1024w, https:\/\/jessel.de\/365-tage-sylt\/wp-content\/uploads\/2024\/02\/IMG_8440-768x559.jpeg 768w\" sizes=\"auto, (max-width: 1100px) 100vw, 1100px\" \/><\/p>\n<p>\u2026 esse Foccaccia und geradezu himmlische Pizzast\u00fcckchen, frisch aus gl\u00fchenden \u00d6fen gezogen, geniesse die vielen pittoresken Momente\u2026:<\/p>\n<p><img loading=\"lazy\" decoding=\"async\" class=\"alignnone size-full wp-image-16821\" src=\"https:\/\/jessel.de\/365-tage-sylt\/wp-content\/uploads\/2024\/02\/IMG_8441.jpeg\" alt=\"\" width=\"800\" height=\"1100\" srcset=\"https:\/\/jessel.de\/365-tage-sylt\/wp-content\/uploads\/2024\/02\/IMG_8441.jpeg 800w, https:\/\/jessel.de\/365-tage-sylt\/wp-content\/uploads\/2024\/02\/IMG_8441-218x300.jpeg 218w, https:\/\/jessel.de\/365-tage-sylt\/wp-content\/uploads\/2024\/02\/IMG_8441-745x1024.jpeg 745w, https:\/\/jessel.de\/365-tage-sylt\/wp-content\/uploads\/2024\/02\/IMG_8441-768x1056.jpeg 768w\" sizes=\"auto, (max-width: 800px) 100vw, 800px\" \/><\/p>\n<p>\u2026 und kehre erst gegen 18 Uhr, beschwingt und ersch\u00f6pft von der Vielzahl an Eindr\u00fccken, zur\u00fcck in meine Unterkunft:<\/p>\n<p><img loading=\"lazy\" decoding=\"async\" class=\"alignnone size-full wp-image-16824\" src=\"https:\/\/jessel.de\/365-tage-sylt\/wp-content\/uploads\/2024\/02\/IMG_8442.jpeg\" alt=\"\" width=\"800\" height=\"1100\" srcset=\"https:\/\/jessel.de\/365-tage-sylt\/wp-content\/uploads\/2024\/02\/IMG_8442.jpeg 800w, https:\/\/jessel.de\/365-tage-sylt\/wp-content\/uploads\/2024\/02\/IMG_8442-218x300.jpeg 218w, https:\/\/jessel.de\/365-tage-sylt\/wp-content\/uploads\/2024\/02\/IMG_8442-745x1024.jpeg 745w, https:\/\/jessel.de\/365-tage-sylt\/wp-content\/uploads\/2024\/02\/IMG_8442-768x1056.jpeg 768w\" sizes=\"auto, (max-width: 800px) 100vw, 800px\" \/><\/p>\n<p>Das ging ja schon mal gut los. Morgen folgt der spannendste Teil meiner (An-)Reise!<\/p>\n<p>&nbsp;<\/p>\n<p>&nbsp;<\/p>\n<p>&nbsp;<\/p>\n<p>&nbsp;<\/p>\n<p>&nbsp;<\/p>\n<p>&nbsp;<\/p>\n<p>&nbsp;<\/p>\n<p>&nbsp;<\/p>\n","protected":false},"excerpt":{"rendered":"<p>Ich wei\u00df im Moment nur, WAS ich bin: N\u00e4mlich fertig mit Jacke und B\u00fcx. Zwanzig Stunden Bahnfahrt, gefolgt von zehn Kilometern Fotospaziergang &#8211; da merke ich doch, dass ich keine zwanzig mehr bin. Egal, ich muss jetzt erstmal ausschlafen, und werde den Blog dann in der morgigen Fr\u00fche schreiben. Verona, Dienstag 4:30 Uhr: There we are, nun kann es weitergehen mit dem B\u00e4ume ausrei\u00dfen! Nach der doch recht schlaflosen Nacht&hellip;<\/p>\n","protected":false},"author":2,"featured_media":16805,"comment_status":"open","ping_status":"open","sticky":false,"template":"","format":"standard","meta":{"footnotes":""},"categories":[27,39,41,28,43,3,30,33],"tags":[],"class_list":["post-16804","post","type-post","status-publish","format-standard","has-post-thumbnail","hentry","category-alle-bilder","category-arbeit","category-fruehling","category-haeuser","category-kulinarik","category-menschen","category-tradition","category-woanders"],"jetpack_featured_media_url":"https:\/\/jessel.de\/365-tage-sylt\/wp-content\/uploads\/2024\/02\/IMG_8432.jpeg","_links":{"self":[{"href":"https:\/\/jessel.de\/365-tage-sylt\/wp-json\/wp\/v2\/posts\/16804","targetHints":{"allow":["GET"]}}],"collection":[{"href":"https:\/\/jessel.de\/365-tage-sylt\/wp-json\/wp\/v2\/posts"}],"about":[{"href":"https:\/\/jessel.de\/365-tage-sylt\/wp-json\/wp\/v2\/types\/post"}],"author":[{"embeddable":true,"href":"https:\/\/jessel.de\/365-tage-sylt\/wp-json\/wp\/v2\/users\/2"}],"replies":[{"embeddable":true,"href":"https:\/\/jessel.de\/365-tage-sylt\/wp-json\/wp\/v2\/comments?post=16804"}],"version-history":[{"count":14,"href":"https:\/\/jessel.de\/365-tage-sylt\/wp-json\/wp\/v2\/posts\/16804\/revisions"}],"predecessor-version":[{"id":16827,"href":"https:\/\/jessel.de\/365-tage-sylt\/wp-json\/wp\/v2\/posts\/16804\/revisions\/16827"}],"wp:featuredmedia":[{"embeddable":true,"href":"https:\/\/jessel.de\/365-tage-sylt\/wp-json\/wp\/v2\/media\/16805"}],"wp:attachment":[{"href":"https:\/\/jessel.de\/365-tage-sylt\/wp-json\/wp\/v2\/media?parent=16804"}],"wp:term":[{"taxonomy":"category","embeddable":true,"href":"https:\/\/jessel.de\/365-tage-sylt\/wp-json\/wp\/v2\/categories?post=16804"},{"taxonomy":"post_tag","embeddable":true,"href":"https:\/\/jessel.de\/365-tage-sylt\/wp-json\/wp\/v2\/tags?post=16804"}],"curies":[{"name":"wp","href":"https:\/\/api.w.org\/{rel}","templated":true}]}}