{"id":16828,"date":"2024-02-06T19:48:51","date_gmt":"2024-02-06T19:48:51","guid":{"rendered":"https:\/\/jessel.de\/365-tage-sylt\/?p=16828"},"modified":"2024-02-06T19:50:40","modified_gmt":"2024-02-06T19:50:40","slug":"6-februar-tapetenwechsel","status":"publish","type":"post","link":"https:\/\/jessel.de\/365-tage-sylt\/6-februar-tapetenwechsel\/","title":{"rendered":"6. Februar: Tapetenwechsel"},"content":{"rendered":"<p>Den Abstecher ins Urbane hatte ich bewusst gew\u00e4hlt, nun aber heisst es raus in die Natur. Und zwar eine Natur, die m\u00f6glichst gaaanz anders tickt als auf Sylt.<\/p>\n<p>Also nehme ich den <em>FRECCIAROSSA<\/em> um 8:32 Uhr nach <em>Milano Centrale<\/em>. Im <em>SPIEGEL<\/em> lese ich w\u00e4hrend der Fahrt neueste Erkenntnisse zur aktuellen Reise-Ethik:<\/p>\n<p><img loading=\"lazy\" decoding=\"async\" class=\"alignnone size-full wp-image-16832\" src=\"https:\/\/jessel.de\/365-tage-sylt\/wp-content\/uploads\/2024\/02\/IMG_8466.png\" alt=\"\" width=\"1400\" height=\"800\" srcset=\"https:\/\/jessel.de\/365-tage-sylt\/wp-content\/uploads\/2024\/02\/IMG_8466.png 1400w, https:\/\/jessel.de\/365-tage-sylt\/wp-content\/uploads\/2024\/02\/IMG_8466-300x171.png 300w, https:\/\/jessel.de\/365-tage-sylt\/wp-content\/uploads\/2024\/02\/IMG_8466-1024x585.png 1024w, https:\/\/jessel.de\/365-tage-sylt\/wp-content\/uploads\/2024\/02\/IMG_8466-768x439.png 768w\" sizes=\"auto, (max-width: 1400px) 100vw, 1400px\" \/><\/p>\n<p>Also ICH w\u00fcnsche mir zun\u00e4chst einmal eine spannende Zugreise. Deshalb steige ich in<i> MILANO<\/i>\u00a0um in den Zug nach <em>TIRANO\u2026:<\/em><\/p>\n<p><img loading=\"lazy\" decoding=\"async\" class=\"alignnone size-full wp-image-16833\" src=\"https:\/\/jessel.de\/365-tage-sylt\/wp-content\/uploads\/2024\/02\/IMG_8458.jpeg\" alt=\"\" width=\"1100\" height=\"800\" srcset=\"https:\/\/jessel.de\/365-tage-sylt\/wp-content\/uploads\/2024\/02\/IMG_8458.jpeg 1100w, https:\/\/jessel.de\/365-tage-sylt\/wp-content\/uploads\/2024\/02\/IMG_8458-300x218.jpeg 300w, https:\/\/jessel.de\/365-tage-sylt\/wp-content\/uploads\/2024\/02\/IMG_8458-1024x745.jpeg 1024w, https:\/\/jessel.de\/365-tage-sylt\/wp-content\/uploads\/2024\/02\/IMG_8458-768x559.jpeg 768w\" sizes=\"auto, (max-width: 1100px) 100vw, 1100px\" \/><\/p>\n<p>\u2026im <em>Veltlin<\/em> am S\u00fcdhang der Alpen gelegen. Dort brate ich bei 15 Grad auf einer Sonnenterrasse und g\u00f6nne mir das letzte italienische Panini dieser Reise:<\/p>\n<p><img loading=\"lazy\" decoding=\"async\" class=\"alignnone size-full wp-image-16834\" src=\"https:\/\/jessel.de\/365-tage-sylt\/wp-content\/uploads\/2024\/02\/IMG_8456.jpeg\" alt=\"\" width=\"800\" height=\"1100\" srcset=\"https:\/\/jessel.de\/365-tage-sylt\/wp-content\/uploads\/2024\/02\/IMG_8456.jpeg 800w, https:\/\/jessel.de\/365-tage-sylt\/wp-content\/uploads\/2024\/02\/IMG_8456-218x300.jpeg 218w, https:\/\/jessel.de\/365-tage-sylt\/wp-content\/uploads\/2024\/02\/IMG_8456-745x1024.jpeg 745w, https:\/\/jessel.de\/365-tage-sylt\/wp-content\/uploads\/2024\/02\/IMG_8456-768x1056.jpeg 768w\" sizes=\"auto, (max-width: 800px) 100vw, 800px\" \/><\/p>\n<p>Und genau dort besteige ich einen Zug, der jedem Eisenbahnfreund das Herz schneller schlagen l\u00e4sst. Nur Minuten nach dem Verlassen von Tirano \u00fcberqueren wir die Grenze zur Schweiz &#8211; und in die Eisen geht es:<\/p>\n<p><img loading=\"lazy\" decoding=\"async\" class=\"alignnone size-full wp-image-16835\" src=\"https:\/\/jessel.de\/365-tage-sylt\/wp-content\/uploads\/2024\/02\/IMG_8462.jpeg\" alt=\"\" width=\"1100\" height=\"800\" srcset=\"https:\/\/jessel.de\/365-tage-sylt\/wp-content\/uploads\/2024\/02\/IMG_8462.jpeg 1100w, https:\/\/jessel.de\/365-tage-sylt\/wp-content\/uploads\/2024\/02\/IMG_8462-300x218.jpeg 300w, https:\/\/jessel.de\/365-tage-sylt\/wp-content\/uploads\/2024\/02\/IMG_8462-1024x745.jpeg 1024w, https:\/\/jessel.de\/365-tage-sylt\/wp-content\/uploads\/2024\/02\/IMG_8462-768x559.jpeg 768w\" sizes=\"auto, (max-width: 1100px) 100vw, 1100px\" \/><\/p>\n<p>Es gibt keine andere Bahn (mit normalem Adh\u00e4sionsantrieb, also keine Zahnradbahn) in der Welt, die innerhalb von gerade einmal hundert Minuten zweitausend(!) H\u00f6henmeter \u00fcberwindet. Schon nach einer Stunde erreichen wir die Schneegrenze, und es er\u00f6ffnet sich ein phantastischer Blick zur\u00fcck auf die bislang zur\u00fcckgelegte Strecke. Zur Orientierung: Die Berge gaaanz hinten liegen in Italien, im Dunst darunter Tirano, unser Startort:<\/p>\n<p><img loading=\"lazy\" decoding=\"async\" class=\"alignnone size-full wp-image-16836\" src=\"https:\/\/jessel.de\/365-tage-sylt\/wp-content\/uploads\/2024\/02\/IMG_8465.jpeg\" alt=\"\" width=\"1200\" height=\"800\" srcset=\"https:\/\/jessel.de\/365-tage-sylt\/wp-content\/uploads\/2024\/02\/IMG_8465.jpeg 1200w, https:\/\/jessel.de\/365-tage-sylt\/wp-content\/uploads\/2024\/02\/IMG_8465-300x200.jpeg 300w, https:\/\/jessel.de\/365-tage-sylt\/wp-content\/uploads\/2024\/02\/IMG_8465-1024x683.jpeg 1024w, https:\/\/jessel.de\/365-tage-sylt\/wp-content\/uploads\/2024\/02\/IMG_8465-768x512.jpeg 768w\" sizes=\"auto, (max-width: 1200px) 100vw, 1200px\" \/><\/p>\n<p>Wir \u00fcbersteigen die 2.200 Meter, dann geht\u2019s vorbei am <em>LAGO BIANCO\u2026,\u00a0<\/em>komplett gefroren. Diesen See sah ich das erste Mal vor etwa acht Jahren, Ende Mai &#8211; und immer noch gefroren. Den wollte ich gerne einmal im Hochwinter sehen:<\/p>\n<p><img loading=\"lazy\" decoding=\"async\" class=\"alignnone size-full wp-image-16837\" src=\"https:\/\/jessel.de\/365-tage-sylt\/wp-content\/uploads\/2024\/02\/IMG_8463.jpeg\" alt=\"\" width=\"1100\" height=\"800\" srcset=\"https:\/\/jessel.de\/365-tage-sylt\/wp-content\/uploads\/2024\/02\/IMG_8463.jpeg 1100w, https:\/\/jessel.de\/365-tage-sylt\/wp-content\/uploads\/2024\/02\/IMG_8463-300x218.jpeg 300w, https:\/\/jessel.de\/365-tage-sylt\/wp-content\/uploads\/2024\/02\/IMG_8463-1024x745.jpeg 1024w, https:\/\/jessel.de\/365-tage-sylt\/wp-content\/uploads\/2024\/02\/IMG_8463-768x559.jpeg 768w\" sizes=\"auto, (max-width: 1100px) 100vw, 1100px\" \/><\/p>\n<p>\u2026 und \u00fcber den BERNINA-PASS hinab ins Oberengadin:<\/p>\n<p><img loading=\"lazy\" decoding=\"async\" class=\"alignnone size-full wp-image-16838\" src=\"https:\/\/jessel.de\/365-tage-sylt\/wp-content\/uploads\/2024\/02\/IMG_8464.jpeg\" alt=\"\" width=\"1100\" height=\"800\" srcset=\"https:\/\/jessel.de\/365-tage-sylt\/wp-content\/uploads\/2024\/02\/IMG_8464.jpeg 1100w, https:\/\/jessel.de\/365-tage-sylt\/wp-content\/uploads\/2024\/02\/IMG_8464-300x218.jpeg 300w, https:\/\/jessel.de\/365-tage-sylt\/wp-content\/uploads\/2024\/02\/IMG_8464-1024x745.jpeg 1024w, https:\/\/jessel.de\/365-tage-sylt\/wp-content\/uploads\/2024\/02\/IMG_8464-768x559.jpeg 768w\" sizes=\"auto, (max-width: 1100px) 100vw, 1100px\" \/><\/p>\n<p>Bei der Haltestelle <em>Bernina Diavolezza<\/em> h\u00fcpfe ich aus dem Zug und wechsel\u2018 in den Bus, der mich wenige Minuten sp\u00e4ter am Halt <em>Morteratsch-Abzweigung<\/em> wieder ausspuckt. Von der Stra\u00dfe sind es keine 5 Minuten bis zum h\u00f6chsten Wintercampingplatz Europas\u2026:<\/p>\n<p><img loading=\"lazy\" decoding=\"async\" class=\"size-full wp-image-16839\" src=\"https:\/\/jessel.de\/365-tage-sylt\/wp-content\/uploads\/2024\/02\/IMG_8457.jpeg\" alt=\"\" width=\"1100\" height=\"800\" srcset=\"https:\/\/jessel.de\/365-tage-sylt\/wp-content\/uploads\/2024\/02\/IMG_8457.jpeg 1100w, https:\/\/jessel.de\/365-tage-sylt\/wp-content\/uploads\/2024\/02\/IMG_8457-300x218.jpeg 300w, https:\/\/jessel.de\/365-tage-sylt\/wp-content\/uploads\/2024\/02\/IMG_8457-1024x745.jpeg 1024w, https:\/\/jessel.de\/365-tage-sylt\/wp-content\/uploads\/2024\/02\/IMG_8457-768x559.jpeg 768w\" sizes=\"auto, (max-width: 1100px) 100vw, 1100px\" \/><\/p>\n<p>\u2026 auf dem ich mich in einer der drei Holzh\u00fctten einquartiere. Zum Abendessen gibt\u2019s\u2026. ach nee, das erz\u00e4hle ich Euch morgen.<\/p>\n","protected":false},"excerpt":{"rendered":"<p>Den Abstecher ins Urbane hatte ich bewusst gew\u00e4hlt, nun aber heisst es raus in die Natur. Und zwar eine Natur, die m\u00f6glichst gaaanz anders tickt als auf Sylt. Also nehme ich den FRECCIAROSSA um 8:32 Uhr nach Milano Centrale. Im SPIEGEL lese ich w\u00e4hrend der Fahrt neueste Erkenntnisse zur aktuellen Reise-Ethik: Also ICH w\u00fcnsche mir zun\u00e4chst einmal eine spannende Zugreise. Deshalb steige ich in MILANO\u00a0um in den Zug nach TIRANO\u2026:&hellip;<\/p>\n","protected":false},"author":2,"featured_media":16830,"comment_status":"open","ping_status":"open","sticky":false,"template":"","format":"standard","meta":{"footnotes":""},"categories":[27,39,28,44,52,4,2,23,33],"tags":[],"class_list":["post-16828","post","type-post","status-publish","format-standard","has-post-thumbnail","hentry","category-alle-bilder","category-arbeit","category-haeuser","category-pflanzen","category-schnee","category-spuren","category-tourismus","category-winter","category-woanders"],"jetpack_featured_media_url":"https:\/\/jessel.de\/365-tage-sylt\/wp-content\/uploads\/2024\/02\/IMG_8459.jpeg","_links":{"self":[{"href":"https:\/\/jessel.de\/365-tage-sylt\/wp-json\/wp\/v2\/posts\/16828","targetHints":{"allow":["GET"]}}],"collection":[{"href":"https:\/\/jessel.de\/365-tage-sylt\/wp-json\/wp\/v2\/posts"}],"about":[{"href":"https:\/\/jessel.de\/365-tage-sylt\/wp-json\/wp\/v2\/types\/post"}],"author":[{"embeddable":true,"href":"https:\/\/jessel.de\/365-tage-sylt\/wp-json\/wp\/v2\/users\/2"}],"replies":[{"embeddable":true,"href":"https:\/\/jessel.de\/365-tage-sylt\/wp-json\/wp\/v2\/comments?post=16828"}],"version-history":[{"count":4,"href":"https:\/\/jessel.de\/365-tage-sylt\/wp-json\/wp\/v2\/posts\/16828\/revisions"}],"predecessor-version":[{"id":16842,"href":"https:\/\/jessel.de\/365-tage-sylt\/wp-json\/wp\/v2\/posts\/16828\/revisions\/16842"}],"wp:featuredmedia":[{"embeddable":true,"href":"https:\/\/jessel.de\/365-tage-sylt\/wp-json\/wp\/v2\/media\/16830"}],"wp:attachment":[{"href":"https:\/\/jessel.de\/365-tage-sylt\/wp-json\/wp\/v2\/media?parent=16828"}],"wp:term":[{"taxonomy":"category","embeddable":true,"href":"https:\/\/jessel.de\/365-tage-sylt\/wp-json\/wp\/v2\/categories?post=16828"},{"taxonomy":"post_tag","embeddable":true,"href":"https:\/\/jessel.de\/365-tage-sylt\/wp-json\/wp\/v2\/tags?post=16828"}],"curies":[{"name":"wp","href":"https:\/\/api.w.org\/{rel}","templated":true}]}}