{"id":17195,"date":"2024-03-22T17:59:09","date_gmt":"2024-03-22T17:59:09","guid":{"rendered":"https:\/\/jessel.de\/365-tage-sylt\/?p=17195"},"modified":"2024-03-23T08:23:13","modified_gmt":"2024-03-23T08:23:13","slug":"22-maerz-long-is-the-way-to-tipperary","status":"publish","type":"post","link":"https:\/\/jessel.de\/365-tage-sylt\/22-maerz-long-is-the-way-to-tipperary\/","title":{"rendered":"22. M\u00e4rz: Long is the way to Tipperary!"},"content":{"rendered":"<p>Das Wetter m\u00f6chte mir Streiche spielen. Aber nicht mit Hans! Auf meinen Solo-Touren durch die Weltgeschichte versuche ich stets, so flexibel wie m\u00f6glich zu agieren &#8211; das hat sich bew\u00e4hrt. So entscheide ich noch am gestrigen Abend, dem zum heutigen Nachmittag angek\u00fcndigten Regen einfach davonzufahren. Also ist das Motto: Fr\u00fcher Aufbruch, gro\u00dfe Strecke! P\u00fcnktlich um 7 Uhr am Morgen stehen Ross &amp; Reiter parat zur Abfahrt:<\/p>\n<p><img loading=\"lazy\" decoding=\"async\" class=\"size-full wp-image-17198\" src=\"https:\/\/jessel.de\/365-tage-sylt\/wp-content\/uploads\/2024\/03\/IMG_8857.jpeg\" alt=\"\" width=\"1200\" height=\"800\" srcset=\"https:\/\/jessel.de\/365-tage-sylt\/wp-content\/uploads\/2024\/03\/IMG_8857.jpeg 1200w, https:\/\/jessel.de\/365-tage-sylt\/wp-content\/uploads\/2024\/03\/IMG_8857-300x200.jpeg 300w, https:\/\/jessel.de\/365-tage-sylt\/wp-content\/uploads\/2024\/03\/IMG_8857-1024x683.jpeg 1024w, https:\/\/jessel.de\/365-tage-sylt\/wp-content\/uploads\/2024\/03\/IMG_8857-768x512.jpeg 768w\" sizes=\"auto, (max-width: 1200px) 100vw, 1200px\" \/><\/p>\n<p>Sollte \u00fcbrigens mal jemand von Euch nach Havelberg kommen und eine nette Unterkunft suchen, kann ich die Zimmer des \u201eBILDERBuchcaf\u00e9\u2018s\u201c nur w\u00e4rmstens empfehlen. Und den Cappuccino des Hauses auch! Mit dem Fr\u00fchst\u00fcck wurde es nun heute wegen des fr\u00fchen Aufbruchs nichts, daf\u00fcr habe ich um kurz vor 10 Uhr schon 50 Kilometer abgespult &#8211; siehe heutiger Titel.<\/p>\n<p>Nach Querung von 20 Kilometern Havelniederung\u2026:<\/p>\n<p><img loading=\"lazy\" decoding=\"async\" class=\"size-full wp-image-17199\" src=\"https:\/\/jessel.de\/365-tage-sylt\/wp-content\/uploads\/2024\/03\/IMG_8855.jpeg\" alt=\"\" width=\"1200\" height=\"800\" srcset=\"https:\/\/jessel.de\/365-tage-sylt\/wp-content\/uploads\/2024\/03\/IMG_8855.jpeg 1200w, https:\/\/jessel.de\/365-tage-sylt\/wp-content\/uploads\/2024\/03\/IMG_8855-300x200.jpeg 300w, https:\/\/jessel.de\/365-tage-sylt\/wp-content\/uploads\/2024\/03\/IMG_8855-1024x683.jpeg 1024w, https:\/\/jessel.de\/365-tage-sylt\/wp-content\/uploads\/2024\/03\/IMG_8855-768x512.jpeg 768w\" sizes=\"auto, (max-width: 1200px) 100vw, 1200px\" \/><\/p>\n<p>\u2026 komme ich in eine wirklich ostzonal anmutende Pampa, und werde auf fast 20 Kilometern mit echten DDR-Betonplattenwegen bestraft. Diese killen jegliche Art von Geschwindigkeit und man f\u00fchlt sich wie in einem Cocktail-Shaker durchgesch\u00fcttelt.<\/p>\n<p>Immerhin besitzt der gemeine Ossi einen speziellen Humor, der mir trotz meine geshakten Birne nicht verborgen bleibt, wenn mir am Ende dieser gemeinen Wellblechpiste diese drei Gestalten zuzwinkern:<\/p>\n<p>&nbsp;<\/p>\n<p><img loading=\"lazy\" decoding=\"async\" class=\"size-full wp-image-17200\" src=\"https:\/\/jessel.de\/365-tage-sylt\/wp-content\/uploads\/2024\/03\/IMG_8858.jpeg\" alt=\"\" width=\"1200\" height=\"800\" srcset=\"https:\/\/jessel.de\/365-tage-sylt\/wp-content\/uploads\/2024\/03\/IMG_8858.jpeg 1200w, https:\/\/jessel.de\/365-tage-sylt\/wp-content\/uploads\/2024\/03\/IMG_8858-300x200.jpeg 300w, https:\/\/jessel.de\/365-tage-sylt\/wp-content\/uploads\/2024\/03\/IMG_8858-1024x683.jpeg 1024w, https:\/\/jessel.de\/365-tage-sylt\/wp-content\/uploads\/2024\/03\/IMG_8858-768x512.jpeg 768w\" sizes=\"auto, (max-width: 1200px) 100vw, 1200px\" \/><\/p>\n<p>Das Wetter macht mir im Verlauf des Vormittags zunehmend Sorgen. Seit dem Start nieselt es immer mal wieder, und in meinem R\u00fccken wird es dunkler und dunkler. Au\u00dferdem wird mein Gem\u00fct nicht heiterer beim Anblick mancher Architektur am Wegesrand\u2026:<\/p>\n<p><img loading=\"lazy\" decoding=\"async\" class=\"size-full wp-image-17201\" src=\"https:\/\/jessel.de\/365-tage-sylt\/wp-content\/uploads\/2024\/03\/IMG_8856.jpeg\" alt=\"\" width=\"1200\" height=\"800\" srcset=\"https:\/\/jessel.de\/365-tage-sylt\/wp-content\/uploads\/2024\/03\/IMG_8856.jpeg 1200w, https:\/\/jessel.de\/365-tage-sylt\/wp-content\/uploads\/2024\/03\/IMG_8856-300x200.jpeg 300w, https:\/\/jessel.de\/365-tage-sylt\/wp-content\/uploads\/2024\/03\/IMG_8856-1024x683.jpeg 1024w, https:\/\/jessel.de\/365-tage-sylt\/wp-content\/uploads\/2024\/03\/IMG_8856-768x512.jpeg 768w\" sizes=\"auto, (max-width: 1200px) 100vw, 1200px\" \/><\/p>\n<p>\u2026 und dem Umgang mancher Zeitgenossen mit Restm\u00fcll:<\/p>\n<p><img loading=\"lazy\" decoding=\"async\" class=\"size-full wp-image-17203\" src=\"https:\/\/jessel.de\/365-tage-sylt\/wp-content\/uploads\/2024\/03\/IMG_8853.jpeg\" alt=\"\" width=\"1200\" height=\"800\" srcset=\"https:\/\/jessel.de\/365-tage-sylt\/wp-content\/uploads\/2024\/03\/IMG_8853.jpeg 1200w, https:\/\/jessel.de\/365-tage-sylt\/wp-content\/uploads\/2024\/03\/IMG_8853-300x200.jpeg 300w, https:\/\/jessel.de\/365-tage-sylt\/wp-content\/uploads\/2024\/03\/IMG_8853-1024x683.jpeg 1024w, https:\/\/jessel.de\/365-tage-sylt\/wp-content\/uploads\/2024\/03\/IMG_8853-768x512.jpeg 768w\" sizes=\"auto, (max-width: 1200px) 100vw, 1200px\" \/><\/p>\n<p>Bei Kilometer 100, kurz vor dem Erreichen Spandaus, \u00f6ffnet der Himmel beherzt seine Schleusen, und ich bin nass, bevor ich das Regenzeugs \u00fcberhaupt aus den Radtaschen gepult habe. Im str\u00f6menden Regen fahre ich bald nach 14 Uhr den Ku\u2018damm hinunter und freue mich sehr auf die projektierte warme Dusche im Hotel &#8211; und den au\u00dferordentlich verdienten Cappuccino gleich in der Nachbarschaft:<\/p>\n<p><img loading=\"lazy\" decoding=\"async\" class=\"size-full wp-image-17204\" src=\"https:\/\/jessel.de\/365-tage-sylt\/wp-content\/uploads\/2024\/03\/IMG_8852.jpeg\" alt=\"\" width=\"1200\" height=\"800\" srcset=\"https:\/\/jessel.de\/365-tage-sylt\/wp-content\/uploads\/2024\/03\/IMG_8852.jpeg 1200w, https:\/\/jessel.de\/365-tage-sylt\/wp-content\/uploads\/2024\/03\/IMG_8852-300x200.jpeg 300w, https:\/\/jessel.de\/365-tage-sylt\/wp-content\/uploads\/2024\/03\/IMG_8852-1024x683.jpeg 1024w, https:\/\/jessel.de\/365-tage-sylt\/wp-content\/uploads\/2024\/03\/IMG_8852-768x512.jpeg 768w\" sizes=\"auto, (max-width: 1200px) 100vw, 1200px\" \/><\/p>\n<p>Fazit: Der heutige Tag erhielt seine W\u00fcrze durch eine gute Entscheidung &#8211; und durch das \u00fcberkrasse Wechselbad von Provinz und Gro\u00dfstadt. Ich liebe das Hineinfahren in Millionenst\u00e4dte und freue mich gleichzeitig, da\u00df ich nicht dauerhaft in diesem Chaos leben mu\u00df.<\/p>\n<p>&nbsp;<\/p>\n","protected":false},"excerpt":{"rendered":"<p>Das Wetter m\u00f6chte mir Streiche spielen. Aber nicht mit Hans! Auf meinen Solo-Touren durch die Weltgeschichte versuche ich stets, so flexibel wie m\u00f6glich zu agieren &#8211; das hat sich bew\u00e4hrt. So entscheide ich noch am gestrigen Abend, dem zum heutigen Nachmittag angek\u00fcndigten Regen einfach davonzufahren. Also ist das Motto: Fr\u00fcher Aufbruch, gro\u00dfe Strecke! P\u00fcnktlich um 7 Uhr am Morgen stehen Ross &amp; Reiter parat zur Abfahrt: Sollte \u00fcbrigens mal jemand&hellip;<\/p>\n","protected":false},"author":2,"featured_media":17197,"comment_status":"open","ping_status":"open","sticky":false,"template":"","format":"standard","meta":{"footnotes":""},"categories":[27,39,41,35,4,2,29,33],"tags":[],"class_list":["post-17195","post","type-post","status-publish","format-standard","has-post-thumbnail","hentry","category-alle-bilder","category-arbeit","category-fruehling","category-schlechtes-wetter","category-spuren","category-tourismus","category-verkehr","category-woanders"],"jetpack_featured_media_url":"https:\/\/jessel.de\/365-tage-sylt\/wp-content\/uploads\/2024\/03\/IMG_8860.jpeg","_links":{"self":[{"href":"https:\/\/jessel.de\/365-tage-sylt\/wp-json\/wp\/v2\/posts\/17195","targetHints":{"allow":["GET"]}}],"collection":[{"href":"https:\/\/jessel.de\/365-tage-sylt\/wp-json\/wp\/v2\/posts"}],"about":[{"href":"https:\/\/jessel.de\/365-tage-sylt\/wp-json\/wp\/v2\/types\/post"}],"author":[{"embeddable":true,"href":"https:\/\/jessel.de\/365-tage-sylt\/wp-json\/wp\/v2\/users\/2"}],"replies":[{"embeddable":true,"href":"https:\/\/jessel.de\/365-tage-sylt\/wp-json\/wp\/v2\/comments?post=17195"}],"version-history":[{"count":5,"href":"https:\/\/jessel.de\/365-tage-sylt\/wp-json\/wp\/v2\/posts\/17195\/revisions"}],"predecessor-version":[{"id":17208,"href":"https:\/\/jessel.de\/365-tage-sylt\/wp-json\/wp\/v2\/posts\/17195\/revisions\/17208"}],"wp:featuredmedia":[{"embeddable":true,"href":"https:\/\/jessel.de\/365-tage-sylt\/wp-json\/wp\/v2\/media\/17197"}],"wp:attachment":[{"href":"https:\/\/jessel.de\/365-tage-sylt\/wp-json\/wp\/v2\/media?parent=17195"}],"wp:term":[{"taxonomy":"category","embeddable":true,"href":"https:\/\/jessel.de\/365-tage-sylt\/wp-json\/wp\/v2\/categories?post=17195"},{"taxonomy":"post_tag","embeddable":true,"href":"https:\/\/jessel.de\/365-tage-sylt\/wp-json\/wp\/v2\/tags?post=17195"}],"curies":[{"name":"wp","href":"https:\/\/api.w.org\/{rel}","templated":true}]}}