{"id":17259,"date":"2024-03-29T19:42:39","date_gmt":"2024-03-29T19:42:39","guid":{"rendered":"https:\/\/jessel.de\/365-tage-sylt\/?p=17259"},"modified":"2024-03-29T19:45:29","modified_gmt":"2024-03-29T19:45:29","slug":"29-maerz-das-schweigen-der-kaelber","status":"publish","type":"post","link":"https:\/\/jessel.de\/365-tage-sylt\/29-maerz-das-schweigen-der-kaelber\/","title":{"rendered":"29. M\u00e4rz: Das Schweigen der K\u00e4lber"},"content":{"rendered":"<p>\u2026 vorm Kampener Leuchtturm.<\/p>\n<p>Heute fr\u00fch bin ich im Morgengrauen unterwegs, komme allerdings ohne ein einziges Foto zur\u00fcck, denn die Nordsee pr\u00e4sentiert sich langweilig, und die Sonne versteckt sich alsbald wieder hinter einer von S\u00fcdwesten herannahenden Frontbew\u00f6lkung.<\/p>\n<p>Dann(!) eben(!) nicht!<\/p>\n<p>Von meinem Kalenderverleger Frank Rosemann erhalte ich die Nachricht, da\u00df die Bildauswahlen f\u00fcr die 2026er Kalender im Mai anst\u00fcnden. Ich m\u00f6ge doch mein Schaffen der zur\u00fcckliegenden Monate mal sichten und m\u00f6glichst bald r\u00fcberbeamen\u2026<\/p>\n<p>Da es sich drau\u00dfen immer dichter bew\u00f6lkt und bald die ersten Tropfen fallen, mache ich mich gleich mal an die Sichtung &#8211; und finde im Laufe des Tages unter ca. 5.000 Fotos nicht weniger als 435(!) kalenderf\u00e4hige Motive, soviele wie noch nie in den zur\u00fcckliegenden 40 Jahren. Je \u00f6ller desto d\u00f6ller? Auf jeden Fall: Bravo Hans!<\/p>\n<p>Da viele der auserw\u00e4hlten Fotos noch einer Schlussbearbeitung bed\u00fcrfen, zieht sich die Sichtung bis zum Abend hin. Ich bekomme vor lauter Begeisterung gar nicht mit, da\u00df sich die Sonne kurz vorm Untergang noch einmal unter der Wolkendecke sehen l\u00e4sst &#8211; egal!<\/p>\n<p>Nachfolgend ein paar meiner Favoriten. Der Blick \u00fcber die Kampener Nordwestheide im Winter zum Beispiel:<\/p>\n<p><img loading=\"lazy\" decoding=\"async\" class=\"alignnone size-full wp-image-17261\" src=\"https:\/\/jessel.de\/365-tage-sylt\/wp-content\/uploads\/2024\/03\/IMG_8902.jpeg\" alt=\"\" width=\"1205\" height=\"800\" srcset=\"https:\/\/jessel.de\/365-tage-sylt\/wp-content\/uploads\/2024\/03\/IMG_8902.jpeg 1205w, https:\/\/jessel.de\/365-tage-sylt\/wp-content\/uploads\/2024\/03\/IMG_8902-300x199.jpeg 300w, https:\/\/jessel.de\/365-tage-sylt\/wp-content\/uploads\/2024\/03\/IMG_8902-1024x680.jpeg 1024w, https:\/\/jessel.de\/365-tage-sylt\/wp-content\/uploads\/2024\/03\/IMG_8902-768x510.jpeg 768w\" sizes=\"auto, (max-width: 1205px) 100vw, 1205px\" \/><\/p>\n<p>Dieses Bild von dem Reh auf einem H\u00fcnengrab vorm Haus Kliffende z\u00e4hlt ebenfalls zu meinen Lieblingen:<\/p>\n<p><img loading=\"lazy\" decoding=\"async\" class=\"alignnone size-full wp-image-17262\" src=\"https:\/\/jessel.de\/365-tage-sylt\/wp-content\/uploads\/2024\/03\/IMG_8901.jpeg\" alt=\"\" width=\"1500\" height=\"662\" srcset=\"https:\/\/jessel.de\/365-tage-sylt\/wp-content\/uploads\/2024\/03\/IMG_8901.jpeg 1500w, https:\/\/jessel.de\/365-tage-sylt\/wp-content\/uploads\/2024\/03\/IMG_8901-300x132.jpeg 300w, https:\/\/jessel.de\/365-tage-sylt\/wp-content\/uploads\/2024\/03\/IMG_8901-1024x452.jpeg 1024w, https:\/\/jessel.de\/365-tage-sylt\/wp-content\/uploads\/2024\/03\/IMG_8901-768x339.jpeg 768w\" sizes=\"auto, (max-width: 1500px) 100vw, 1500px\" \/><\/p>\n<p>Gar nicht weit weg davon entstand dieser Blick \u00fcber die Nordwestheide:<\/p>\n<p><img loading=\"lazy\" decoding=\"async\" class=\"alignnone size-full wp-image-17263\" src=\"https:\/\/jessel.de\/365-tage-sylt\/wp-content\/uploads\/2024\/03\/IMG_8899.jpeg\" alt=\"\" width=\"1204\" height=\"800\" srcset=\"https:\/\/jessel.de\/365-tage-sylt\/wp-content\/uploads\/2024\/03\/IMG_8899.jpeg 1204w, https:\/\/jessel.de\/365-tage-sylt\/wp-content\/uploads\/2024\/03\/IMG_8899-300x199.jpeg 300w, https:\/\/jessel.de\/365-tage-sylt\/wp-content\/uploads\/2024\/03\/IMG_8899-1024x680.jpeg 1024w, https:\/\/jessel.de\/365-tage-sylt\/wp-content\/uploads\/2024\/03\/IMG_8899-768x510.jpeg 768w\" sizes=\"auto, (max-width: 1204px) 100vw, 1204px\" \/><\/p>\n<p>Hier ein Motiv aus H\u00f6rnum, perfekt als Herbststimmung an der Nordseek\u00fcste:<\/p>\n<p><img loading=\"lazy\" decoding=\"async\" class=\"alignnone size-full wp-image-17264\" src=\"https:\/\/jessel.de\/365-tage-sylt\/wp-content\/uploads\/2024\/03\/IMG_8900.jpeg\" alt=\"\" width=\"1205\" height=\"800\" srcset=\"https:\/\/jessel.de\/365-tage-sylt\/wp-content\/uploads\/2024\/03\/IMG_8900.jpeg 1205w, https:\/\/jessel.de\/365-tage-sylt\/wp-content\/uploads\/2024\/03\/IMG_8900-300x199.jpeg 300w, https:\/\/jessel.de\/365-tage-sylt\/wp-content\/uploads\/2024\/03\/IMG_8900-1024x680.jpeg 1024w, https:\/\/jessel.de\/365-tage-sylt\/wp-content\/uploads\/2024\/03\/IMG_8900-768x510.jpeg 768w\" sizes=\"auto, (max-width: 1205px) 100vw, 1205px\" \/><\/p>\n<p>Und schlie\u00dflich ein Panorama einer brechenden Welle. Von diesen werden so einige in meine Kalender 2026 einziehen, erm\u00f6glicht durch meine neue Kamera &#8211; wovon ich genug berichtet habe:<\/p>\n<p><img loading=\"lazy\" decoding=\"async\" class=\"alignnone size-full wp-image-17265\" src=\"https:\/\/jessel.de\/365-tage-sylt\/wp-content\/uploads\/2024\/03\/IMG_8897.jpeg\" alt=\"\" width=\"1500\" height=\"500\" srcset=\"https:\/\/jessel.de\/365-tage-sylt\/wp-content\/uploads\/2024\/03\/IMG_8897.jpeg 1500w, https:\/\/jessel.de\/365-tage-sylt\/wp-content\/uploads\/2024\/03\/IMG_8897-300x100.jpeg 300w, https:\/\/jessel.de\/365-tage-sylt\/wp-content\/uploads\/2024\/03\/IMG_8897-1024x341.jpeg 1024w, https:\/\/jessel.de\/365-tage-sylt\/wp-content\/uploads\/2024\/03\/IMG_8897-768x256.jpeg 768w\" sizes=\"auto, (max-width: 1500px) 100vw, 1500px\" \/><\/p>\n<p>Tats\u00e4chlich sind bis jetzt (kurz vor 21 Uhr) alle neuen Motive versandbereit &#8211; und morgen gibt es einen gl\u00fccklichen Menschen mehr. Meinen Verleger n\u00e4mlich! \ud83d\ude09<\/p>\n","protected":false},"excerpt":{"rendered":"<p>\u2026 vorm Kampener Leuchtturm. Heute fr\u00fch bin ich im Morgengrauen unterwegs, komme allerdings ohne ein einziges Foto zur\u00fcck, denn die Nordsee pr\u00e4sentiert sich langweilig, und die Sonne versteckt sich alsbald wieder hinter einer von S\u00fcdwesten herannahenden Frontbew\u00f6lkung. Dann(!) eben(!) nicht! Von meinem Kalenderverleger Frank Rosemann erhalte ich die Nachricht, da\u00df die Bildauswahlen f\u00fcr die 2026er Kalender im Mai anst\u00fcnden. Ich m\u00f6ge doch mein Schaffen der zur\u00fcckliegenden Monate mal sichten und&hellip;<\/p>\n","protected":false},"author":2,"featured_media":17260,"comment_status":"open","ping_status":"open","sticky":false,"template":"","format":"standard","meta":{"footnotes":""},"categories":[27,39,41,28,25,4,40,30],"tags":[],"class_list":["post-17259","post","type-post","status-publish","format-standard","has-post-thumbnail","hentry","category-alle-bilder","category-arbeit","category-fruehling","category-haeuser","category-kampen","category-spuren","category-tiere","category-tradition"],"jetpack_featured_media_url":"https:\/\/jessel.de\/365-tage-sylt\/wp-content\/uploads\/2024\/03\/IMG_8898.jpeg","_links":{"self":[{"href":"https:\/\/jessel.de\/365-tage-sylt\/wp-json\/wp\/v2\/posts\/17259","targetHints":{"allow":["GET"]}}],"collection":[{"href":"https:\/\/jessel.de\/365-tage-sylt\/wp-json\/wp\/v2\/posts"}],"about":[{"href":"https:\/\/jessel.de\/365-tage-sylt\/wp-json\/wp\/v2\/types\/post"}],"author":[{"embeddable":true,"href":"https:\/\/jessel.de\/365-tage-sylt\/wp-json\/wp\/v2\/users\/2"}],"replies":[{"embeddable":true,"href":"https:\/\/jessel.de\/365-tage-sylt\/wp-json\/wp\/v2\/comments?post=17259"}],"version-history":[{"count":3,"href":"https:\/\/jessel.de\/365-tage-sylt\/wp-json\/wp\/v2\/posts\/17259\/revisions"}],"predecessor-version":[{"id":17268,"href":"https:\/\/jessel.de\/365-tage-sylt\/wp-json\/wp\/v2\/posts\/17259\/revisions\/17268"}],"wp:featuredmedia":[{"embeddable":true,"href":"https:\/\/jessel.de\/365-tage-sylt\/wp-json\/wp\/v2\/media\/17260"}],"wp:attachment":[{"href":"https:\/\/jessel.de\/365-tage-sylt\/wp-json\/wp\/v2\/media?parent=17259"}],"wp:term":[{"taxonomy":"category","embeddable":true,"href":"https:\/\/jessel.de\/365-tage-sylt\/wp-json\/wp\/v2\/categories?post=17259"},{"taxonomy":"post_tag","embeddable":true,"href":"https:\/\/jessel.de\/365-tage-sylt\/wp-json\/wp\/v2\/tags?post=17259"}],"curies":[{"name":"wp","href":"https:\/\/api.w.org\/{rel}","templated":true}]}}