{"id":17505,"date":"2024-05-06T19:47:24","date_gmt":"2024-05-06T19:47:24","guid":{"rendered":"https:\/\/jessel.de\/365-tage-sylt\/?p=17505"},"modified":"2024-05-06T19:47:24","modified_gmt":"2024-05-06T19:47:24","slug":"6-mai-die-farben","status":"publish","type":"post","link":"https:\/\/jessel.de\/365-tage-sylt\/6-mai-die-farben\/","title":{"rendered":"6. Mai: Die Farben\u2026"},"content":{"rendered":"<p>\u2026 sind schon krass: Hier die Kirschbl\u00fcten auf dem Blinden-Tastmodell in Alt-Westerland, dort das schrille Gelb der Rapsfelder, denen ich so langsam fotografisch n\u00e4her komme:<\/p>\n<p><img loading=\"lazy\" decoding=\"async\" class=\"alignnone size-full wp-image-17507\" src=\"https:\/\/jessel.de\/365-tage-sylt\/wp-content\/uploads\/2024\/05\/IMG_9111.jpeg\" alt=\"\" width=\"1205\" height=\"800\" srcset=\"https:\/\/jessel.de\/365-tage-sylt\/wp-content\/uploads\/2024\/05\/IMG_9111.jpeg 1205w, https:\/\/jessel.de\/365-tage-sylt\/wp-content\/uploads\/2024\/05\/IMG_9111-300x199.jpeg 300w, https:\/\/jessel.de\/365-tage-sylt\/wp-content\/uploads\/2024\/05\/IMG_9111-1024x680.jpeg 1024w, https:\/\/jessel.de\/365-tage-sylt\/wp-content\/uploads\/2024\/05\/IMG_9111-768x510.jpeg 768w\" sizes=\"auto, (max-width: 1205px) 100vw, 1205px\" \/><\/p>\n<p>Und zwischendrin die goldigen L\u00e4mmer, die schon auf den Fotografen zu warten scheinen\u2026:<\/p>\n<p><img loading=\"lazy\" decoding=\"async\" class=\"alignnone size-full wp-image-17508\" src=\"https:\/\/jessel.de\/365-tage-sylt\/wp-content\/uploads\/2024\/05\/IMG_9115.jpeg\" alt=\"\" width=\"1205\" height=\"800\" srcset=\"https:\/\/jessel.de\/365-tage-sylt\/wp-content\/uploads\/2024\/05\/IMG_9115.jpeg 1205w, https:\/\/jessel.de\/365-tage-sylt\/wp-content\/uploads\/2024\/05\/IMG_9115-300x199.jpeg 300w, https:\/\/jessel.de\/365-tage-sylt\/wp-content\/uploads\/2024\/05\/IMG_9115-1024x680.jpeg 1024w, https:\/\/jessel.de\/365-tage-sylt\/wp-content\/uploads\/2024\/05\/IMG_9115-768x510.jpeg 768w\" sizes=\"auto, (max-width: 1205px) 100vw, 1205px\" \/><\/p>\n<p>\u2026 um diesem dann nach Anweisung Modell zu stehen:<\/p>\n<p><img loading=\"lazy\" decoding=\"async\" class=\"alignnone size-full wp-image-17509\" src=\"https:\/\/jessel.de\/365-tage-sylt\/wp-content\/uploads\/2024\/05\/IMG_9113.jpeg\" alt=\"\" width=\"1205\" height=\"800\" srcset=\"https:\/\/jessel.de\/365-tage-sylt\/wp-content\/uploads\/2024\/05\/IMG_9113.jpeg 1205w, https:\/\/jessel.de\/365-tage-sylt\/wp-content\/uploads\/2024\/05\/IMG_9113-300x199.jpeg 300w, https:\/\/jessel.de\/365-tage-sylt\/wp-content\/uploads\/2024\/05\/IMG_9113-1024x680.jpeg 1024w, https:\/\/jessel.de\/365-tage-sylt\/wp-content\/uploads\/2024\/05\/IMG_9113-768x510.jpeg 768w\" sizes=\"auto, (max-width: 1205px) 100vw, 1205px\" \/> <img loading=\"lazy\" decoding=\"async\" class=\"alignnone size-full wp-image-17510\" src=\"https:\/\/jessel.de\/365-tage-sylt\/wp-content\/uploads\/2024\/05\/IMG_9112.jpeg\" alt=\"\" width=\"1205\" height=\"800\" srcset=\"https:\/\/jessel.de\/365-tage-sylt\/wp-content\/uploads\/2024\/05\/IMG_9112.jpeg 1205w, https:\/\/jessel.de\/365-tage-sylt\/wp-content\/uploads\/2024\/05\/IMG_9112-300x199.jpeg 300w, https:\/\/jessel.de\/365-tage-sylt\/wp-content\/uploads\/2024\/05\/IMG_9112-1024x680.jpeg 1024w, https:\/\/jessel.de\/365-tage-sylt\/wp-content\/uploads\/2024\/05\/IMG_9112-768x510.jpeg 768w\" sizes=\"auto, (max-width: 1205px) 100vw, 1205px\" \/><\/p>\n<p>Erst als ich sage: \u201eSo, nun aber Abmarsch ins Bett!\u201c macht sich die ganze L\u00e4mmergesellschaft auf den Weg zu ihren Erziehungsberechtigten:<\/p>\n<p><img loading=\"lazy\" decoding=\"async\" class=\"alignnone size-full wp-image-17511\" src=\"https:\/\/jessel.de\/365-tage-sylt\/wp-content\/uploads\/2024\/05\/IMG_9114.jpeg\" alt=\"\" width=\"1205\" height=\"800\" srcset=\"https:\/\/jessel.de\/365-tage-sylt\/wp-content\/uploads\/2024\/05\/IMG_9114.jpeg 1205w, https:\/\/jessel.de\/365-tage-sylt\/wp-content\/uploads\/2024\/05\/IMG_9114-300x199.jpeg 300w, https:\/\/jessel.de\/365-tage-sylt\/wp-content\/uploads\/2024\/05\/IMG_9114-1024x680.jpeg 1024w, https:\/\/jessel.de\/365-tage-sylt\/wp-content\/uploads\/2024\/05\/IMG_9114-768x510.jpeg 768w\" sizes=\"auto, (max-width: 1205px) 100vw, 1205px\" \/><\/p>\n<p>Zwei Stunden der Ruhe, ausschlie\u00dflich Vogelgetr\u00e4ller und Schafsgem\u00e4\u00e4\u00e4he &#8211; was f\u00fcr ein Geschenk!<\/p>\n","protected":false},"excerpt":{"rendered":"<p>\u2026 sind schon krass: Hier die Kirschbl\u00fcten auf dem Blinden-Tastmodell in Alt-Westerland, dort das schrille Gelb der Rapsfelder, denen ich so langsam fotografisch n\u00e4her komme: Und zwischendrin die goldigen L\u00e4mmer, die schon auf den Fotografen zu warten scheinen\u2026: \u2026 um diesem dann nach Anweisung Modell zu stehen: Erst als ich sage: \u201eSo, nun aber Abmarsch ins Bett!\u201c macht sich die ganze L\u00e4mmergesellschaft auf den Weg zu ihren Erziehungsberechtigten: Zwei Stunden&hellip;<\/p>\n","protected":false},"author":2,"featured_media":17506,"comment_status":"open","ping_status":"open","sticky":false,"template":"","format":"standard","meta":{"footnotes":""},"categories":[27,39,41,28,44,2,7],"tags":[],"class_list":["post-17505","post","type-post","status-publish","format-standard","has-post-thumbnail","hentry","category-alle-bilder","category-arbeit","category-fruehling","category-haeuser","category-pflanzen","category-tourismus","category-westerland"],"jetpack_featured_media_url":"https:\/\/jessel.de\/365-tage-sylt\/wp-content\/uploads\/2024\/05\/IMG_9109.jpeg","_links":{"self":[{"href":"https:\/\/jessel.de\/365-tage-sylt\/wp-json\/wp\/v2\/posts\/17505","targetHints":{"allow":["GET"]}}],"collection":[{"href":"https:\/\/jessel.de\/365-tage-sylt\/wp-json\/wp\/v2\/posts"}],"about":[{"href":"https:\/\/jessel.de\/365-tage-sylt\/wp-json\/wp\/v2\/types\/post"}],"author":[{"embeddable":true,"href":"https:\/\/jessel.de\/365-tage-sylt\/wp-json\/wp\/v2\/users\/2"}],"replies":[{"embeddable":true,"href":"https:\/\/jessel.de\/365-tage-sylt\/wp-json\/wp\/v2\/comments?post=17505"}],"version-history":[{"count":1,"href":"https:\/\/jessel.de\/365-tage-sylt\/wp-json\/wp\/v2\/posts\/17505\/revisions"}],"predecessor-version":[{"id":17512,"href":"https:\/\/jessel.de\/365-tage-sylt\/wp-json\/wp\/v2\/posts\/17505\/revisions\/17512"}],"wp:featuredmedia":[{"embeddable":true,"href":"https:\/\/jessel.de\/365-tage-sylt\/wp-json\/wp\/v2\/media\/17506"}],"wp:attachment":[{"href":"https:\/\/jessel.de\/365-tage-sylt\/wp-json\/wp\/v2\/media?parent=17505"}],"wp:term":[{"taxonomy":"category","embeddable":true,"href":"https:\/\/jessel.de\/365-tage-sylt\/wp-json\/wp\/v2\/categories?post=17505"},{"taxonomy":"post_tag","embeddable":true,"href":"https:\/\/jessel.de\/365-tage-sylt\/wp-json\/wp\/v2\/tags?post=17505"}],"curies":[{"name":"wp","href":"https:\/\/api.w.org\/{rel}","templated":true}]}}