{"id":17513,"date":"2024-05-07T19:53:51","date_gmt":"2024-05-07T19:53:51","guid":{"rendered":"https:\/\/jessel.de\/365-tage-sylt\/?p=17513"},"modified":"2024-05-08T11:33:04","modified_gmt":"2024-05-08T11:33:04","slug":"7-mai-die-nacht-war-schwarz","status":"publish","type":"post","link":"https:\/\/jessel.de\/365-tage-sylt\/7-mai-die-nacht-war-schwarz\/","title":{"rendered":"7. Mai: \u201eDie Nacht war schwarz\u2026"},"content":{"rendered":"<p>\u2026 der Mond schien helle, als der Killer der Sylter Welle\u2026\u201c Tja, Kinder, Sylt-Krimis stehen hoch im Kurs, wie Ihr seht.<\/p>\n<p>Oder war alles doch ganz anders? Das erfahrt Ihr &#8211; leider &#8211; erst morgen, denn der Inselfotograf kommt gerade erst vom Tagwerk zur\u00fcck und muss morgen fr\u00fch hoch\u2026<\/p>\n<p>There we are again! Zu Besuch ist &#8211; eeendlich einmal wieder &#8211; der werte K\u00fcnstlerfreund und anerkannte Malermeister Lars, der gerne \u201eeine Exkursion\u201c machen m\u00f6chte. Gefragt, getan, soll er haben:<\/p>\n<p><img loading=\"lazy\" decoding=\"async\" class=\"alignnone size-full wp-image-17527\" src=\"https:\/\/jessel.de\/365-tage-sylt\/wp-content\/uploads\/2024\/05\/IMG_9134-1.jpeg\" alt=\"\" width=\"1100\" height=\"800\" srcset=\"https:\/\/jessel.de\/365-tage-sylt\/wp-content\/uploads\/2024\/05\/IMG_9134-1.jpeg 1100w, https:\/\/jessel.de\/365-tage-sylt\/wp-content\/uploads\/2024\/05\/IMG_9134-1-300x218.jpeg 300w, https:\/\/jessel.de\/365-tage-sylt\/wp-content\/uploads\/2024\/05\/IMG_9134-1-1024x745.jpeg 1024w, https:\/\/jessel.de\/365-tage-sylt\/wp-content\/uploads\/2024\/05\/IMG_9134-1-768x559.jpeg 768w\" sizes=\"auto, (max-width: 1100px) 100vw, 1100px\" \/><br \/>\nWir nehmen den Sp\u00e4tnachmittags-Bus nach Morsum, durchwandern die Euch bereits bekannten Rapsfelder Richtung N\u00f6ssedeich, und stehen bald vor der ersten H\u00fcrde beim Versuch, die N\u00f6ssespitze zu umrunden:<\/p>\n<p><img loading=\"lazy\" decoding=\"async\" class=\"alignnone size-full wp-image-17528\" src=\"https:\/\/jessel.de\/365-tage-sylt\/wp-content\/uploads\/2024\/05\/IMG_9138-1.jpeg\" alt=\"\" width=\"1100\" height=\"800\" srcset=\"https:\/\/jessel.de\/365-tage-sylt\/wp-content\/uploads\/2024\/05\/IMG_9138-1.jpeg 1100w, https:\/\/jessel.de\/365-tage-sylt\/wp-content\/uploads\/2024\/05\/IMG_9138-1-300x218.jpeg 300w, https:\/\/jessel.de\/365-tage-sylt\/wp-content\/uploads\/2024\/05\/IMG_9138-1-1024x745.jpeg 1024w, https:\/\/jessel.de\/365-tage-sylt\/wp-content\/uploads\/2024\/05\/IMG_9138-1-768x559.jpeg 768w\" sizes=\"auto, (max-width: 1100px) 100vw, 1100px\" \/>Foto: Lars Wiggert<\/p>\n<p>Es ist schlickig hoch drei. In dem Priel versinke ich bis zum Bauchnabel &#8211; wenn ich so bl\u00f6d w\u00e4re, auch nur einen Schritt hineinzuwagen\u2026<\/p>\n<p>Nun schaut nur, wie die beherzte Jugend vorgeht &#8211; in Gestalt meines quicklebendigen K\u00fcnstlerfreundes:<\/p>\n<p><img loading=\"lazy\" decoding=\"async\" class=\"alignnone size-full wp-image-17521\" src=\"https:\/\/jessel.de\/365-tage-sylt\/wp-content\/uploads\/2024\/05\/IMG_9133.jpeg\" alt=\"\" width=\"1100\" height=\"800\" srcset=\"https:\/\/jessel.de\/365-tage-sylt\/wp-content\/uploads\/2024\/05\/IMG_9133.jpeg 1100w, https:\/\/jessel.de\/365-tage-sylt\/wp-content\/uploads\/2024\/05\/IMG_9133-300x218.jpeg 300w, https:\/\/jessel.de\/365-tage-sylt\/wp-content\/uploads\/2024\/05\/IMG_9133-1024x745.jpeg 1024w, https:\/\/jessel.de\/365-tage-sylt\/wp-content\/uploads\/2024\/05\/IMG_9133-768x559.jpeg 768w\" sizes=\"auto, (max-width: 1100px) 100vw, 1100px\" \/><\/p>\n<p>Anlauf genommen &#8211; und *hopps* auf die andere Seite. Mit dem Erfolg, da\u00df wir ab sofort getrennte Menschen sind, denn ICH denke ausschlie\u00dflich an all die lustigen, insbesondere eher noch an die weniger lustigen Begebenheiten, die mir widerfahren k\u00f6nnten, bei dem mutigen Sprung hinterher. Au\u00dferdem steht mein l\u00fcsterner Kollege mit gez\u00fccktem Fotohandy am anderen Ufer und malt sich sicher gerade das gleiche aus\u2026<\/p>\n<p><img loading=\"lazy\" decoding=\"async\" class=\"alignnone size-full wp-image-17530\" src=\"https:\/\/jessel.de\/365-tage-sylt\/wp-content\/uploads\/2024\/05\/IMG_9135-1.jpeg\" alt=\"\" width=\"800\" height=\"1100\" srcset=\"https:\/\/jessel.de\/365-tage-sylt\/wp-content\/uploads\/2024\/05\/IMG_9135-1.jpeg 800w, https:\/\/jessel.de\/365-tage-sylt\/wp-content\/uploads\/2024\/05\/IMG_9135-1-218x300.jpeg 218w, https:\/\/jessel.de\/365-tage-sylt\/wp-content\/uploads\/2024\/05\/IMG_9135-1-745x1024.jpeg 745w, https:\/\/jessel.de\/365-tage-sylt\/wp-content\/uploads\/2024\/05\/IMG_9135-1-768x1056.jpeg 768w\" sizes=\"auto, (max-width: 800px) 100vw, 800px\" \/>Foto: Lars Wiggert<\/p>\n<p>Neenee, datt ward nix. Ich k\u00e4mpfe mich im Verlaufe der folgenden 20 Minuten durch sumpfige Schilfr\u00f6hrichte, Lars sehe ich in der Ferne auf einer Weide in gestrecktem Galopp &#8211; sieht lustig aus, mit den Jungstieren im Gefolge.<\/p>\n<p>Dennoch, wir treffen auf einem Feldweg unversehrt zusammen, und mutig geht\u2019s voran zur n\u00e4chsten Challenge &#8211; dem Bahndamm. Jeder Sylter, der etwas auf sich h\u00e4lt, hat diesen zumindest einmal rechtswidrig \u00fcberquert, oder hat ihn bei Nacht und Nebel, noch viel rechtswidriger, bis nach Klanxb\u00fcll abgelaufen.<\/p>\n<p>An diesem sp\u00e4ten Nachmittag jedenfalls werden zwei uns unbekannte Personen im besten Mannesalter von niiieeeemandem beobachtet bei ihrem erfolgreichen Versuch\u2026:<\/p>\n<p><img loading=\"lazy\" decoding=\"async\" class=\"alignnone size-full wp-image-17523\" src=\"https:\/\/jessel.de\/365-tage-sylt\/wp-content\/uploads\/2024\/05\/IMG_9132.jpeg\" alt=\"\" width=\"1100\" height=\"800\" srcset=\"https:\/\/jessel.de\/365-tage-sylt\/wp-content\/uploads\/2024\/05\/IMG_9132.jpeg 1100w, https:\/\/jessel.de\/365-tage-sylt\/wp-content\/uploads\/2024\/05\/IMG_9132-300x218.jpeg 300w, https:\/\/jessel.de\/365-tage-sylt\/wp-content\/uploads\/2024\/05\/IMG_9132-1024x745.jpeg 1024w, https:\/\/jessel.de\/365-tage-sylt\/wp-content\/uploads\/2024\/05\/IMG_9132-768x559.jpeg 768w\" sizes=\"auto, (max-width: 1100px) 100vw, 1100px\" \/><\/p>\n<p>\u2026 der Dammquerung, nachdem sie vorher jeweils einen Zug gen Insel und in umgekehrte Richtung durchfahren lie\u00dfen, m\u00f6chte ich erg\u00e4nzen:<\/p>\n<p><img loading=\"lazy\" decoding=\"async\" class=\"alignnone size-full wp-image-17531\" src=\"https:\/\/jessel.de\/365-tage-sylt\/wp-content\/uploads\/2024\/05\/IMG_9137-1.jpeg\" alt=\"\" width=\"1100\" height=\"800\" srcset=\"https:\/\/jessel.de\/365-tage-sylt\/wp-content\/uploads\/2024\/05\/IMG_9137-1.jpeg 1100w, https:\/\/jessel.de\/365-tage-sylt\/wp-content\/uploads\/2024\/05\/IMG_9137-1-300x218.jpeg 300w, https:\/\/jessel.de\/365-tage-sylt\/wp-content\/uploads\/2024\/05\/IMG_9137-1-1024x745.jpeg 1024w, https:\/\/jessel.de\/365-tage-sylt\/wp-content\/uploads\/2024\/05\/IMG_9137-1-768x559.jpeg 768w\" sizes=\"auto, (max-width: 1100px) 100vw, 1100px\" \/><\/p>\n<p>Somit erreichen wir wohlgemut das Morsum Kliff, das uns mit gewaltigen Treibselw\u00e4llen der letzten h\u00f6heren Fluten begr\u00fc\u00dft:<\/p>\n<p><img loading=\"lazy\" decoding=\"async\" class=\"alignnone size-full wp-image-17525\" src=\"https:\/\/jessel.de\/365-tage-sylt\/wp-content\/uploads\/2024\/05\/IMG_9130.jpeg\" alt=\"\" width=\"1205\" height=\"800\" srcset=\"https:\/\/jessel.de\/365-tage-sylt\/wp-content\/uploads\/2024\/05\/IMG_9130.jpeg 1205w, https:\/\/jessel.de\/365-tage-sylt\/wp-content\/uploads\/2024\/05\/IMG_9130-300x199.jpeg 300w, https:\/\/jessel.de\/365-tage-sylt\/wp-content\/uploads\/2024\/05\/IMG_9130-1024x680.jpeg 1024w, https:\/\/jessel.de\/365-tage-sylt\/wp-content\/uploads\/2024\/05\/IMG_9130-768x510.jpeg 768w\" sizes=\"auto, (max-width: 1205px) 100vw, 1205px\" \/><\/p>\n<p>\u00dcbrigens ist dieser Spaziergang durch eine der wahren Sylter Wildnisse auch als Inspirationssuche zu sehen &#8211; f\u00fcr unsere dritte gemeinsame Ausstellung in Westerlands \u201eAlter Post\u201c im Oktober dieses Jahres:<\/p>\n<p><img loading=\"lazy\" decoding=\"async\" class=\"alignnone size-full wp-image-17526\" src=\"https:\/\/jessel.de\/365-tage-sylt\/wp-content\/uploads\/2024\/05\/IMG_9129.jpeg\" alt=\"\" width=\"1205\" height=\"800\" srcset=\"https:\/\/jessel.de\/365-tage-sylt\/wp-content\/uploads\/2024\/05\/IMG_9129.jpeg 1205w, https:\/\/jessel.de\/365-tage-sylt\/wp-content\/uploads\/2024\/05\/IMG_9129-300x199.jpeg 300w, https:\/\/jessel.de\/365-tage-sylt\/wp-content\/uploads\/2024\/05\/IMG_9129-1024x680.jpeg 1024w, https:\/\/jessel.de\/365-tage-sylt\/wp-content\/uploads\/2024\/05\/IMG_9129-768x510.jpeg 768w\" sizes=\"auto, (max-width: 1205px) 100vw, 1205px\" \/><\/p>\n<p>Wir verabreden spontan, genau an diesen Ort noch einmal zur\u00fcckzukehren, denn alleine von der Farbigkeit her geh\u00f6rt das Morsum Kliff in jede ernstzunehmende Kunstausstellung, die sich mit der Sylter Landschaft besch\u00e4ftigt:<\/p>\n<p><img loading=\"lazy\" decoding=\"async\" class=\"alignnone size-full wp-image-17524\" src=\"https:\/\/jessel.de\/365-tage-sylt\/wp-content\/uploads\/2024\/05\/IMG_9131.jpeg\" alt=\"\" width=\"1205\" height=\"800\" srcset=\"https:\/\/jessel.de\/365-tage-sylt\/wp-content\/uploads\/2024\/05\/IMG_9131.jpeg 1205w, https:\/\/jessel.de\/365-tage-sylt\/wp-content\/uploads\/2024\/05\/IMG_9131-300x199.jpeg 300w, https:\/\/jessel.de\/365-tage-sylt\/wp-content\/uploads\/2024\/05\/IMG_9131-1024x680.jpeg 1024w, https:\/\/jessel.de\/365-tage-sylt\/wp-content\/uploads\/2024\/05\/IMG_9131-768x510.jpeg 768w\" sizes=\"auto, (max-width: 1205px) 100vw, 1205px\" \/><\/p>\n<p>Oder?<\/p>\n<p>&nbsp;<\/p>\n<p>&nbsp;<\/p>\n","protected":false},"excerpt":{"rendered":"<p>\u2026 der Mond schien helle, als der Killer der Sylter Welle\u2026\u201c Tja, Kinder, Sylt-Krimis stehen hoch im Kurs, wie Ihr seht. Oder war alles doch ganz anders? Das erfahrt Ihr &#8211; leider &#8211; erst morgen, denn der Inselfotograf kommt gerade erst vom Tagwerk zur\u00fcck und muss morgen fr\u00fch hoch\u2026 There we are again! Zu Besuch ist &#8211; eeendlich einmal wieder &#8211; der werte K\u00fcnstlerfreund und anerkannte Malermeister Lars, der gerne&hellip;<\/p>\n","protected":false},"author":2,"featured_media":17514,"comment_status":"open","ping_status":"open","sticky":false,"template":"","format":"standard","meta":{"footnotes":""},"categories":[27,39,45,41,3,22,4,42],"tags":[],"class_list":["post-17513","post","type-post","status-publish","format-standard","has-post-thumbnail","hentry","category-alle-bilder","category-arbeit","category-fake-news","category-fruehling","category-menschen","category-morsum","category-spuren","category-watt"],"jetpack_featured_media_url":"https:\/\/jessel.de\/365-tage-sylt\/wp-content\/uploads\/2024\/05\/IMG_9116.jpeg","_links":{"self":[{"href":"https:\/\/jessel.de\/365-tage-sylt\/wp-json\/wp\/v2\/posts\/17513","targetHints":{"allow":["GET"]}}],"collection":[{"href":"https:\/\/jessel.de\/365-tage-sylt\/wp-json\/wp\/v2\/posts"}],"about":[{"href":"https:\/\/jessel.de\/365-tage-sylt\/wp-json\/wp\/v2\/types\/post"}],"author":[{"embeddable":true,"href":"https:\/\/jessel.de\/365-tage-sylt\/wp-json\/wp\/v2\/users\/2"}],"replies":[{"embeddable":true,"href":"https:\/\/jessel.de\/365-tage-sylt\/wp-json\/wp\/v2\/comments?post=17513"}],"version-history":[{"count":5,"href":"https:\/\/jessel.de\/365-tage-sylt\/wp-json\/wp\/v2\/posts\/17513\/revisions"}],"predecessor-version":[{"id":17533,"href":"https:\/\/jessel.de\/365-tage-sylt\/wp-json\/wp\/v2\/posts\/17513\/revisions\/17533"}],"wp:featuredmedia":[{"embeddable":true,"href":"https:\/\/jessel.de\/365-tage-sylt\/wp-json\/wp\/v2\/media\/17514"}],"wp:attachment":[{"href":"https:\/\/jessel.de\/365-tage-sylt\/wp-json\/wp\/v2\/media?parent=17513"}],"wp:term":[{"taxonomy":"category","embeddable":true,"href":"https:\/\/jessel.de\/365-tage-sylt\/wp-json\/wp\/v2\/categories?post=17513"},{"taxonomy":"post_tag","embeddable":true,"href":"https:\/\/jessel.de\/365-tage-sylt\/wp-json\/wp\/v2\/tags?post=17513"}],"curies":[{"name":"wp","href":"https:\/\/api.w.org\/{rel}","templated":true}]}}