{"id":17534,"date":"2024-05-10T12:05:47","date_gmt":"2024-05-10T12:05:47","guid":{"rendered":"https:\/\/jessel.de\/365-tage-sylt\/?p=17534"},"modified":"2024-05-10T15:59:35","modified_gmt":"2024-05-10T15:59:35","slug":"10-mai-hummelhummel-hamburg","status":"publish","type":"post","link":"https:\/\/jessel.de\/365-tage-sylt\/10-mai-hummelhummel-hamburg\/","title":{"rendered":"10. Mai: \u201eHummelhummel Hamburg!\u201c"},"content":{"rendered":"<p>Liebe Blogfreunde, heute ist ein besonderer Tag, an dem ich viele neue Hamburger Syltfreunde in diesem Blog begr\u00fc\u00dfen darf. In der morgigen Samstagsausgabe des HAMBURGER ABENDBLATT\u2018s erscheint ein gr\u00f6\u00dferer Bericht \u00fcber meine Arbeit, au\u00dferdem hat der Abendblatt-Redakteur Ulrich Ga\u00dfdorf ein ausf\u00fchrliches Interview mit mir als Podcast aufgenommen:<\/p>\n<p><img loading=\"lazy\" decoding=\"async\" class=\"alignnone size-full wp-image-17537\" src=\"https:\/\/jessel.de\/365-tage-sylt\/wp-content\/uploads\/2024\/05\/IMG_9152.png\" alt=\"\" width=\"1200\" height=\"800\" srcset=\"https:\/\/jessel.de\/365-tage-sylt\/wp-content\/uploads\/2024\/05\/IMG_9152.png 1200w, https:\/\/jessel.de\/365-tage-sylt\/wp-content\/uploads\/2024\/05\/IMG_9152-300x200.png 300w, https:\/\/jessel.de\/365-tage-sylt\/wp-content\/uploads\/2024\/05\/IMG_9152-1024x683.png 1024w, https:\/\/jessel.de\/365-tage-sylt\/wp-content\/uploads\/2024\/05\/IMG_9152-768x512.png 768w\" sizes=\"auto, (max-width: 1200px) 100vw, 1200px\" \/><\/p>\n<p>Hier der Link dazu. Bitte kopieren, im Browser eingeben &#8211; und ab geht die Post:<\/p>\n<p>https:\/\/www.abendblatt.de\/podcast\/article242279888\/Der-Inselfotograf.html<\/p>\n<p>Von meiner ersten Reise in die grooo\u00dfe Stadt Hamburg, die gut und gerne \u00fcber 60 Jahre zur\u00fcckliegt, berichte ich im Anschlu\u00df, hier erstmal einige Impressionen im Panoramaformat, die ich im Rahmen von Kalenderprojekten in dieser sch\u00f6nen Stadt anfertigte:<\/p>\n<p>Besonders gerne fahre ich im Fr\u00fchjahr nach Hamburg. Wenn auf Sylt noch s\u00e4mtliche B\u00e4ume im Winterschlaf von w\u00e4rmeren Tagen tr\u00e4umen, bl\u00fchen an der AUSSENALSTER schon die Kirschen:<\/p>\n<p><img loading=\"lazy\" decoding=\"async\" class=\"alignnone size-full wp-image-17540\" src=\"https:\/\/jessel.de\/365-tage-sylt\/wp-content\/uploads\/2024\/05\/IMG_9145.jpeg\" alt=\"\" width=\"1500\" height=\"648\" srcset=\"https:\/\/jessel.de\/365-tage-sylt\/wp-content\/uploads\/2024\/05\/IMG_9145.jpeg 1500w, https:\/\/jessel.de\/365-tage-sylt\/wp-content\/uploads\/2024\/05\/IMG_9145-300x130.jpeg 300w, https:\/\/jessel.de\/365-tage-sylt\/wp-content\/uploads\/2024\/05\/IMG_9145-1024x442.jpeg 1024w, https:\/\/jessel.de\/365-tage-sylt\/wp-content\/uploads\/2024\/05\/IMG_9145-768x332.jpeg 768w\" sizes=\"auto, (max-width: 1500px) 100vw, 1500px\" \/><\/p>\n<p>Wenn irgend m\u00f6glich, lege ich meine Hamburg-Tour so, dass ein fr\u00fchmorgendlicher Besuch auf dem FISCHMARKT m\u00f6glich ist:<\/p>\n<p><img loading=\"lazy\" decoding=\"async\" class=\"alignnone size-full wp-image-17541\" src=\"https:\/\/jessel.de\/365-tage-sylt\/wp-content\/uploads\/2024\/05\/IMG_9144.jpeg\" alt=\"\" width=\"1500\" height=\"613\" srcset=\"https:\/\/jessel.de\/365-tage-sylt\/wp-content\/uploads\/2024\/05\/IMG_9144.jpeg 1500w, https:\/\/jessel.de\/365-tage-sylt\/wp-content\/uploads\/2024\/05\/IMG_9144-300x123.jpeg 300w, https:\/\/jessel.de\/365-tage-sylt\/wp-content\/uploads\/2024\/05\/IMG_9144-1024x418.jpeg 1024w, https:\/\/jessel.de\/365-tage-sylt\/wp-content\/uploads\/2024\/05\/IMG_9144-768x314.jpeg 768w\" sizes=\"auto, (max-width: 1500px) 100vw, 1500px\" \/><\/p>\n<p>Von Ottensen aus, wo ich wohne, liegt die Elbe vor meiner Haust\u00fcr. Besonders gerne wander\u2018 ich durch den ALTEN ELBTUNNEL und betrachte mir die urbane Skyline von der gegen\u00fcberliegenden Seite aus:<\/p>\n<p><img loading=\"lazy\" decoding=\"async\" class=\"alignnone size-full wp-image-17542\" src=\"https:\/\/jessel.de\/365-tage-sylt\/wp-content\/uploads\/2024\/05\/IMG_9147.jpeg\" alt=\"\" width=\"1500\" height=\"461\" srcset=\"https:\/\/jessel.de\/365-tage-sylt\/wp-content\/uploads\/2024\/05\/IMG_9147.jpeg 1500w, https:\/\/jessel.de\/365-tage-sylt\/wp-content\/uploads\/2024\/05\/IMG_9147-300x92.jpeg 300w, https:\/\/jessel.de\/365-tage-sylt\/wp-content\/uploads\/2024\/05\/IMG_9147-1024x315.jpeg 1024w, https:\/\/jessel.de\/365-tage-sylt\/wp-content\/uploads\/2024\/05\/IMG_9147-768x236.jpeg 768w\" sizes=\"auto, (max-width: 1500px) 100vw, 1500px\" \/><\/p>\n<p>Oder auch umgekehrt herum, hier der Burchardkai im Abendlicht:<\/p>\n<p><img loading=\"lazy\" decoding=\"async\" class=\"alignnone size-full wp-image-17543\" src=\"https:\/\/jessel.de\/365-tage-sylt\/wp-content\/uploads\/2024\/05\/IMG_9140.jpeg\" alt=\"\" width=\"1500\" height=\"523\" srcset=\"https:\/\/jessel.de\/365-tage-sylt\/wp-content\/uploads\/2024\/05\/IMG_9140.jpeg 1500w, https:\/\/jessel.de\/365-tage-sylt\/wp-content\/uploads\/2024\/05\/IMG_9140-300x105.jpeg 300w, https:\/\/jessel.de\/365-tage-sylt\/wp-content\/uploads\/2024\/05\/IMG_9140-1024x357.jpeg 1024w, https:\/\/jessel.de\/365-tage-sylt\/wp-content\/uploads\/2024\/05\/IMG_9140-768x268.jpeg 768w\" sizes=\"auto, (max-width: 1500px) 100vw, 1500px\" \/><\/p>\n<p>Ich sehe das URBANE HAMBURG stets als Landschaft, beseelt durch das k\u00fcnstliche Licht:<\/p>\n<p><img loading=\"lazy\" decoding=\"async\" class=\"alignnone size-full wp-image-17544\" src=\"https:\/\/jessel.de\/365-tage-sylt\/wp-content\/uploads\/2024\/05\/IMG_9146.jpeg\" alt=\"\" width=\"1500\" height=\"607\" srcset=\"https:\/\/jessel.de\/365-tage-sylt\/wp-content\/uploads\/2024\/05\/IMG_9146.jpeg 1500w, https:\/\/jessel.de\/365-tage-sylt\/wp-content\/uploads\/2024\/05\/IMG_9146-300x121.jpeg 300w, https:\/\/jessel.de\/365-tage-sylt\/wp-content\/uploads\/2024\/05\/IMG_9146-1024x414.jpeg 1024w, https:\/\/jessel.de\/365-tage-sylt\/wp-content\/uploads\/2024\/05\/IMG_9146-768x311.jpeg 768w\" sizes=\"auto, (max-width: 1500px) 100vw, 1500px\" \/><\/p>\n<p>Zum Schlu\u00df noch mein Hamburg &#8211; Lieblingsbild, aufgenommen im STADTPARK. Definitiv zum Piepen:<\/p>\n<p><img loading=\"lazy\" decoding=\"async\" class=\"alignnone size-full wp-image-17545\" src=\"https:\/\/jessel.de\/365-tage-sylt\/wp-content\/uploads\/2024\/05\/IMG_9149.jpeg\" alt=\"\" width=\"1500\" height=\"544\" srcset=\"https:\/\/jessel.de\/365-tage-sylt\/wp-content\/uploads\/2024\/05\/IMG_9149.jpeg 1500w, https:\/\/jessel.de\/365-tage-sylt\/wp-content\/uploads\/2024\/05\/IMG_9149-300x109.jpeg 300w, https:\/\/jessel.de\/365-tage-sylt\/wp-content\/uploads\/2024\/05\/IMG_9149-1024x371.jpeg 1024w, https:\/\/jessel.de\/365-tage-sylt\/wp-content\/uploads\/2024\/05\/IMG_9149-768x279.jpeg 768w\" sizes=\"auto, (max-width: 1500px) 100vw, 1500px\" \/><\/p>\n<p>Eine meiner Lieblingstanten war \u201eMikentante\u201c, kurz \u201eMieks\u201c, Mutter von D\u00f6rte Hell, Inhaberin der B\u00dcCHERSTUBE FUHLB\u00dcTTEL. Wenn Mieks allj\u00e4hrlich sommertags auf die Insel kam, war gute Stimmung vorprogrammiert. Obwohl unerreichbar alt &#8211; sch\u00e4tzungsweise Anfang 70 &#8211; war sie stets quietschfidel und f\u00fcr jeden Schabernack zu haben. Au\u00dferdem hatte sie Krampfadern, und das war einfach nur gro\u00dfes Kino. Bei jedem Schritt qu\u00e4kte sie vor Schmerzen und lachte sich gleichzeitig halb tot. Gipfel aller diesbez\u00fcglichen Veranstaltungen war eine gemeinsame Exkursion mit der Inselbahn nach List, von wo wir in die D\u00fcnen zum Beerensammeln marschierten &#8211; und uns hoffnungslos verliefen. Ein Festtag f\u00fcr jede Krampfader! Wie durch ein Wunder trafen wir lange nach Einbruch der Abendd\u00e4mmerung wieder auf die Bahnschienen, und somit in die Zivilisation zur\u00fcck. Und die Lister D\u00fcnen hie\u00dfen ab sofort \u201eAua -D\u00fcnen\u201c.<\/p>\n<p>Aber ich schweife ab, denn es geht ja um Hamburg im heutigen Blog: Irgendwann vor Mitte der 1960er Jahre lud Mieks uns Kinder f\u00fcr eine Woche nach Hamburg ein. In diese grooo\u00dfe Stadt, in der viele Menschen mit lustigen Krampfadern leben mussten &#8211; da war ich mir sicher. Jeder, der wei\u00df, da\u00df ich schon im Alter von 3 Jahren von zuhause ausgekniffen war, und schlie\u00dflich am Bahnhof Westerland mit gro\u00dfen Augen vor einer \u00f6lverschmierten und schnaufenden Dampflok aufgegriffen wurde, kann ermessen, wie gespannt ich war. Und die Einfahrt in die alte, kathedralige Bahnhofshalle Altona, total vollgequarzt vom bestialischen Rauch lauter \u00f6lverschmierter und schnaufender Dampfloks, best\u00e4tigte meine Vermutung: Es gibt noch mehr von diesen Monsterteilen, die einzig konstruiert wurden, um mit, nein auf ihnen die Welt zu erobern. Und die tats\u00e4chlich atemberaubenden Rauchschwaden in der Bahnhofshalle inhalierte ich als Reinluft &#8211; Inselkind mit einer Hingabe, an die ich mich noch heute bei (fast) jeder Einfahrt entsinne.<\/p>\n<p>Nat\u00fcrlich stand auch ein Besuch bei Hagenbecks Tierpark auf dem Programm: Giraffen, Affen, Elefanten und so. Doch die waren f\u00fcr mich nur halb so spannend wie die M\u00f6rder-Dinosaurier in meinem j\u00fcngsten Bilderbuch. Viel mehr interessierten mich die Meerschweinchen im Streichelzoo, mit denen man auf einer gro\u00dfen Wiese herumtollen konnte, und der Gipfel war sowieso die &#8211; gesch\u00e4tzt &#8211; f\u00fcnf Meter hohe Spiralrutsche, tausendmal besser als das langweilige Rutschenteil auf dem Westerl\u00e4nder \u201eKinderspielplatz\u201c beim Westerl\u00e4nder St. Pauli &#8211; Block.<\/p>\n<p>Diese Eindr\u00fccke reichten mir zu der Erkenntnis, da\u00df eine gro\u00dfe Stadt manche Dinge zu bieten hat, die mir bisher vorenthalten wurden: Eine ungemein w\u00fcrzige Luft, ganze Herden lebenslustiger Meerschweinchen &#8211; und die tollste Rutsche der Welt. Davon wollte ich meeehr! Und tats\u00e4chlich, ich wurde zu einem leidenschaftlichen Weltenbummler, meist auf Schienen unterwegs. Bis zum heutigen Tage.<\/p>\n<p>Mieks hatte alle M\u00fche, mich wieder zur\u00fcck auf die Insel zu bugsieren, das k\u00f6nnt Ihr mir glauben\u2026<\/p>\n<p>&nbsp;<\/p>\n<p>&nbsp;<\/p>\n","protected":false},"excerpt":{"rendered":"<p>Liebe Blogfreunde, heute ist ein besonderer Tag, an dem ich viele neue Hamburger Syltfreunde in diesem Blog begr\u00fc\u00dfen darf. In der morgigen Samstagsausgabe des HAMBURGER ABENDBLATT\u2018s erscheint ein gr\u00f6\u00dferer Bericht \u00fcber meine Arbeit, au\u00dferdem hat der Abendblatt-Redakteur Ulrich Ga\u00dfdorf ein ausf\u00fchrliches Interview mit mir als Podcast aufgenommen: Hier der Link dazu. Bitte kopieren, im Browser eingeben &#8211; und ab geht die Post: https:\/\/www.abendblatt.de\/podcast\/article242279888\/Der-Inselfotograf.html Von meiner ersten Reise in die grooo\u00dfe&hellip;<\/p>\n","protected":false},"author":2,"featured_media":17535,"comment_status":"open","ping_status":"open","sticky":false,"template":"","format":"standard","meta":{"footnotes":""},"categories":[27,39,41,28,3,4,30,29,33],"tags":[],"class_list":["post-17534","post","type-post","status-publish","format-standard","has-post-thumbnail","hentry","category-alle-bilder","category-arbeit","category-fruehling","category-haeuser","category-menschen","category-spuren","category-tradition","category-verkehr","category-woanders"],"jetpack_featured_media_url":"https:\/\/jessel.de\/365-tage-sylt\/wp-content\/uploads\/2024\/05\/IMG_9142.jpeg","_links":{"self":[{"href":"https:\/\/jessel.de\/365-tage-sylt\/wp-json\/wp\/v2\/posts\/17534","targetHints":{"allow":["GET"]}}],"collection":[{"href":"https:\/\/jessel.de\/365-tage-sylt\/wp-json\/wp\/v2\/posts"}],"about":[{"href":"https:\/\/jessel.de\/365-tage-sylt\/wp-json\/wp\/v2\/types\/post"}],"author":[{"embeddable":true,"href":"https:\/\/jessel.de\/365-tage-sylt\/wp-json\/wp\/v2\/users\/2"}],"replies":[{"embeddable":true,"href":"https:\/\/jessel.de\/365-tage-sylt\/wp-json\/wp\/v2\/comments?post=17534"}],"version-history":[{"count":16,"href":"https:\/\/jessel.de\/365-tage-sylt\/wp-json\/wp\/v2\/posts\/17534\/revisions"}],"predecessor-version":[{"id":17558,"href":"https:\/\/jessel.de\/365-tage-sylt\/wp-json\/wp\/v2\/posts\/17534\/revisions\/17558"}],"wp:featuredmedia":[{"embeddable":true,"href":"https:\/\/jessel.de\/365-tage-sylt\/wp-json\/wp\/v2\/media\/17535"}],"wp:attachment":[{"href":"https:\/\/jessel.de\/365-tage-sylt\/wp-json\/wp\/v2\/media?parent=17534"}],"wp:term":[{"taxonomy":"category","embeddable":true,"href":"https:\/\/jessel.de\/365-tage-sylt\/wp-json\/wp\/v2\/categories?post=17534"},{"taxonomy":"post_tag","embeddable":true,"href":"https:\/\/jessel.de\/365-tage-sylt\/wp-json\/wp\/v2\/tags?post=17534"}],"curies":[{"name":"wp","href":"https:\/\/api.w.org\/{rel}","templated":true}]}}