{"id":17559,"date":"2024-05-12T05:28:55","date_gmt":"2024-05-12T05:28:55","guid":{"rendered":"https:\/\/jessel.de\/365-tage-sylt\/?p=17559"},"modified":"2024-05-12T20:23:57","modified_gmt":"2024-05-12T20:23:57","slug":"11-mai-wo-bin-ich","status":"publish","type":"post","link":"https:\/\/jessel.de\/365-tage-sylt\/11-mai-wo-bin-ich\/","title":{"rendered":"11. Mai: \u201eWo bin ich?\u201c"},"content":{"rendered":"<p>Es ist doch toll, dass es Blogleser gibt, die den ersch\u00f6pften Jakobsweg-Radler zu einer veritablen Erdbeertorte einladen\u2026:<\/p>\n<p><img loading=\"lazy\" decoding=\"async\" class=\"alignnone size-full wp-image-17562\" src=\"https:\/\/jessel.de\/365-tage-sylt\/wp-content\/uploads\/2024\/05\/IMG_9168.jpeg\" alt=\"\" width=\"800\" height=\"1100\" srcset=\"https:\/\/jessel.de\/365-tage-sylt\/wp-content\/uploads\/2024\/05\/IMG_9168.jpeg 800w, https:\/\/jessel.de\/365-tage-sylt\/wp-content\/uploads\/2024\/05\/IMG_9168-218x300.jpeg 218w, https:\/\/jessel.de\/365-tage-sylt\/wp-content\/uploads\/2024\/05\/IMG_9168-745x1024.jpeg 745w, https:\/\/jessel.de\/365-tage-sylt\/wp-content\/uploads\/2024\/05\/IMG_9168-768x1056.jpeg 768w\" sizes=\"auto, (max-width: 800px) 100vw, 800px\" \/><\/p>\n<p>Nach gut 80 Kilometern erreiche ich, von Husum kommend, den kleinen Weiler namens Rodenbek. Und hier gibt\u2019s nicht nur Torte, sondern es wartet auch eine lustige Schar H\u00fchner, die es noch nicht erlebt hat, dass sich jemand vor sie hinsetzt (also auf Augenh\u00f6he) und K\u00e4sekr\u00fcmel verteilt:<\/p>\n<p><img loading=\"lazy\" decoding=\"async\" class=\"size-full wp-image-17564\" src=\"https:\/\/jessel.de\/365-tage-sylt\/wp-content\/uploads\/2024\/05\/IMG_9169.jpeg\" alt=\"\" width=\"1100\" height=\"800\" srcset=\"https:\/\/jessel.de\/365-tage-sylt\/wp-content\/uploads\/2024\/05\/IMG_9169.jpeg 1100w, https:\/\/jessel.de\/365-tage-sylt\/wp-content\/uploads\/2024\/05\/IMG_9169-300x218.jpeg 300w, https:\/\/jessel.de\/365-tage-sylt\/wp-content\/uploads\/2024\/05\/IMG_9169-1024x745.jpeg 1024w, https:\/\/jessel.de\/365-tage-sylt\/wp-content\/uploads\/2024\/05\/IMG_9169-768x559.jpeg 768w\" sizes=\"auto, (max-width: 1100px) 100vw, 1100px\" \/><\/p>\n<p>Das heutige Titelbild entstand auf dem historisch bedeutsamsten Weg Schleswig-Holsteins, genau zwischen Kropp und Fockbek. Hier einige Infos dazu:<\/p>\n<p><img loading=\"lazy\" decoding=\"async\" class=\"alignnone size-full wp-image-17566\" src=\"https:\/\/jessel.de\/365-tage-sylt\/wp-content\/uploads\/2024\/05\/IMG_9170.jpeg\" alt=\"\" width=\"800\" height=\"1100\" srcset=\"https:\/\/jessel.de\/365-tage-sylt\/wp-content\/uploads\/2024\/05\/IMG_9170.jpeg 800w, https:\/\/jessel.de\/365-tage-sylt\/wp-content\/uploads\/2024\/05\/IMG_9170-218x300.jpeg 218w, https:\/\/jessel.de\/365-tage-sylt\/wp-content\/uploads\/2024\/05\/IMG_9170-745x1024.jpeg 745w, https:\/\/jessel.de\/365-tage-sylt\/wp-content\/uploads\/2024\/05\/IMG_9170-768x1056.jpeg 768w\" sizes=\"auto, (max-width: 800px) 100vw, 800px\" \/><\/p>\n<p>Der L\u00e4rm der Welt bleibt drau\u00dfen vor. \u00a0Ruhe iss:<\/p>\n<p><img loading=\"lazy\" decoding=\"async\" class=\"alignnone size-full wp-image-17568\" src=\"https:\/\/jessel.de\/365-tage-sylt\/wp-content\/uploads\/2024\/05\/IMG_9171.jpeg\" alt=\"\" width=\"1100\" height=\"800\" srcset=\"https:\/\/jessel.de\/365-tage-sylt\/wp-content\/uploads\/2024\/05\/IMG_9171.jpeg 1100w, https:\/\/jessel.de\/365-tage-sylt\/wp-content\/uploads\/2024\/05\/IMG_9171-300x218.jpeg 300w, https:\/\/jessel.de\/365-tage-sylt\/wp-content\/uploads\/2024\/05\/IMG_9171-1024x745.jpeg 1024w, https:\/\/jessel.de\/365-tage-sylt\/wp-content\/uploads\/2024\/05\/IMG_9171-768x559.jpeg 768w\" sizes=\"auto, (max-width: 1100px) 100vw, 1100px\" \/><\/p>\n<p>&nbsp;<\/p>\n<p>&nbsp;<\/p>\n<p>&nbsp;<\/p>\n<p>&nbsp;<\/p>\n","protected":false},"excerpt":{"rendered":"<p>Es ist doch toll, dass es Blogleser gibt, die den ersch\u00f6pften Jakobsweg-Radler zu einer veritablen Erdbeertorte einladen\u2026: Nach gut 80 Kilometern erreiche ich, von Husum kommend, den kleinen Weiler namens Rodenbek. Und hier gibt\u2019s nicht nur Torte, sondern es wartet auch eine lustige Schar H\u00fchner, die es noch nicht erlebt hat, dass sich jemand vor sie hinsetzt (also auf Augenh\u00f6he) und K\u00e4sekr\u00fcmel verteilt: Das heutige Titelbild entstand auf dem historisch&hellip;<\/p>\n","protected":false},"author":2,"featured_media":17560,"comment_status":"open","ping_status":"open","sticky":false,"template":"","format":"standard","meta":{"footnotes":""},"categories":[27,39,41,44,4,40,2,30,29,33],"tags":[],"class_list":["post-17559","post","type-post","status-publish","format-standard","has-post-thumbnail","hentry","category-alle-bilder","category-arbeit","category-fruehling","category-pflanzen","category-spuren","category-tiere","category-tourismus","category-tradition","category-verkehr","category-woanders"],"jetpack_featured_media_url":"https:\/\/jessel.de\/365-tage-sylt\/wp-content\/uploads\/2024\/05\/IMG_9167.jpeg","_links":{"self":[{"href":"https:\/\/jessel.de\/365-tage-sylt\/wp-json\/wp\/v2\/posts\/17559","targetHints":{"allow":["GET"]}}],"collection":[{"href":"https:\/\/jessel.de\/365-tage-sylt\/wp-json\/wp\/v2\/posts"}],"about":[{"href":"https:\/\/jessel.de\/365-tage-sylt\/wp-json\/wp\/v2\/types\/post"}],"author":[{"embeddable":true,"href":"https:\/\/jessel.de\/365-tage-sylt\/wp-json\/wp\/v2\/users\/2"}],"replies":[{"embeddable":true,"href":"https:\/\/jessel.de\/365-tage-sylt\/wp-json\/wp\/v2\/comments?post=17559"}],"version-history":[{"count":5,"href":"https:\/\/jessel.de\/365-tage-sylt\/wp-json\/wp\/v2\/posts\/17559\/revisions"}],"predecessor-version":[{"id":17569,"href":"https:\/\/jessel.de\/365-tage-sylt\/wp-json\/wp\/v2\/posts\/17559\/revisions\/17569"}],"wp:featuredmedia":[{"embeddable":true,"href":"https:\/\/jessel.de\/365-tage-sylt\/wp-json\/wp\/v2\/media\/17560"}],"wp:attachment":[{"href":"https:\/\/jessel.de\/365-tage-sylt\/wp-json\/wp\/v2\/media?parent=17559"}],"wp:term":[{"taxonomy":"category","embeddable":true,"href":"https:\/\/jessel.de\/365-tage-sylt\/wp-json\/wp\/v2\/categories?post=17559"},{"taxonomy":"post_tag","embeddable":true,"href":"https:\/\/jessel.de\/365-tage-sylt\/wp-json\/wp\/v2\/tags?post=17559"}],"curies":[{"name":"wp","href":"https:\/\/api.w.org\/{rel}","templated":true}]}}