{"id":1761,"date":"2017-07-13T12:46:50","date_gmt":"2017-07-13T12:46:50","guid":{"rendered":"http:\/\/jessel.de\/365-tage-sylt\/?p=1761"},"modified":"2017-07-13T12:55:25","modified_gmt":"2017-07-13T12:55:25","slug":"frische-luft","status":"publish","type":"post","link":"https:\/\/jessel.de\/365-tage-sylt\/frische-luft\/","title":{"rendered":"Frische Luft&#8230;"},"content":{"rendered":"<p>&#8230; sollte mir eigentlich gut tun. In der zur\u00fcck liegenden Nacht derartige Kopfschmerzen, dass ich heute fr\u00fch nur beim Antippen des Kopfes an die Decke gehe.<\/p>\n<p>Also um 6:30 Uhr ausm Bett und gaaanz sachte r\u00fcber an den Strand. Tolle Wolke \u00fcber dem Reetdachhuas s\u00fcdlich unseres Strand\u00fcbergangs:<\/p>\n<p><img loading=\"lazy\" decoding=\"async\" class=\"alignnone size-full wp-image-1762\" src=\"http:\/\/jessel.de\/365-tage-sylt\/wp-content\/uploads\/2017\/07\/L1009055.jpg\" alt=\"\" width=\"1200\" height=\"800\" srcset=\"https:\/\/jessel.de\/365-tage-sylt\/wp-content\/uploads\/2017\/07\/L1009055.jpg 1200w, https:\/\/jessel.de\/365-tage-sylt\/wp-content\/uploads\/2017\/07\/L1009055-300x200.jpg 300w, https:\/\/jessel.de\/365-tage-sylt\/wp-content\/uploads\/2017\/07\/L1009055-768x512.jpg 768w, https:\/\/jessel.de\/365-tage-sylt\/wp-content\/uploads\/2017\/07\/L1009055-1024x683.jpg 1024w\" sizes=\"auto, (max-width: 1200px) 100vw, 1200px\" \/><\/p>\n<p>Der Kopfschmerz nimmt bereits ab, als ich an den Strand komme. Wunderbar weiche Nordseeluft, wenige Menschen, aromatischer Meeresduft. Ich wandere der vom Nordwestwind gen S\u00fcden driftenden \u00a0Wolke hinterher:<\/p>\n<p><img loading=\"lazy\" decoding=\"async\" class=\"alignnone size-full wp-image-1764\" src=\"http:\/\/jessel.de\/365-tage-sylt\/wp-content\/uploads\/2017\/07\/L1009073.jpg\" alt=\"\" width=\"1200\" height=\"800\" srcset=\"https:\/\/jessel.de\/365-tage-sylt\/wp-content\/uploads\/2017\/07\/L1009073.jpg 1200w, https:\/\/jessel.de\/365-tage-sylt\/wp-content\/uploads\/2017\/07\/L1009073-300x200.jpg 300w, https:\/\/jessel.de\/365-tage-sylt\/wp-content\/uploads\/2017\/07\/L1009073-768x512.jpg 768w, https:\/\/jessel.de\/365-tage-sylt\/wp-content\/uploads\/2017\/07\/L1009073-1024x683.jpg 1024w\" sizes=\"auto, (max-width: 1200px) 100vw, 1200px\" \/><\/p>\n<p>Die Badeverbotsflaggen vom gestrigen str\u00fcrmischen Tag h\u00e4ngen noch. Zwar sind die Wellen nicht mehr so hoch, daf\u00fcr aber die Unterstr\u00f6mungen altiv.<\/p>\n<p>Letztes Bild vom Morgen:<\/p>\n<p><img loading=\"lazy\" decoding=\"async\" class=\"alignnone size-full wp-image-1765\" src=\"http:\/\/jessel.de\/365-tage-sylt\/wp-content\/uploads\/2017\/07\/L1009079.jpg\" alt=\"\" width=\"1200\" height=\"800\" srcset=\"https:\/\/jessel.de\/365-tage-sylt\/wp-content\/uploads\/2017\/07\/L1009079.jpg 1200w, https:\/\/jessel.de\/365-tage-sylt\/wp-content\/uploads\/2017\/07\/L1009079-300x200.jpg 300w, https:\/\/jessel.de\/365-tage-sylt\/wp-content\/uploads\/2017\/07\/L1009079-768x512.jpg 768w, https:\/\/jessel.de\/365-tage-sylt\/wp-content\/uploads\/2017\/07\/L1009079-1024x683.jpg 1024w\" sizes=\"auto, (max-width: 1200px) 100vw, 1200px\" \/><\/p>\n<p>Es geht zur\u00fcck. Wir bekommen Besuch heute &#8211; es sind noch Eink\u00e4ufe zu machen, und ich bin f\u00fcr den Mittagsimbiss zust\u00e4ndig: Kubanischer Kichererbsen-Avocado Eintopf. Irgendjemand Interesse an dem Rezept?<\/p>\n","protected":false},"excerpt":{"rendered":"<p>&#8230; sollte mir eigentlich gut tun. In der zur\u00fcck liegenden Nacht derartige Kopfschmerzen, dass ich heute fr\u00fch nur beim Antippen des Kopfes an die Decke gehe. Also um 6:30 Uhr ausm Bett und gaaanz sachte r\u00fcber an den Strand. Tolle Wolke \u00fcber dem Reetdachhuas s\u00fcdlich unseres Strand\u00fcbergangs: Der Kopfschmerz nimmt bereits ab, als ich an den Strand komme. Wunderbar weiche Nordseeluft, wenige Menschen, aromatischer Meeresduft. Ich wandere der vom Nordwestwind&hellip;<\/p>\n","protected":false},"author":2,"featured_media":1763,"comment_status":"open","ping_status":"open","sticky":false,"template":"","format":"standard","meta":{"footnotes":""},"categories":[27,28,46,4,26,2,7],"tags":[],"class_list":["post-1761","post","type-post","status-publish","format-standard","has-post-thumbnail","hentry","category-alle-bilder","category-haeuser","category-sommer","category-spuren","category-strand","category-tourismus","category-westerland"],"jetpack_featured_media_url":"https:\/\/jessel.de\/365-tage-sylt\/wp-content\/uploads\/2017\/07\/L1009061.jpg","_links":{"self":[{"href":"https:\/\/jessel.de\/365-tage-sylt\/wp-json\/wp\/v2\/posts\/1761","targetHints":{"allow":["GET"]}}],"collection":[{"href":"https:\/\/jessel.de\/365-tage-sylt\/wp-json\/wp\/v2\/posts"}],"about":[{"href":"https:\/\/jessel.de\/365-tage-sylt\/wp-json\/wp\/v2\/types\/post"}],"author":[{"embeddable":true,"href":"https:\/\/jessel.de\/365-tage-sylt\/wp-json\/wp\/v2\/users\/2"}],"replies":[{"embeddable":true,"href":"https:\/\/jessel.de\/365-tage-sylt\/wp-json\/wp\/v2\/comments?post=1761"}],"version-history":[{"count":4,"href":"https:\/\/jessel.de\/365-tage-sylt\/wp-json\/wp\/v2\/posts\/1761\/revisions"}],"predecessor-version":[{"id":1769,"href":"https:\/\/jessel.de\/365-tage-sylt\/wp-json\/wp\/v2\/posts\/1761\/revisions\/1769"}],"wp:featuredmedia":[{"embeddable":true,"href":"https:\/\/jessel.de\/365-tage-sylt\/wp-json\/wp\/v2\/media\/1763"}],"wp:attachment":[{"href":"https:\/\/jessel.de\/365-tage-sylt\/wp-json\/wp\/v2\/media?parent=1761"}],"wp:term":[{"taxonomy":"category","embeddable":true,"href":"https:\/\/jessel.de\/365-tage-sylt\/wp-json\/wp\/v2\/categories?post=1761"},{"taxonomy":"post_tag","embeddable":true,"href":"https:\/\/jessel.de\/365-tage-sylt\/wp-json\/wp\/v2\/tags?post=1761"}],"curies":[{"name":"wp","href":"https:\/\/api.w.org\/{rel}","templated":true}]}}