{"id":17630,"date":"2024-05-20T14:52:16","date_gmt":"2024-05-20T14:52:16","guid":{"rendered":"https:\/\/jessel.de\/365-tage-sylt\/?p=17630"},"modified":"2024-05-20T14:53:32","modified_gmt":"2024-05-20T14:53:32","slug":"20-mai-pfingstmontag-wo-ist-das-meeeeer","status":"publish","type":"post","link":"https:\/\/jessel.de\/365-tage-sylt\/20-mai-pfingstmontag-wo-ist-das-meeeeer\/","title":{"rendered":"20. Mai, Pfingstmontag: \u201eWo ist das Meeeeer!?\u201c"},"content":{"rendered":"<p>Die Tetrapoden auf dem Oase-Parkplatz im S\u00fcden Westerlands machen weiterhin gro\u00dfe Augen: Ihrer eigentlichen Heimat, Strand und Meer, sind sie entrissen worden. Nun fristen sie ein unbestimmtes Dasein, denn keine(r) f\u00fchlt sich zust\u00e4ndig, was mit ihnen geschehen soll. Aber die k\u00fchnen Augen-Maler haben sie zum fr\u00f6hlichsten Freiland-Kunstwerk der Insel gemacht. Jedesmal, wenn ich hier vorbeikomme und mich irgendwie beobachtet f\u00fchle, muss ich schmunzeln \u00fcber die neugierigen Kameraden. Und das geht offenbar nicht nur mir so.<\/p>\n<p>Heute fr\u00fch bin ich ab 5:15 Uhr unterwegs, um Fotos von D\u00fcnen und Meer zu knipsen. Das Wetter ist perfekt mit schwachem Wind und pittoresken Sch\u00f6nwetter-Wolken:<\/p>\n<p><img loading=\"lazy\" decoding=\"async\" class=\"alignnone size-full wp-image-17632\" src=\"https:\/\/jessel.de\/365-tage-sylt\/wp-content\/uploads\/2024\/05\/IMG_9214.jpeg\" alt=\"\" width=\"1205\" height=\"800\" srcset=\"https:\/\/jessel.de\/365-tage-sylt\/wp-content\/uploads\/2024\/05\/IMG_9214.jpeg 1205w, https:\/\/jessel.de\/365-tage-sylt\/wp-content\/uploads\/2024\/05\/IMG_9214-300x199.jpeg 300w, https:\/\/jessel.de\/365-tage-sylt\/wp-content\/uploads\/2024\/05\/IMG_9214-1024x680.jpeg 1024w, https:\/\/jessel.de\/365-tage-sylt\/wp-content\/uploads\/2024\/05\/IMG_9214-768x510.jpeg 768w\" sizes=\"auto, (max-width: 1205px) 100vw, 1205px\" \/><\/p>\n<p>Ihr k\u00f6nnt ja mal raten, wo ich die n\u00e4chsten beiden Fotos aufgenommen habe, hihi. Viel Spa\u00df:<\/p>\n<p><img loading=\"lazy\" decoding=\"async\" class=\"alignnone size-full wp-image-17633\" src=\"https:\/\/jessel.de\/365-tage-sylt\/wp-content\/uploads\/2024\/05\/IMG_9213.jpeg\" alt=\"\" width=\"1205\" height=\"800\" srcset=\"https:\/\/jessel.de\/365-tage-sylt\/wp-content\/uploads\/2024\/05\/IMG_9213.jpeg 1205w, https:\/\/jessel.de\/365-tage-sylt\/wp-content\/uploads\/2024\/05\/IMG_9213-300x199.jpeg 300w, https:\/\/jessel.de\/365-tage-sylt\/wp-content\/uploads\/2024\/05\/IMG_9213-1024x680.jpeg 1024w, https:\/\/jessel.de\/365-tage-sylt\/wp-content\/uploads\/2024\/05\/IMG_9213-768x510.jpeg 768w\" sizes=\"auto, (max-width: 1205px) 100vw, 1205px\" \/><\/p>\n<p>Fotografieren verboten? Nicht am Pfingstmontag um 6:15 Uhr:<\/p>\n<p><img loading=\"lazy\" decoding=\"async\" class=\"alignnone size-full wp-image-17634\" src=\"https:\/\/jessel.de\/365-tage-sylt\/wp-content\/uploads\/2024\/05\/IMG_9208.jpeg\" alt=\"\" width=\"1205\" height=\"800\" srcset=\"https:\/\/jessel.de\/365-tage-sylt\/wp-content\/uploads\/2024\/05\/IMG_9208.jpeg 1205w, https:\/\/jessel.de\/365-tage-sylt\/wp-content\/uploads\/2024\/05\/IMG_9208-300x199.jpeg 300w, https:\/\/jessel.de\/365-tage-sylt\/wp-content\/uploads\/2024\/05\/IMG_9208-1024x680.jpeg 1024w, https:\/\/jessel.de\/365-tage-sylt\/wp-content\/uploads\/2024\/05\/IMG_9208-768x510.jpeg 768w\" sizes=\"auto, (max-width: 1205px) 100vw, 1205px\" \/><\/p>\n<p>Nachfolgender Strand\u00fcbergang beim Restaurant \u201aS-Point\u2018 muss nach jedem Sturm freigeschaufelt werden, denn es weht viel Sand vom Strand herauf. Im vergangenen Winter hatte sich bereits eine regelrechte Wanderd\u00fcne gebildet. Die perfekte Vegetation hat sich nun auch angefunden: Der StrandROGGEN mit seinen breiten, hellbl\u00e4ulichen und aufgrund von Silikatanreicherungen messerscharfen Bl\u00e4ttern \u00fcbersteht als einzige Pflanze den Ansturm des Sandes &#8211; und die Kamtchatkarose kann nur in deren Schutz und Windschatten \u00fcberleben. Der deutlich schmalbl\u00e4ttrigere StrandHAFER(mittig vorne sowie im Mittelgrund), die allgemein bekannte Charakterpflanze der Wei\u00dfd\u00fcnen, bevorzugt ebenfalls eher windgesch\u00fctztere Stellen, an denen sich der Sandflug in Grenzen h\u00e4lt:<\/p>\n<p><img loading=\"lazy\" decoding=\"async\" class=\"alignnone size-full wp-image-17635\" src=\"https:\/\/jessel.de\/365-tage-sylt\/wp-content\/uploads\/2024\/05\/IMG_9212.jpeg\" alt=\"\" width=\"1205\" height=\"800\" srcset=\"https:\/\/jessel.de\/365-tage-sylt\/wp-content\/uploads\/2024\/05\/IMG_9212.jpeg 1205w, https:\/\/jessel.de\/365-tage-sylt\/wp-content\/uploads\/2024\/05\/IMG_9212-300x199.jpeg 300w, https:\/\/jessel.de\/365-tage-sylt\/wp-content\/uploads\/2024\/05\/IMG_9212-1024x680.jpeg 1024w, https:\/\/jessel.de\/365-tage-sylt\/wp-content\/uploads\/2024\/05\/IMG_9212-768x510.jpeg 768w\" sizes=\"auto, (max-width: 1205px) 100vw, 1205px\" \/><\/p>\n<p>Und wo wir gerade beim \u201aS-Point\u2018 sind: Die \u201eSoup of the day\u201c wird um diese Uhrzeit \u00fcbrigens noch nicht ausgeschenkt:<\/p>\n<p><img loading=\"lazy\" decoding=\"async\" class=\"alignnone size-full wp-image-17636\" src=\"https:\/\/jessel.de\/365-tage-sylt\/wp-content\/uploads\/2024\/05\/IMG_9209.jpeg\" alt=\"\" width=\"1205\" height=\"800\" srcset=\"https:\/\/jessel.de\/365-tage-sylt\/wp-content\/uploads\/2024\/05\/IMG_9209.jpeg 1205w, https:\/\/jessel.de\/365-tage-sylt\/wp-content\/uploads\/2024\/05\/IMG_9209-300x199.jpeg 300w, https:\/\/jessel.de\/365-tage-sylt\/wp-content\/uploads\/2024\/05\/IMG_9209-1024x680.jpeg 1024w, https:\/\/jessel.de\/365-tage-sylt\/wp-content\/uploads\/2024\/05\/IMG_9209-768x510.jpeg 768w\" sizes=\"auto, (max-width: 1205px) 100vw, 1205px\" \/><\/p>\n<p>Ein traumhafter Meerblick-Morgen geht zu Ende. Schaaade eigentlich, denn davon kann ich gar nicht genug kriegen, ehrlich gesagt:<\/p>\n<p><img loading=\"lazy\" decoding=\"async\" class=\"alignnone size-full wp-image-17637\" src=\"https:\/\/jessel.de\/365-tage-sylt\/wp-content\/uploads\/2024\/05\/IMG_9210.jpeg\" alt=\"\" width=\"1205\" height=\"800\" srcset=\"https:\/\/jessel.de\/365-tage-sylt\/wp-content\/uploads\/2024\/05\/IMG_9210.jpeg 1205w, https:\/\/jessel.de\/365-tage-sylt\/wp-content\/uploads\/2024\/05\/IMG_9210-300x199.jpeg 300w, https:\/\/jessel.de\/365-tage-sylt\/wp-content\/uploads\/2024\/05\/IMG_9210-1024x680.jpeg 1024w, https:\/\/jessel.de\/365-tage-sylt\/wp-content\/uploads\/2024\/05\/IMG_9210-768x510.jpeg 768w\" sizes=\"auto, (max-width: 1205px) 100vw, 1205px\" \/><\/p>\n","protected":false},"excerpt":{"rendered":"<p>Die Tetrapoden auf dem Oase-Parkplatz im S\u00fcden Westerlands machen weiterhin gro\u00dfe Augen: Ihrer eigentlichen Heimat, Strand und Meer, sind sie entrissen worden. Nun fristen sie ein unbestimmtes Dasein, denn keine(r) f\u00fchlt sich zust\u00e4ndig, was mit ihnen geschehen soll. Aber die k\u00fchnen Augen-Maler haben sie zum fr\u00f6hlichsten Freiland-Kunstwerk der Insel gemacht. Jedesmal, wenn ich hier vorbeikomme und mich irgendwie beobachtet f\u00fchle, muss ich schmunzeln \u00fcber die neugierigen Kameraden. Und das geht&hellip;<\/p>\n","protected":false},"author":2,"featured_media":17639,"comment_status":"open","ping_status":"open","sticky":false,"template":"","format":"standard","meta":{"footnotes":""},"categories":[27,39,41,7],"tags":[],"class_list":["post-17630","post","type-post","status-publish","format-standard","has-post-thumbnail","hentry","category-alle-bilder","category-arbeit","category-fruehling","category-westerland"],"jetpack_featured_media_url":"https:\/\/jessel.de\/365-tage-sylt\/wp-content\/uploads\/2024\/05\/IMG_9211.jpeg","_links":{"self":[{"href":"https:\/\/jessel.de\/365-tage-sylt\/wp-json\/wp\/v2\/posts\/17630","targetHints":{"allow":["GET"]}}],"collection":[{"href":"https:\/\/jessel.de\/365-tage-sylt\/wp-json\/wp\/v2\/posts"}],"about":[{"href":"https:\/\/jessel.de\/365-tage-sylt\/wp-json\/wp\/v2\/types\/post"}],"author":[{"embeddable":true,"href":"https:\/\/jessel.de\/365-tage-sylt\/wp-json\/wp\/v2\/users\/2"}],"replies":[{"embeddable":true,"href":"https:\/\/jessel.de\/365-tage-sylt\/wp-json\/wp\/v2\/comments?post=17630"}],"version-history":[{"count":2,"href":"https:\/\/jessel.de\/365-tage-sylt\/wp-json\/wp\/v2\/posts\/17630\/revisions"}],"predecessor-version":[{"id":17638,"href":"https:\/\/jessel.de\/365-tage-sylt\/wp-json\/wp\/v2\/posts\/17630\/revisions\/17638"}],"wp:featuredmedia":[{"embeddable":true,"href":"https:\/\/jessel.de\/365-tage-sylt\/wp-json\/wp\/v2\/media\/17639"}],"wp:attachment":[{"href":"https:\/\/jessel.de\/365-tage-sylt\/wp-json\/wp\/v2\/media?parent=17630"}],"wp:term":[{"taxonomy":"category","embeddable":true,"href":"https:\/\/jessel.de\/365-tage-sylt\/wp-json\/wp\/v2\/categories?post=17630"},{"taxonomy":"post_tag","embeddable":true,"href":"https:\/\/jessel.de\/365-tage-sylt\/wp-json\/wp\/v2\/tags?post=17630"}],"curies":[{"name":"wp","href":"https:\/\/api.w.org\/{rel}","templated":true}]}}