{"id":17642,"date":"2024-05-21T19:05:50","date_gmt":"2024-05-21T19:05:50","guid":{"rendered":"https:\/\/jessel.de\/365-tage-sylt\/?p=17642"},"modified":"2024-05-21T19:11:02","modified_gmt":"2024-05-21T19:11:02","slug":"21-mai-guten-morgen-sylt","status":"publish","type":"post","link":"https:\/\/jessel.de\/365-tage-sylt\/21-mai-guten-morgen-sylt\/","title":{"rendered":"21. Mai: \u201eGuten Morgen, Sylt!\u201c\u2026"},"content":{"rendered":"<p>\u201eGut siehst Du aus, mal wieder!\u201c<\/p>\n<p>Nun beginnt so langsam die Zeit der \u201eWei\u00dfen N\u00e4chte\u201c, auch wenn dieser Ausdruck f\u00fcr die k\u00fcrzesten N\u00e4chte des Jahres eigentlich erst ab dem 60. Breitengrad \u00fcblich ist. Die Sonne geht jetzt um kurz nach 5 Uhr auf, und ich bin zu diesem Zeitpunkt l\u00e4ngst an meinem heutigen Ziel, der gr\u00f6\u00dften \u00a0Kamtchatkarosen-Ansammlung der Insel, die zur Zeit mit einem gewaltigen Bl\u00fctenmeer zu beeindrucken wei\u00df:<\/p>\n<p><img loading=\"lazy\" decoding=\"async\" class=\"alignnone size-full wp-image-17644\" src=\"https:\/\/jessel.de\/365-tage-sylt\/wp-content\/uploads\/2024\/05\/IMG_9224.jpeg\" alt=\"\" width=\"1205\" height=\"800\" srcset=\"https:\/\/jessel.de\/365-tage-sylt\/wp-content\/uploads\/2024\/05\/IMG_9224.jpeg 1205w, https:\/\/jessel.de\/365-tage-sylt\/wp-content\/uploads\/2024\/05\/IMG_9224-300x199.jpeg 300w, https:\/\/jessel.de\/365-tage-sylt\/wp-content\/uploads\/2024\/05\/IMG_9224-1024x680.jpeg 1024w, https:\/\/jessel.de\/365-tage-sylt\/wp-content\/uploads\/2024\/05\/IMG_9224-768x510.jpeg 768w\" sizes=\"auto, (max-width: 1205px) 100vw, 1205px\" \/><\/p>\n<p>Au\u00dferdem bin ich am Strand unterwegs, wo eine Holzpfahlbuhne ziemlich parodontisch \u00a0aus dem Sand ragt. Aber das wird nicht so bleiben, denn die diesj\u00e4hrigen Sandvorsp\u00fclungen haben vor Kampen bereits begonnen, so da\u00df das Sanddefizit bald behoben sein d\u00fcrfte &#8211; Vergleichsfoto folgt dann:<\/p>\n<p><img loading=\"lazy\" decoding=\"async\" class=\"alignnone size-full wp-image-17645\" src=\"https:\/\/jessel.de\/365-tage-sylt\/wp-content\/uploads\/2024\/05\/IMG_9222.jpeg\" alt=\"\" width=\"1205\" height=\"800\" srcset=\"https:\/\/jessel.de\/365-tage-sylt\/wp-content\/uploads\/2024\/05\/IMG_9222.jpeg 1205w, https:\/\/jessel.de\/365-tage-sylt\/wp-content\/uploads\/2024\/05\/IMG_9222-300x199.jpeg 300w, https:\/\/jessel.de\/365-tage-sylt\/wp-content\/uploads\/2024\/05\/IMG_9222-1024x680.jpeg 1024w, https:\/\/jessel.de\/365-tage-sylt\/wp-content\/uploads\/2024\/05\/IMG_9222-768x510.jpeg 768w\" sizes=\"auto, (max-width: 1205px) 100vw, 1205px\" \/><\/p>\n<p>Begeistern k\u00f6nnen mich einmal mehr die messerscharfen Sandstrukturen beim heutigen Fr\u00fch-Springtiden-Niedrigwasser\u2026:<\/p>\n<p><img loading=\"lazy\" decoding=\"async\" class=\"alignnone size-full wp-image-17646\" src=\"https:\/\/jessel.de\/365-tage-sylt\/wp-content\/uploads\/2024\/05\/IMG_9217.jpeg\" alt=\"\" width=\"1205\" height=\"800\" srcset=\"https:\/\/jessel.de\/365-tage-sylt\/wp-content\/uploads\/2024\/05\/IMG_9217.jpeg 1205w, https:\/\/jessel.de\/365-tage-sylt\/wp-content\/uploads\/2024\/05\/IMG_9217-300x199.jpeg 300w, https:\/\/jessel.de\/365-tage-sylt\/wp-content\/uploads\/2024\/05\/IMG_9217-1024x680.jpeg 1024w, https:\/\/jessel.de\/365-tage-sylt\/wp-content\/uploads\/2024\/05\/IMG_9217-768x510.jpeg 768w\" sizes=\"auto, (max-width: 1205px) 100vw, 1205px\" \/><\/p>\n<p>\u2026 die auch im Detail ganze Erosions-Abl\u00e4ufe beschreiben. Sorry, aber da freut sich der Geograf in mir:<\/p>\n<p><img loading=\"lazy\" decoding=\"async\" class=\"alignnone size-full wp-image-17647\" src=\"https:\/\/jessel.de\/365-tage-sylt\/wp-content\/uploads\/2024\/05\/IMG_9220.jpeg\" alt=\"\" width=\"1205\" height=\"800\" srcset=\"https:\/\/jessel.de\/365-tage-sylt\/wp-content\/uploads\/2024\/05\/IMG_9220.jpeg 1205w, https:\/\/jessel.de\/365-tage-sylt\/wp-content\/uploads\/2024\/05\/IMG_9220-300x199.jpeg 300w, https:\/\/jessel.de\/365-tage-sylt\/wp-content\/uploads\/2024\/05\/IMG_9220-1024x680.jpeg 1024w, https:\/\/jessel.de\/365-tage-sylt\/wp-content\/uploads\/2024\/05\/IMG_9220-768x510.jpeg 768w\" sizes=\"auto, (max-width: 1205px) 100vw, 1205px\" \/><\/p>\n<p>Dann wollte ich Euch noch die tolle Cumuluswolke zeigen, die ich am gestrigen Abend hinter dem Kampener Leuchtturm fotografieren konnte. Sie befand sich zu diesem Zeitpunkt gut 60 Kilometer entfernt \u00fcber der Mitte Schleswig-Holsteins. Vorbotin eines Wetterwechsels, den wir am morgigen Mittwoch erleben werden:<\/p>\n<p><img loading=\"lazy\" decoding=\"async\" class=\"alignnone size-full wp-image-17648\" src=\"https:\/\/jessel.de\/365-tage-sylt\/wp-content\/uploads\/2024\/05\/IMG_9223.jpeg\" alt=\"\" width=\"1205\" height=\"800\" srcset=\"https:\/\/jessel.de\/365-tage-sylt\/wp-content\/uploads\/2024\/05\/IMG_9223.jpeg 1205w, https:\/\/jessel.de\/365-tage-sylt\/wp-content\/uploads\/2024\/05\/IMG_9223-300x199.jpeg 300w, https:\/\/jessel.de\/365-tage-sylt\/wp-content\/uploads\/2024\/05\/IMG_9223-1024x680.jpeg 1024w, https:\/\/jessel.de\/365-tage-sylt\/wp-content\/uploads\/2024\/05\/IMG_9223-768x510.jpeg 768w\" sizes=\"auto, (max-width: 1205px) 100vw, 1205px\" \/><\/p>\n<p>Freue mich schon drauf!<\/p>\n<p>&nbsp;<\/p>\n<p>&nbsp;<\/p>\n","protected":false},"excerpt":{"rendered":"<p>\u201eGut siehst Du aus, mal wieder!\u201c Nun beginnt so langsam die Zeit der \u201eWei\u00dfen N\u00e4chte\u201c, auch wenn dieser Ausdruck f\u00fcr die k\u00fcrzesten N\u00e4chte des Jahres eigentlich erst ab dem 60. Breitengrad \u00fcblich ist. Die Sonne geht jetzt um kurz nach 5 Uhr auf, und ich bin zu diesem Zeitpunkt l\u00e4ngst an meinem heutigen Ziel, der gr\u00f6\u00dften \u00a0Kamtchatkarosen-Ansammlung der Insel, die zur Zeit mit einem gewaltigen Bl\u00fctenmeer zu beeindrucken wei\u00df: Au\u00dferdem&hellip;<\/p>\n","protected":false},"author":2,"featured_media":17643,"comment_status":"open","ping_status":"open","sticky":false,"template":"","format":"standard","meta":{"footnotes":""},"categories":[27,39,24,41,25,26],"tags":[],"class_list":["post-17642","post","type-post","status-publish","format-standard","has-post-thumbnail","hentry","category-alle-bilder","category-arbeit","category-duenen","category-fruehling","category-kampen","category-strand"],"jetpack_featured_media_url":"https:\/\/jessel.de\/365-tage-sylt\/wp-content\/uploads\/2024\/05\/IMG_9221.jpeg","_links":{"self":[{"href":"https:\/\/jessel.de\/365-tage-sylt\/wp-json\/wp\/v2\/posts\/17642","targetHints":{"allow":["GET"]}}],"collection":[{"href":"https:\/\/jessel.de\/365-tage-sylt\/wp-json\/wp\/v2\/posts"}],"about":[{"href":"https:\/\/jessel.de\/365-tage-sylt\/wp-json\/wp\/v2\/types\/post"}],"author":[{"embeddable":true,"href":"https:\/\/jessel.de\/365-tage-sylt\/wp-json\/wp\/v2\/users\/2"}],"replies":[{"embeddable":true,"href":"https:\/\/jessel.de\/365-tage-sylt\/wp-json\/wp\/v2\/comments?post=17642"}],"version-history":[{"count":3,"href":"https:\/\/jessel.de\/365-tage-sylt\/wp-json\/wp\/v2\/posts\/17642\/revisions"}],"predecessor-version":[{"id":17651,"href":"https:\/\/jessel.de\/365-tage-sylt\/wp-json\/wp\/v2\/posts\/17642\/revisions\/17651"}],"wp:featuredmedia":[{"embeddable":true,"href":"https:\/\/jessel.de\/365-tage-sylt\/wp-json\/wp\/v2\/media\/17643"}],"wp:attachment":[{"href":"https:\/\/jessel.de\/365-tage-sylt\/wp-json\/wp\/v2\/media?parent=17642"}],"wp:term":[{"taxonomy":"category","embeddable":true,"href":"https:\/\/jessel.de\/365-tage-sylt\/wp-json\/wp\/v2\/categories?post=17642"},{"taxonomy":"post_tag","embeddable":true,"href":"https:\/\/jessel.de\/365-tage-sylt\/wp-json\/wp\/v2\/tags?post=17642"}],"curies":[{"name":"wp","href":"https:\/\/api.w.org\/{rel}","templated":true}]}}