{"id":17764,"date":"2024-06-04T16:26:17","date_gmt":"2024-06-04T16:26:17","guid":{"rendered":"https:\/\/jessel.de\/365-tage-sylt\/?p=17764"},"modified":"2024-06-04T16:33:56","modified_gmt":"2024-06-04T16:33:56","slug":"4-juni-ein-seeehr-grauer-tag","status":"publish","type":"post","link":"https:\/\/jessel.de\/365-tage-sylt\/4-juni-ein-seeehr-grauer-tag\/","title":{"rendered":"4. Juni: Ein seeehr grauer Tag\u2026"},"content":{"rendered":"<p>\u2026 mit einem kurzen lichten Moment.<\/p>\n<p>Ich nat\u00fcrlich sofort Hals \u00fcber Kopf r\u00fcber an den Strand, knipsknips, und das war\u2019s dann auch f\u00fcr heute.<\/p>\n<p>Hier noch kurz die aktuellen Wetterdaten, falls diese jemanden interessieren:<\/p>\n<p><img loading=\"lazy\" decoding=\"async\" class=\"alignnone size-full wp-image-17765\" src=\"https:\/\/jessel.de\/365-tage-sylt\/wp-content\/uploads\/2024\/06\/IMG_9344.jpeg\" alt=\"\" width=\"800\" height=\"1200\" srcset=\"https:\/\/jessel.de\/365-tage-sylt\/wp-content\/uploads\/2024\/06\/IMG_9344.jpeg 800w, https:\/\/jessel.de\/365-tage-sylt\/wp-content\/uploads\/2024\/06\/IMG_9344-200x300.jpeg 200w, https:\/\/jessel.de\/365-tage-sylt\/wp-content\/uploads\/2024\/06\/IMG_9344-683x1024.jpeg 683w, https:\/\/jessel.de\/365-tage-sylt\/wp-content\/uploads\/2024\/06\/IMG_9344-768x1152.jpeg 768w\" sizes=\"auto, (max-width: 800px) 100vw, 800px\" \/><\/p>\n<p>Und sonst so? Ich plane gerade final an einer Reise herum, die in B\u00e4lde beginnen soll und auf die ich Euch wieder mitnehme, behalte nichtsdestotrotz das Wetter im Blick, schneide die Hecke, koche ein italienisches Essen mit frischer Burrata, die Silke am Sonntag aus Rom mitbrachte, beg\u00f6sche die H\u00fchner freue mich \u00fcber jeden Sonnenstrahl, dem ich mit nicht enden wollendem Enthusiasmus hinterher renne\u2026 \ud83d\ude09<\/p>\n<p>&nbsp;<\/p>\n","protected":false},"excerpt":{"rendered":"<p>\u2026 mit einem kurzen lichten Moment. Ich nat\u00fcrlich sofort Hals \u00fcber Kopf r\u00fcber an den Strand, knipsknips, und das war\u2019s dann auch f\u00fcr heute. Hier noch kurz die aktuellen Wetterdaten, falls diese jemanden interessieren: Und sonst so? Ich plane gerade final an einer Reise herum, die in B\u00e4lde beginnen soll und auf die ich Euch wieder mitnehme, behalte nichtsdestotrotz das Wetter im Blick, schneide die Hecke, koche ein italienisches Essen&hellip;<\/p>\n","protected":false},"author":2,"featured_media":17769,"comment_status":"open","ping_status":"open","sticky":false,"template":"","format":"standard","meta":{"footnotes":""},"categories":[27,39,41,3,35,4,26,7],"tags":[],"class_list":["post-17764","post","type-post","status-publish","format-standard","has-post-thumbnail","hentry","category-alle-bilder","category-arbeit","category-fruehling","category-menschen","category-schlechtes-wetter","category-spuren","category-strand","category-westerland"],"jetpack_featured_media_url":"https:\/\/jessel.de\/365-tage-sylt\/wp-content\/uploads\/2024\/06\/L1009656.jpeg","_links":{"self":[{"href":"https:\/\/jessel.de\/365-tage-sylt\/wp-json\/wp\/v2\/posts\/17764","targetHints":{"allow":["GET"]}}],"collection":[{"href":"https:\/\/jessel.de\/365-tage-sylt\/wp-json\/wp\/v2\/posts"}],"about":[{"href":"https:\/\/jessel.de\/365-tage-sylt\/wp-json\/wp\/v2\/types\/post"}],"author":[{"embeddable":true,"href":"https:\/\/jessel.de\/365-tage-sylt\/wp-json\/wp\/v2\/users\/2"}],"replies":[{"embeddable":true,"href":"https:\/\/jessel.de\/365-tage-sylt\/wp-json\/wp\/v2\/comments?post=17764"}],"version-history":[{"count":5,"href":"https:\/\/jessel.de\/365-tage-sylt\/wp-json\/wp\/v2\/posts\/17764\/revisions"}],"predecessor-version":[{"id":17771,"href":"https:\/\/jessel.de\/365-tage-sylt\/wp-json\/wp\/v2\/posts\/17764\/revisions\/17771"}],"wp:featuredmedia":[{"embeddable":true,"href":"https:\/\/jessel.de\/365-tage-sylt\/wp-json\/wp\/v2\/media\/17769"}],"wp:attachment":[{"href":"https:\/\/jessel.de\/365-tage-sylt\/wp-json\/wp\/v2\/media?parent=17764"}],"wp:term":[{"taxonomy":"category","embeddable":true,"href":"https:\/\/jessel.de\/365-tage-sylt\/wp-json\/wp\/v2\/categories?post=17764"},{"taxonomy":"post_tag","embeddable":true,"href":"https:\/\/jessel.de\/365-tage-sylt\/wp-json\/wp\/v2\/tags?post=17764"}],"curies":[{"name":"wp","href":"https:\/\/api.w.org\/{rel}","templated":true}]}}