{"id":1814,"date":"2017-07-17T15:09:04","date_gmt":"2017-07-17T15:09:04","guid":{"rendered":"http:\/\/jessel.de\/365-tage-sylt\/?p=1814"},"modified":"2017-07-17T15:29:29","modified_gmt":"2017-07-17T15:29:29","slug":"frueh-unterwegs","status":"publish","type":"post","link":"https:\/\/jessel.de\/365-tage-sylt\/frueh-unterwegs\/","title":{"rendered":"Fr\u00fch unterwegs&#8230;"},"content":{"rendered":"<p>&#8230; aber kaum Ertrag. Ich radel&#8216; um 5:30 Uhr Richtung Sylter Osten, um mir Locations in Archsum und Morsum zu suchen. Da bin ich offenbar falsch, denn au\u00dfer ein paar Ideen, wann ich wo noch mal nachschauen sollte, kommt nichts dabei raus. Zwei Stunden f\u00fcr (fast) nichts. Dieses Foto allein war allerdings die Anstrengungen wert:<\/p>\n<p><img loading=\"lazy\" decoding=\"async\" class=\"alignnone size-full wp-image-1816\" src=\"http:\/\/jessel.de\/365-tage-sylt\/wp-content\/uploads\/2017\/07\/L1009304.jpg\" alt=\"\" width=\"1228\" height=\"800\" srcset=\"https:\/\/jessel.de\/365-tage-sylt\/wp-content\/uploads\/2017\/07\/L1009304.jpg 1228w, https:\/\/jessel.de\/365-tage-sylt\/wp-content\/uploads\/2017\/07\/L1009304-300x195.jpg 300w, https:\/\/jessel.de\/365-tage-sylt\/wp-content\/uploads\/2017\/07\/L1009304-768x500.jpg 768w, https:\/\/jessel.de\/365-tage-sylt\/wp-content\/uploads\/2017\/07\/L1009304-1024x667.jpg 1024w\" sizes=\"auto, (max-width: 1228px) 100vw, 1228px\" \/><\/p>\n<p>Es zeigt n\u00e4mlich sehr sch\u00f6n, dass auch moderne Reetdachh\u00e4user nicht zwangsl\u00e4ufig h\u00e4sslich, unproportioniert und mit falschen Materialien und ohne Beachtung der historischen Vorbilder gebaut werden m\u00fcssen, sondern dass auch diese landschafts- und stilgerecht aussehen k\u00f6nnen. Das ist nur leider viel zu selten der Fall.<\/p>\n<p>Nach einem kr\u00e4ftigenden Fr\u00fchst\u00fcck st\u00fcrze ich mich ins touristische Geschehen:<\/p>\n<p><img loading=\"lazy\" decoding=\"async\" class=\"alignnone size-full wp-image-1815\" src=\"http:\/\/jessel.de\/365-tage-sylt\/wp-content\/uploads\/2017\/07\/L1009327-Panorama.jpg\" alt=\"\" width=\"2019\" height=\"800\" srcset=\"https:\/\/jessel.de\/365-tage-sylt\/wp-content\/uploads\/2017\/07\/L1009327-Panorama.jpg 2019w, https:\/\/jessel.de\/365-tage-sylt\/wp-content\/uploads\/2017\/07\/L1009327-Panorama-300x119.jpg 300w, https:\/\/jessel.de\/365-tage-sylt\/wp-content\/uploads\/2017\/07\/L1009327-Panorama-768x304.jpg 768w, https:\/\/jessel.de\/365-tage-sylt\/wp-content\/uploads\/2017\/07\/L1009327-Panorama-1024x406.jpg 1024w\" sizes=\"auto, (max-width: 2019px) 100vw, 2019px\" \/><\/p>\n<p>D\u00f6rte L. bringt gerade ihre jungen M\u00fctter mit einigen Yoga-\u00dcbungen am Strand in Schwung,&#8230; w\u00e4hrend gleich nebenan eher dem M\u00fc\u00dfiggang gehuldigt wird:<\/p>\n<p><img loading=\"lazy\" decoding=\"async\" class=\"alignnone size-full wp-image-1818\" src=\"http:\/\/jessel.de\/365-tage-sylt\/wp-content\/uploads\/2017\/07\/L1009343.jpg\" alt=\"\" width=\"1200\" height=\"800\" srcset=\"https:\/\/jessel.de\/365-tage-sylt\/wp-content\/uploads\/2017\/07\/L1009343.jpg 1200w, https:\/\/jessel.de\/365-tage-sylt\/wp-content\/uploads\/2017\/07\/L1009343-300x200.jpg 300w, https:\/\/jessel.de\/365-tage-sylt\/wp-content\/uploads\/2017\/07\/L1009343-768x512.jpg 768w, https:\/\/jessel.de\/365-tage-sylt\/wp-content\/uploads\/2017\/07\/L1009343-1024x683.jpg 1024w\" sizes=\"auto, (max-width: 1200px) 100vw, 1200px\" \/><\/p>\n<p>Nordseewetter vom Feinsten. Sooo wolkenfrei bei strammem Seewind &#8211; das gibt&#8217;s nicht alle Tage. Die Menschen geniessen es, jede(r) auf seine\/ihre Art. Herrlich, sich den Wind durchs Haar wehen zu lassen:<\/p>\n<p><img loading=\"lazy\" decoding=\"async\" class=\"alignnone size-full wp-image-1819\" src=\"http:\/\/jessel.de\/365-tage-sylt\/wp-content\/uploads\/2017\/07\/L1009383.jpg\" alt=\"\" width=\"1200\" height=\"800\" srcset=\"https:\/\/jessel.de\/365-tage-sylt\/wp-content\/uploads\/2017\/07\/L1009383.jpg 1200w, https:\/\/jessel.de\/365-tage-sylt\/wp-content\/uploads\/2017\/07\/L1009383-300x200.jpg 300w, https:\/\/jessel.de\/365-tage-sylt\/wp-content\/uploads\/2017\/07\/L1009383-768x512.jpg 768w, https:\/\/jessel.de\/365-tage-sylt\/wp-content\/uploads\/2017\/07\/L1009383-1024x683.jpg 1024w\" sizes=\"auto, (max-width: 1200px) 100vw, 1200px\" \/><\/p>\n<p>Bis Mittwoch einschlie\u00dflich ist allerbestes Strandwetter angesagt. Oberstress im Hause Jessel&#8230;<\/p>\n<p>&nbsp;<\/p>\n","protected":false},"excerpt":{"rendered":"<p>&#8230; aber kaum Ertrag. Ich radel&#8216; um 5:30 Uhr Richtung Sylter Osten, um mir Locations in Archsum und Morsum zu suchen. Da bin ich offenbar falsch, denn au\u00dfer ein paar Ideen, wann ich wo noch mal nachschauen sollte, kommt nichts dabei raus. Zwei Stunden f\u00fcr (fast) nichts. Dieses Foto allein war allerdings die Anstrengungen wert: Es zeigt n\u00e4mlich sehr sch\u00f6n, dass auch moderne Reetdachh\u00e4user nicht zwangsl\u00e4ufig h\u00e4sslich, unproportioniert und mit&hellip;<\/p>\n","protected":false},"author":2,"featured_media":1817,"comment_status":"open","ping_status":"open","sticky":false,"template":"","format":"standard","meta":{"footnotes":""},"categories":[27,3,46,26,2,7],"tags":[],"class_list":["post-1814","post","type-post","status-publish","format-standard","has-post-thumbnail","hentry","category-alle-bilder","category-menschen","category-sommer","category-strand","category-tourismus","category-westerland"],"jetpack_featured_media_url":"https:\/\/jessel.de\/365-tage-sylt\/wp-content\/uploads\/2017\/07\/L1009341.jpg","_links":{"self":[{"href":"https:\/\/jessel.de\/365-tage-sylt\/wp-json\/wp\/v2\/posts\/1814","targetHints":{"allow":["GET"]}}],"collection":[{"href":"https:\/\/jessel.de\/365-tage-sylt\/wp-json\/wp\/v2\/posts"}],"about":[{"href":"https:\/\/jessel.de\/365-tage-sylt\/wp-json\/wp\/v2\/types\/post"}],"author":[{"embeddable":true,"href":"https:\/\/jessel.de\/365-tage-sylt\/wp-json\/wp\/v2\/users\/2"}],"replies":[{"embeddable":true,"href":"https:\/\/jessel.de\/365-tage-sylt\/wp-json\/wp\/v2\/comments?post=1814"}],"version-history":[{"count":4,"href":"https:\/\/jessel.de\/365-tage-sylt\/wp-json\/wp\/v2\/posts\/1814\/revisions"}],"predecessor-version":[{"id":1823,"href":"https:\/\/jessel.de\/365-tage-sylt\/wp-json\/wp\/v2\/posts\/1814\/revisions\/1823"}],"wp:featuredmedia":[{"embeddable":true,"href":"https:\/\/jessel.de\/365-tage-sylt\/wp-json\/wp\/v2\/media\/1817"}],"wp:attachment":[{"href":"https:\/\/jessel.de\/365-tage-sylt\/wp-json\/wp\/v2\/media?parent=1814"}],"wp:term":[{"taxonomy":"category","embeddable":true,"href":"https:\/\/jessel.de\/365-tage-sylt\/wp-json\/wp\/v2\/categories?post=1814"},{"taxonomy":"post_tag","embeddable":true,"href":"https:\/\/jessel.de\/365-tage-sylt\/wp-json\/wp\/v2\/tags?post=1814"}],"curies":[{"name":"wp","href":"https:\/\/api.w.org\/{rel}","templated":true}]}}