{"id":1832,"date":"2017-07-19T16:09:27","date_gmt":"2017-07-19T16:09:27","guid":{"rendered":"http:\/\/jessel.de\/365-tage-sylt\/?p=1832"},"modified":"2017-07-19T16:51:31","modified_gmt":"2017-07-19T16:51:31","slug":"ein-bade-tag-am-meer","status":"publish","type":"post","link":"https:\/\/jessel.de\/365-tage-sylt\/ein-bade-tag-am-meer\/","title":{"rendered":"Ein Bade-Tag am Meer"},"content":{"rendered":"<p>Besuch von Blog-Teilnehmern aus Flensburg. Der Blogger zeigt sein Lieblings-Sylt. Zun\u00e4chst einmal Wetter vom Allerfeinsten: Blauer Himmel, sanfter und angenehm k\u00fchlender Ostwind. Wir fahren mit dem Bus bis zu DER Haltestelle, wo n\u00f6rdlich und s\u00fcdlich \u00fcber Kilometer KEIN Parkplatz ist. Mein absoluter Sylter Lieblings-Strand\u00fcbergang. Da kommt schon mal Beach-Stimmung auf:<\/p>\n<p><img loading=\"lazy\" decoding=\"async\" class=\"alignnone size-full wp-image-1833\" src=\"http:\/\/jessel.de\/365-tage-sylt\/wp-content\/uploads\/2017\/07\/2017-07-19-14.50.09.jpg\" alt=\"\" width=\"1422\" height=\"800\" srcset=\"https:\/\/jessel.de\/365-tage-sylt\/wp-content\/uploads\/2017\/07\/2017-07-19-14.50.09.jpg 1422w, https:\/\/jessel.de\/365-tage-sylt\/wp-content\/uploads\/2017\/07\/2017-07-19-14.50.09-300x169.jpg 300w, https:\/\/jessel.de\/365-tage-sylt\/wp-content\/uploads\/2017\/07\/2017-07-19-14.50.09-768x432.jpg 768w, https:\/\/jessel.de\/365-tage-sylt\/wp-content\/uploads\/2017\/07\/2017-07-19-14.50.09-1024x576.jpg 1024w\" sizes=\"auto, (max-width: 1422px) 100vw, 1422px\" \/><\/p>\n<p>Der Besuch von der Flensburger F\u00f6rde zeigt sich beeindruckt. Die Begeisterung schwindet ein wenig beim Testen der Wassertemperatur. Man\/frau beachte die nach oben gezogenen Schultern:<\/p>\n<p><img loading=\"lazy\" decoding=\"async\" class=\"alignnone size-full wp-image-1837\" src=\"http:\/\/jessel.de\/365-tage-sylt\/wp-content\/uploads\/2017\/07\/20170719_111456.jpg\" alt=\"\" width=\"1422\" height=\"800\" srcset=\"https:\/\/jessel.de\/365-tage-sylt\/wp-content\/uploads\/2017\/07\/20170719_111456.jpg 1422w, https:\/\/jessel.de\/365-tage-sylt\/wp-content\/uploads\/2017\/07\/20170719_111456-300x169.jpg 300w, https:\/\/jessel.de\/365-tage-sylt\/wp-content\/uploads\/2017\/07\/20170719_111456-768x432.jpg 768w, https:\/\/jessel.de\/365-tage-sylt\/wp-content\/uploads\/2017\/07\/20170719_111456-1024x576.jpg 1024w\" sizes=\"auto, (max-width: 1422px) 100vw, 1422px\" \/><\/p>\n<p>Ich liege derweil im Sonnenglast&#8230;<\/p>\n<p><img loading=\"lazy\" decoding=\"async\" class=\"alignnone size-full wp-image-1835\" src=\"http:\/\/jessel.de\/365-tage-sylt\/wp-content\/uploads\/2017\/07\/2017-07-19-14.52.33.jpg\" alt=\"\" width=\"1422\" height=\"800\" srcset=\"https:\/\/jessel.de\/365-tage-sylt\/wp-content\/uploads\/2017\/07\/2017-07-19-14.52.33.jpg 1422w, https:\/\/jessel.de\/365-tage-sylt\/wp-content\/uploads\/2017\/07\/2017-07-19-14.52.33-300x169.jpg 300w, https:\/\/jessel.de\/365-tage-sylt\/wp-content\/uploads\/2017\/07\/2017-07-19-14.52.33-768x432.jpg 768w, https:\/\/jessel.de\/365-tage-sylt\/wp-content\/uploads\/2017\/07\/2017-07-19-14.52.33-1024x576.jpg 1024w\" sizes=\"auto, (max-width: 1422px) 100vw, 1422px\" \/><\/p>\n<p>&#8230;und lasse die Elemente \u00fcber mir schalten und walten. Der Altostratus erinnert mich an ein lockeres Packeisfeld vor Spitzbergen, das ich w\u00e4hrend meiner Lektorenzeit auf der MS HANSEATIC durchkreuzen durfte. Nur ging der Blick nach unten:<\/p>\n<p><img loading=\"lazy\" decoding=\"async\" class=\"alignnone size-full wp-image-1834\" src=\"http:\/\/jessel.de\/365-tage-sylt\/wp-content\/uploads\/2017\/07\/2017-07-19-14.51.45.jpg\" alt=\"\" width=\"1422\" height=\"800\" srcset=\"https:\/\/jessel.de\/365-tage-sylt\/wp-content\/uploads\/2017\/07\/2017-07-19-14.51.45.jpg 1422w, https:\/\/jessel.de\/365-tage-sylt\/wp-content\/uploads\/2017\/07\/2017-07-19-14.51.45-300x169.jpg 300w, https:\/\/jessel.de\/365-tage-sylt\/wp-content\/uploads\/2017\/07\/2017-07-19-14.51.45-768x432.jpg 768w, https:\/\/jessel.de\/365-tage-sylt\/wp-content\/uploads\/2017\/07\/2017-07-19-14.51.45-1024x576.jpg 1024w\" sizes=\"auto, (max-width: 1422px) 100vw, 1422px\" \/><\/p>\n<p>Die gewaltige Sonnenstrahlung des heutigen Tages dagegen erinnert mich an meinen letzten R\u00f6ntgen -Termin. Die Creme mit SF 20 war wohl \u00a0etwas zu optimistisch gew\u00e4hlt.<\/p>\n<p>Wie l\u00f6st das der kundige Sylter? Richtig! Er geht ins Wasser. Da kommt eine Welle von rechts:<\/p>\n<p><img loading=\"lazy\" decoding=\"async\" class=\"alignnone size-full wp-image-1836\" src=\"http:\/\/jessel.de\/365-tage-sylt\/wp-content\/uploads\/2017\/07\/2017-07-19-14.55.56.jpg\" alt=\"\" width=\"1422\" height=\"800\" srcset=\"https:\/\/jessel.de\/365-tage-sylt\/wp-content\/uploads\/2017\/07\/2017-07-19-14.55.56.jpg 1422w, https:\/\/jessel.de\/365-tage-sylt\/wp-content\/uploads\/2017\/07\/2017-07-19-14.55.56-300x169.jpg 300w, https:\/\/jessel.de\/365-tage-sylt\/wp-content\/uploads\/2017\/07\/2017-07-19-14.55.56-768x432.jpg 768w, https:\/\/jessel.de\/365-tage-sylt\/wp-content\/uploads\/2017\/07\/2017-07-19-14.55.56-1024x576.jpg 1024w\" sizes=\"auto, (max-width: 1422px) 100vw, 1422px\" \/><\/p>\n<p>Dann eine Welle von links:<\/p>\n<p><img loading=\"lazy\" decoding=\"async\" class=\"alignnone size-full wp-image-1840\" src=\"http:\/\/jessel.de\/365-tage-sylt\/wp-content\/uploads\/2017\/07\/20170719_113605.jpg\" alt=\"\" width=\"1422\" height=\"800\" srcset=\"https:\/\/jessel.de\/365-tage-sylt\/wp-content\/uploads\/2017\/07\/20170719_113605.jpg 1422w, https:\/\/jessel.de\/365-tage-sylt\/wp-content\/uploads\/2017\/07\/20170719_113605-300x169.jpg 300w, https:\/\/jessel.de\/365-tage-sylt\/wp-content\/uploads\/2017\/07\/20170719_113605-768x432.jpg 768w, https:\/\/jessel.de\/365-tage-sylt\/wp-content\/uploads\/2017\/07\/20170719_113605-1024x576.jpg 1024w\" sizes=\"auto, (max-width: 1422px) 100vw, 1422px\" \/><\/p>\n<p>Schlie\u00dflich eine Welle von vorne. Ooooooha!<\/p>\n<p><img loading=\"lazy\" decoding=\"async\" class=\"alignnone size-full wp-image-1838\" src=\"http:\/\/jessel.de\/365-tage-sylt\/wp-content\/uploads\/2017\/07\/20170719_113428.jpg\" alt=\"\" width=\"1422\" height=\"800\" srcset=\"https:\/\/jessel.de\/365-tage-sylt\/wp-content\/uploads\/2017\/07\/20170719_113428.jpg 1422w, https:\/\/jessel.de\/365-tage-sylt\/wp-content\/uploads\/2017\/07\/20170719_113428-300x169.jpg 300w, https:\/\/jessel.de\/365-tage-sylt\/wp-content\/uploads\/2017\/07\/20170719_113428-768x432.jpg 768w, https:\/\/jessel.de\/365-tage-sylt\/wp-content\/uploads\/2017\/07\/20170719_113428-1024x576.jpg 1024w\" sizes=\"auto, (max-width: 1422px) 100vw, 1422px\" \/><\/p>\n<p>Ich erz\u00e4hle das alles &#8211; wohlwissend, dass Ihr eigentlich nur wissen wollt, wie es Eurem tapferen Blogger denn nun in der letzten Nacht erging.<\/p>\n<p>Dazu &#8211; unter uns &#8211; Folgendes: Seid Monaten liege ich auf der Lauer, um folgende n\u00e4chtliche Himmelsph\u00e4nomene nicht nur zu sehen, sondern auch f\u00fcr diesen Blog zu verewigen:<\/p>\n<p>1. Sternschnuppen, die gelegentlich auch in Schw\u00e4rmen auftreten,<\/p>\n<p>2. Polarlichter, die sich immer mal wieder in unsere Breiten verirren,<\/p>\n<p>3. Leuchtende Nachtwolken, jene seltenen, in ca. 80(!) km H\u00f6he nur im Zeitraum der Sommersonnenwende (+\/- ein Monat) auftretenden Cirrus-artigen Schleier am n\u00e4chtlichen Himmelsfirmament.<\/p>\n<p>F\u00fcr letzte Nacht waren STERNSCHNUPPEN in erh\u00f6hter Anzahl angek\u00fcndigt. Au\u00dferdem eine hohe POLARLICHT- Wahrscheinlichkeit wegen m\u00e4chtiger Sonnenprotuberanzen am Ende der letzten Woche, die unser Erdmagnetfeld just in diesen Tagen bzw, N\u00e4chten irritieren. Schlie\u00dflich ist mein Wetterkanal voll mit aktuellen Fotos von LEUCHTENDEN NACHTWOLKEN &#8211; vorletzte Nacht \u00fcber Dresden&#8230;.<\/p>\n<p>Um es sehr kurz zu machen: Nichts &#8211; ABER AUCH GAAAR NICHTS!!! &#8211; war in der letzten Nacht zu sehen. Der 12 Kilometer &#8211; Gep\u00e4ckmarsch im Listland war diesbez\u00fcglich f\u00fcr den A&#8230;&#8230;! Aber trotzdem sch\u00f6n.<\/p>\n","protected":false},"excerpt":{"rendered":"<p>Besuch von Blog-Teilnehmern aus Flensburg. Der Blogger zeigt sein Lieblings-Sylt. Zun\u00e4chst einmal Wetter vom Allerfeinsten: Blauer Himmel, sanfter und angenehm k\u00fchlender Ostwind. Wir fahren mit dem Bus bis zu DER Haltestelle, wo n\u00f6rdlich und s\u00fcdlich \u00fcber Kilometer KEIN Parkplatz ist. Mein absoluter Sylter Lieblings-Strand\u00fcbergang. Da kommt schon mal Beach-Stimmung auf: Der Besuch von der Flensburger F\u00f6rde zeigt sich beeindruckt. Die Begeisterung schwindet ein wenig beim Testen der Wassertemperatur. Man\/frau beachte&hellip;<\/p>\n","protected":false},"author":2,"featured_media":1839,"comment_status":"open","ping_status":"open","sticky":false,"template":"","format":"standard","meta":{"footnotes":""},"categories":[27,24,25,11,46,26,2],"tags":[],"class_list":["post-1832","post","type-post","status-publish","format-standard","has-post-thumbnail","hentry","category-alle-bilder","category-duenen","category-kampen","category-list","category-sommer","category-strand","category-tourismus"],"jetpack_featured_media_url":"https:\/\/jessel.de\/365-tage-sylt\/wp-content\/uploads\/2017\/07\/20170719_113504.jpg","_links":{"self":[{"href":"https:\/\/jessel.de\/365-tage-sylt\/wp-json\/wp\/v2\/posts\/1832","targetHints":{"allow":["GET"]}}],"collection":[{"href":"https:\/\/jessel.de\/365-tage-sylt\/wp-json\/wp\/v2\/posts"}],"about":[{"href":"https:\/\/jessel.de\/365-tage-sylt\/wp-json\/wp\/v2\/types\/post"}],"author":[{"embeddable":true,"href":"https:\/\/jessel.de\/365-tage-sylt\/wp-json\/wp\/v2\/users\/2"}],"replies":[{"embeddable":true,"href":"https:\/\/jessel.de\/365-tage-sylt\/wp-json\/wp\/v2\/comments?post=1832"}],"version-history":[{"count":4,"href":"https:\/\/jessel.de\/365-tage-sylt\/wp-json\/wp\/v2\/posts\/1832\/revisions"}],"predecessor-version":[{"id":1844,"href":"https:\/\/jessel.de\/365-tage-sylt\/wp-json\/wp\/v2\/posts\/1832\/revisions\/1844"}],"wp:featuredmedia":[{"embeddable":true,"href":"https:\/\/jessel.de\/365-tage-sylt\/wp-json\/wp\/v2\/media\/1839"}],"wp:attachment":[{"href":"https:\/\/jessel.de\/365-tage-sylt\/wp-json\/wp\/v2\/media?parent=1832"}],"wp:term":[{"taxonomy":"category","embeddable":true,"href":"https:\/\/jessel.de\/365-tage-sylt\/wp-json\/wp\/v2\/categories?post=1832"},{"taxonomy":"post_tag","embeddable":true,"href":"https:\/\/jessel.de\/365-tage-sylt\/wp-json\/wp\/v2\/tags?post=1832"}],"curies":[{"name":"wp","href":"https:\/\/api.w.org\/{rel}","templated":true}]}}