{"id":18389,"date":"2024-08-06T19:45:30","date_gmt":"2024-08-06T19:45:30","guid":{"rendered":"https:\/\/jessel.de\/365-tage-sylt\/?p=18389"},"modified":"2024-08-07T03:00:18","modified_gmt":"2024-08-07T03:00:18","slug":"6-august-ziemlich-beste-freunde","status":"publish","type":"post","link":"https:\/\/jessel.de\/365-tage-sylt\/6-august-ziemlich-beste-freunde\/","title":{"rendered":"6. August: Ziemlich beste Freunde\u2026"},"content":{"rendered":"<p>Gute-Laune-Foto: R. Gut<\/p>\n<p>\u2026 beim Aufstieg zum Lunghin-Pass. Nein, besser: Zur einzigen Dreifach-Wasserscheide Europas. Darum geht\u2019s hier \u00a0ja! Wen Ihr auf dem heutigen Titel seht? Masch (hinten), ein wahres Schweizer Ur-Gew\u00e4chs aus Davos, und Hans, \u00a0Sylter Blogger mit &#8211; im Alter &#8211; deutlichen Ambitionen in d\u00fcnnere Atmosph\u00e4renschichten. Tja, so trifft man sich, auf halber H\u00f6he zwischen Himmel und Erde sozusagen, bzw. andersrum.<\/p>\n<p>Masch und seine Lebensgef\u00e4hrtin Regula\u2026:<\/p>\n<p><img loading=\"lazy\" decoding=\"async\" class=\"alignnone size-full wp-image-18396\" src=\"https:\/\/jessel.de\/365-tage-sylt\/wp-content\/uploads\/2024\/08\/IMG_9976.jpeg\" alt=\"\" width=\"1208\" height=\"800\" srcset=\"https:\/\/jessel.de\/365-tage-sylt\/wp-content\/uploads\/2024\/08\/IMG_9976.jpeg 1208w, https:\/\/jessel.de\/365-tage-sylt\/wp-content\/uploads\/2024\/08\/IMG_9976-300x199.jpeg 300w, https:\/\/jessel.de\/365-tage-sylt\/wp-content\/uploads\/2024\/08\/IMG_9976-1024x678.jpeg 1024w, https:\/\/jessel.de\/365-tage-sylt\/wp-content\/uploads\/2024\/08\/IMG_9976-768x509.jpeg 768w\" sizes=\"auto, (max-width: 1208px) 100vw, 1208px\" \/> \u2026.begleiten mich heute, und das beruhigt mich sehr, denn Exkursionen in die h\u00f6chsten Bereiche der Alpenwelt sind mit Gefahren verbunden, die ein Flachl\u00e4nder ggf. nicht einmal ahnt. So kann die Querung eines Resteis-Feldes\u2026:<\/p>\n<p><img loading=\"lazy\" decoding=\"async\" class=\"alignnone size-full wp-image-18397\" src=\"https:\/\/jessel.de\/365-tage-sylt\/wp-content\/uploads\/2024\/08\/IMG_9982.jpeg\" alt=\"\" width=\"1200\" height=\"800\" srcset=\"https:\/\/jessel.de\/365-tage-sylt\/wp-content\/uploads\/2024\/08\/IMG_9982.jpeg 1200w, https:\/\/jessel.de\/365-tage-sylt\/wp-content\/uploads\/2024\/08\/IMG_9982-300x200.jpeg 300w, https:\/\/jessel.de\/365-tage-sylt\/wp-content\/uploads\/2024\/08\/IMG_9982-1024x683.jpeg 1024w, https:\/\/jessel.de\/365-tage-sylt\/wp-content\/uploads\/2024\/08\/IMG_9982-768x512.jpeg 768w\" sizes=\"auto, (max-width: 1200px) 100vw, 1200px\" \/><\/p>\n<p>\u2026 dem unbedarften Landschafts-Enthusiasten schnell zum Verh\u00e4ngnis werden, da sie gerne mal Wasserl\u00e4ufe \u00fcberspannen, die der Wanderer kaum vermutet. Von der Abrutschgefahr (trotz des deutlich sichtbaren Sahara-Staubes) einmal ganz zu schweigen.<br \/>\nWir erklimmen im \u00dcbrigen die Wand rechts im Titelfoto des gestrigen Tages, von 1800 bis 2700m H\u00f6he, mit einem Wetterbericht im Nacken, der Gewitter zum Nachmittag zumindest f\u00fcr m\u00f6glich h\u00e4lt.<\/p>\n<p>Deshalb ist fr\u00fches Antreten angesagt, und die Beiden holen mich wie verabredet um 7:30 Uhr vom Hotel ab, so da\u00df wir die Expedition noch vor 8 Uhr ab Maloja Capolago starten k\u00f6nnen.<\/p>\n<p>Nach gut 1,5 Stunden Wanderzeit erreichen wir den Lunghinsee, von dessen Gestaden wir auf die verschneite Grate um den mit 4048 Metern h\u00f6chsten Berg der Ostalpen, den Piz Bernina, blicken\u2026:<\/p>\n<p><img loading=\"lazy\" decoding=\"async\" class=\"alignnone size-full wp-image-18399\" src=\"https:\/\/jessel.de\/365-tage-sylt\/wp-content\/uploads\/2024\/08\/IMG_9977.jpeg\" alt=\"\" width=\"1113\" height=\"800\" srcset=\"https:\/\/jessel.de\/365-tage-sylt\/wp-content\/uploads\/2024\/08\/IMG_9977.jpeg 1113w, https:\/\/jessel.de\/365-tage-sylt\/wp-content\/uploads\/2024\/08\/IMG_9977-300x216.jpeg 300w, https:\/\/jessel.de\/365-tage-sylt\/wp-content\/uploads\/2024\/08\/IMG_9977-1024x736.jpeg 1024w, https:\/\/jessel.de\/365-tage-sylt\/wp-content\/uploads\/2024\/08\/IMG_9977-768x552.jpeg 768w\" sizes=\"auto, (max-width: 1113px) 100vw, 1113px\" \/><\/p>\n<p>\u2026 bevor wir nach kurzer Rast den See unter uns zur\u00fccklassen\u2026:<\/p>\n<p><img loading=\"lazy\" decoding=\"async\" class=\"alignnone size-full wp-image-18402\" src=\"https:\/\/jessel.de\/365-tage-sylt\/wp-content\/uploads\/2024\/08\/IMG_9974.jpeg\" alt=\"\" width=\"1208\" height=\"800\" srcset=\"https:\/\/jessel.de\/365-tage-sylt\/wp-content\/uploads\/2024\/08\/IMG_9974.jpeg 1208w, https:\/\/jessel.de\/365-tage-sylt\/wp-content\/uploads\/2024\/08\/IMG_9974-300x199.jpeg 300w, https:\/\/jessel.de\/365-tage-sylt\/wp-content\/uploads\/2024\/08\/IMG_9974-1024x678.jpeg 1024w, https:\/\/jessel.de\/365-tage-sylt\/wp-content\/uploads\/2024\/08\/IMG_9974-768x509.jpeg 768w\" sizes=\"auto, (max-width: 1208px) 100vw, 1208px\" \/><\/p>\n<p>\u2026 und nach Querung ausgedehnter Schotter- und Resteisfeldee eine geradezu surreal anmutende Mondlandschaft betreten, der ich mein Top-Bild des Tages verdanke:<\/p>\n<p><img loading=\"lazy\" decoding=\"async\" class=\"alignnone size-full wp-image-18403\" src=\"https:\/\/jessel.de\/365-tage-sylt\/wp-content\/uploads\/2024\/08\/IMG_9975.jpeg\" alt=\"\" width=\"1208\" height=\"800\" srcset=\"https:\/\/jessel.de\/365-tage-sylt\/wp-content\/uploads\/2024\/08\/IMG_9975.jpeg 1208w, https:\/\/jessel.de\/365-tage-sylt\/wp-content\/uploads\/2024\/08\/IMG_9975-300x199.jpeg 300w, https:\/\/jessel.de\/365-tage-sylt\/wp-content\/uploads\/2024\/08\/IMG_9975-1024x678.jpeg 1024w, https:\/\/jessel.de\/365-tage-sylt\/wp-content\/uploads\/2024\/08\/IMG_9975-768x509.jpeg 768w\" sizes=\"auto, (max-width: 1208px) 100vw, 1208px\" \/><\/p>\n<p>Oben links ist \u00fcbrigens unser Ziel in Sicht, das wir nach weiteren gut 30 Minuten Anstieg erreichen:<\/p>\n<p><img loading=\"lazy\" decoding=\"async\" class=\"alignnone size-full wp-image-18406\" src=\"https:\/\/jessel.de\/365-tage-sylt\/wp-content\/uploads\/2024\/08\/IMG_9984.jpeg\" alt=\"\" width=\"1200\" height=\"800\" srcset=\"https:\/\/jessel.de\/365-tage-sylt\/wp-content\/uploads\/2024\/08\/IMG_9984.jpeg 1200w, https:\/\/jessel.de\/365-tage-sylt\/wp-content\/uploads\/2024\/08\/IMG_9984-300x200.jpeg 300w, https:\/\/jessel.de\/365-tage-sylt\/wp-content\/uploads\/2024\/08\/IMG_9984-1024x683.jpeg 1024w, https:\/\/jessel.de\/365-tage-sylt\/wp-content\/uploads\/2024\/08\/IMG_9984-768x512.jpeg 768w\" sizes=\"auto, (max-width: 1200px) 100vw, 1200px\" \/><br \/>\nPass-Foto: R. Gut<\/p>\n<p>Um es kurz zu machen: Ich stehe hier an einer der geographisch bedeutendsten Punkte Europas. Regentropfen, die hier fallen, flie\u00dfen entweder \u00fcber den Inn und die Donau ins Schwarze Meer, \u00fcber die Maira und den Po ins Mittelmeer oooder \u00fcber die Julia und den Rhein in die Nordsee:<\/p>\n<p><img loading=\"lazy\" decoding=\"async\" class=\"alignnone size-full wp-image-18408\" src=\"https:\/\/jessel.de\/365-tage-sylt\/wp-content\/uploads\/2024\/08\/IMG_9986.jpeg\" alt=\"\" width=\"1200\" height=\"800\" srcset=\"https:\/\/jessel.de\/365-tage-sylt\/wp-content\/uploads\/2024\/08\/IMG_9986.jpeg 1200w, https:\/\/jessel.de\/365-tage-sylt\/wp-content\/uploads\/2024\/08\/IMG_9986-300x200.jpeg 300w, https:\/\/jessel.de\/365-tage-sylt\/wp-content\/uploads\/2024\/08\/IMG_9986-1024x683.jpeg 1024w, https:\/\/jessel.de\/365-tage-sylt\/wp-content\/uploads\/2024\/08\/IMG_9986-768x512.jpeg 768w\" sizes=\"auto, (max-width: 1200px) 100vw, 1200px\" \/><\/p>\n<p>Gro\u00dfes Kino. Endlich war ich mal hier:<\/p>\n<p><img loading=\"lazy\" decoding=\"async\" class=\"alignnone size-full wp-image-18407\" src=\"https:\/\/jessel.de\/365-tage-sylt\/wp-content\/uploads\/2024\/08\/IMG_9985.jpeg\" alt=\"\" width=\"800\" height=\"1200\" srcset=\"https:\/\/jessel.de\/365-tage-sylt\/wp-content\/uploads\/2024\/08\/IMG_9985.jpeg 800w, https:\/\/jessel.de\/365-tage-sylt\/wp-content\/uploads\/2024\/08\/IMG_9985-200x300.jpeg 200w, https:\/\/jessel.de\/365-tage-sylt\/wp-content\/uploads\/2024\/08\/IMG_9985-683x1024.jpeg 683w, https:\/\/jessel.de\/365-tage-sylt\/wp-content\/uploads\/2024\/08\/IMG_9985-768x1152.jpeg 768w\" sizes=\"auto, (max-width: 800px) 100vw, 800px\" \/><\/p>\n<p>Wie sch\u00f6n, da\u00df sich das Wetter noch h\u00e4lt. So k\u00f6nnen wir uns auf dem Abstieg noch im ausgesprochen k\u00fchlen Lunghinsee erfrischen\u2026:<\/p>\n<p><img loading=\"lazy\" decoding=\"async\" class=\"alignnone size-full wp-image-18401\" src=\"https:\/\/jessel.de\/365-tage-sylt\/wp-content\/uploads\/2024\/08\/IMG_9983.jpeg\" alt=\"\" width=\"1200\" height=\"800\" srcset=\"https:\/\/jessel.de\/365-tage-sylt\/wp-content\/uploads\/2024\/08\/IMG_9983.jpeg 1200w, https:\/\/jessel.de\/365-tage-sylt\/wp-content\/uploads\/2024\/08\/IMG_9983-300x200.jpeg 300w, https:\/\/jessel.de\/365-tage-sylt\/wp-content\/uploads\/2024\/08\/IMG_9983-1024x683.jpeg 1024w, https:\/\/jessel.de\/365-tage-sylt\/wp-content\/uploads\/2024\/08\/IMG_9983-768x512.jpeg 768w\" sizes=\"auto, (max-width: 1200px) 100vw, 1200px\" \/>Foto: R. Gut<\/p>\n<p>\u2026 und, nach kurzer Rast, einen Abstecher zum gegen\u00fcberliegenden Ufer unternehmen, wo wir beim \u201eAusflu\u00df\u201c des Sees nochmals einen mega Panoramablick \u00fcber die Bergwelt des Engadins genie\u00dfen:<\/p>\n<p><img loading=\"lazy\" decoding=\"async\" class=\"alignnone size-full wp-image-18409\" src=\"https:\/\/jessel.de\/365-tage-sylt\/wp-content\/uploads\/2024\/08\/IMG_9971.jpeg\" alt=\"\" width=\"1208\" height=\"800\" srcset=\"https:\/\/jessel.de\/365-tage-sylt\/wp-content\/uploads\/2024\/08\/IMG_9971.jpeg 1208w, https:\/\/jessel.de\/365-tage-sylt\/wp-content\/uploads\/2024\/08\/IMG_9971-300x199.jpeg 300w, https:\/\/jessel.de\/365-tage-sylt\/wp-content\/uploads\/2024\/08\/IMG_9971-1024x678.jpeg 1024w, https:\/\/jessel.de\/365-tage-sylt\/wp-content\/uploads\/2024\/08\/IMG_9971-768x509.jpeg 768w\" sizes=\"auto, (max-width: 1208px) 100vw, 1208px\" \/><\/p>\n<p>Dann, nach einem letzten K\u00fcsschen meiner beiden Turteltauben,..<\/p>\n<p><img loading=\"lazy\" decoding=\"async\" class=\"alignnone size-full wp-image-18410\" src=\"https:\/\/jessel.de\/365-tage-sylt\/wp-content\/uploads\/2024\/08\/IMG_9972.jpeg\" alt=\"\" width=\"1208\" height=\"800\" srcset=\"https:\/\/jessel.de\/365-tage-sylt\/wp-content\/uploads\/2024\/08\/IMG_9972.jpeg 1208w, https:\/\/jessel.de\/365-tage-sylt\/wp-content\/uploads\/2024\/08\/IMG_9972-300x199.jpeg 300w, https:\/\/jessel.de\/365-tage-sylt\/wp-content\/uploads\/2024\/08\/IMG_9972-1024x678.jpeg 1024w, https:\/\/jessel.de\/365-tage-sylt\/wp-content\/uploads\/2024\/08\/IMG_9972-768x509.jpeg 768w\" sizes=\"auto, (max-width: 1208px) 100vw, 1208px\" \/><\/p>\n<p>\u2026 machen wir uns klar f\u00fcr den Abstieg, zur\u00fcck in die Zivilisation. Mein Dank gilt Regula und Masch f\u00fcr diese \u00fcberw\u00e4ltigende Landschaftsf\u00fchrung!<\/p>\n<p>&nbsp;<\/p>\n<p>&nbsp;<\/p>\n<p>&nbsp;<\/p>\n<p>&nbsp;<\/p>\n<p>&nbsp;<\/p>\n<p>&nbsp;<\/p>\n<p>&nbsp;<\/p>\n","protected":false},"excerpt":{"rendered":"<p>Gute-Laune-Foto: R. Gut \u2026 beim Aufstieg zum Lunghin-Pass. Nein, besser: Zur einzigen Dreifach-Wasserscheide Europas. Darum geht\u2019s hier \u00a0ja! Wen Ihr auf dem heutigen Titel seht? Masch (hinten), ein wahres Schweizer Ur-Gew\u00e4chs aus Davos, und Hans, \u00a0Sylter Blogger mit &#8211; im Alter &#8211; deutlichen Ambitionen in d\u00fcnnere Atmosph\u00e4renschichten. Tja, so trifft man sich, auf halber H\u00f6he zwischen Himmel und Erde sozusagen, bzw. andersrum. Masch und seine Lebensgef\u00e4hrtin Regula\u2026: \u2026.begleiten mich heute,&hellip;<\/p>\n","protected":false},"author":2,"featured_media":18390,"comment_status":"open","ping_status":"open","sticky":false,"template":"","format":"standard","meta":{"footnotes":""},"categories":[27,39,51,28,3,46,4,2,33],"tags":[],"class_list":["post-18389","post","type-post","status-publish","format-standard","has-post-thumbnail","hentry","category-alle-bilder","category-arbeit","category-archsum","category-haeuser","category-menschen","category-sommer","category-spuren","category-tourismus","category-woanders"],"jetpack_featured_media_url":"https:\/\/jessel.de\/365-tage-sylt\/wp-content\/uploads\/2024\/08\/IMG_9980.jpeg","_links":{"self":[{"href":"https:\/\/jessel.de\/365-tage-sylt\/wp-json\/wp\/v2\/posts\/18389","targetHints":{"allow":["GET"]}}],"collection":[{"href":"https:\/\/jessel.de\/365-tage-sylt\/wp-json\/wp\/v2\/posts"}],"about":[{"href":"https:\/\/jessel.de\/365-tage-sylt\/wp-json\/wp\/v2\/types\/post"}],"author":[{"embeddable":true,"href":"https:\/\/jessel.de\/365-tage-sylt\/wp-json\/wp\/v2\/users\/2"}],"replies":[{"embeddable":true,"href":"https:\/\/jessel.de\/365-tage-sylt\/wp-json\/wp\/v2\/comments?post=18389"}],"version-history":[{"count":11,"href":"https:\/\/jessel.de\/365-tage-sylt\/wp-json\/wp\/v2\/posts\/18389\/revisions"}],"predecessor-version":[{"id":18414,"href":"https:\/\/jessel.de\/365-tage-sylt\/wp-json\/wp\/v2\/posts\/18389\/revisions\/18414"}],"wp:featuredmedia":[{"embeddable":true,"href":"https:\/\/jessel.de\/365-tage-sylt\/wp-json\/wp\/v2\/media\/18390"}],"wp:attachment":[{"href":"https:\/\/jessel.de\/365-tage-sylt\/wp-json\/wp\/v2\/media?parent=18389"}],"wp:term":[{"taxonomy":"category","embeddable":true,"href":"https:\/\/jessel.de\/365-tage-sylt\/wp-json\/wp\/v2\/categories?post=18389"},{"taxonomy":"post_tag","embeddable":true,"href":"https:\/\/jessel.de\/365-tage-sylt\/wp-json\/wp\/v2\/tags?post=18389"}],"curies":[{"name":"wp","href":"https:\/\/api.w.org\/{rel}","templated":true}]}}