{"id":18438,"date":"2024-08-08T15:51:12","date_gmt":"2024-08-08T15:51:12","guid":{"rendered":"https:\/\/jessel.de\/365-tage-sylt\/?p=18438"},"modified":"2024-08-09T15:30:37","modified_gmt":"2024-08-09T15:30:37","slug":"8-august-jwd-sagt-der-berliner","status":"publish","type":"post","link":"https:\/\/jessel.de\/365-tage-sylt\/8-august-jwd-sagt-der-berliner\/","title":{"rendered":"8. August: \u201eJWD\u201c &#8211; sagt der Berliner\u2026,"},"content":{"rendered":"<p>\u2026 was, in der \u00dcbertragung unter uns Alpinisten, bedeutet: Janz weit droben.<\/p>\n<p>Heute stand die l\u00e4ngste Wanderung auf dem Programm, so ca. 15 km. Au\u00dferdem erreichte ich die gr\u00f6\u00dfte H\u00f6he, n\u00e4mlich 3.309 Meter \u00fcber NN (zugegebenerma\u00dfen mit einer Bergbahn, \u00e4h\u00e4m\u2026), und drittens legte ich in einer fast vierst\u00fcndigen Abw\u00e4rtswanderung \u00fcber tausend H\u00f6henmeter zur\u00fcck. Das erlebt man als bekennender Flachl\u00e4nder auch nicht alle Tage. Und meine Gebeine f\u00fchlen sich auch dementsprechend gew\u00f6hnungsbed\u00fcrftig an am heutigen Abend. Werde mal kalt duschen, vielleicht hilft das!? We will see!<\/p>\n<p>Die Bergstation des Piz Corvatsch ist die allerh\u00f6chste, zumindest im Kanton Graub\u00fcnden. Wegen des Lichtes trete ich fr\u00fch an, au\u00dferdem sind die Bergbahnen dann noch nicht so voll. Mit mir in der Gondel eine Handvoll Schweizer der Generation 70+, die liebe ich ja, weil die wirklich Ahnung haben von der Materie:<\/p>\n<p><img loading=\"lazy\" decoding=\"async\" class=\"alignnone size-full wp-image-18445\" src=\"https:\/\/jessel.de\/365-tage-sylt\/wp-content\/uploads\/2024\/08\/IMG_0014.jpeg\" alt=\"\" width=\"1208\" height=\"800\" srcset=\"https:\/\/jessel.de\/365-tage-sylt\/wp-content\/uploads\/2024\/08\/IMG_0014.jpeg 1208w, https:\/\/jessel.de\/365-tage-sylt\/wp-content\/uploads\/2024\/08\/IMG_0014-300x199.jpeg 300w, https:\/\/jessel.de\/365-tage-sylt\/wp-content\/uploads\/2024\/08\/IMG_0014-1024x678.jpeg 1024w, https:\/\/jessel.de\/365-tage-sylt\/wp-content\/uploads\/2024\/08\/IMG_0014-768x509.jpeg 768w\" sizes=\"auto, (max-width: 1208px) 100vw, 1208px\" \/><\/p>\n<p>Ich stelle mich in der Regel &#8211; eher devot &#8211; als ahnungsloser Flachl\u00e4nder vor, zudem noch als Deutscher. Dabei halte ich mich zur\u00fcck, denn Schweizer hassen deutsche Besserwisser, ich auch \u00fcbrigens. Erkenne ich Interesse an einem Gespr\u00e4ch, stelle ich dann eine Frage, die auf wirklich fundamentale Ahnungslosigkeit schlie\u00dfen l\u00e4\u00dft, zum Beispiel: \u201eIst das da hinten der Mont Blanc?\u201c Die Schweizer dieser Generation wissen noch, wie H\u00f6flichkeit funktioniert, sie zucken nicht mal zusammen bei soviel auf einem Tablett vor sich hergetragener Dummheit. Und auch wenn sie ihr Leben lang auf dem Gro\u00dfteil tausender dieser Berge bis zum Ende aller von hier aus sichtbaren Horizonte pers\u00f6nlich herumgekraxelt sind, f\u00fchren sie &#8211; wie an diesem fr\u00fchen Morgen geschehen &#8211; den \u201eT\u00fc\u00fctschen\u201c zu einem fest installierten Fernrohr, das tats\u00e4chlich jede dieser Unmengen von Bergspitzen benennt. Bis zur Unendlichkeit, heute gar nicht sichtbar. Und das sogar ohne den vorherigen Einwurf von f\u00fcnf Fr\u00e4nklis.<\/p>\n<p>Mittlerweile hat sich die kleine \u00c4lpler-Seniorengruppe um \u201emein\u201c Fernglas herumgruppiert. Und w\u00e4hrend ich die Bergkuppen auswendig lerne, wird um mich herum m\u00f6rderisch gefachsimpelt in einer Sprache, die ganz einfach zum Piepen ist, und aus -zig Idiomen zu bestehen scheint, an denen jeder Schweizer sein Gegen\u00fcber sofort verorten kann, im befriedigendsten Fall aufs Tal genau.<\/p>\n<p>Dies ist der beste Moment, kurz anzumerken, da\u00df ich von SYLT komme. Grooooo\u00dfe Augen um mich herum. Immerhin habe ich noch keinen Schweizer erlebt, der Sylt vom Namen her NICHT kennt, bzw. zug\u00e4ben w\u00fcrde, die Insel nicht zu kennen. So stehen wir nun also hier in gut 3.300 Metern auf einer Bergspitze, und ich zeige so etwa nach Norden, da wo Sylt liegt. Kann man nat\u00fcrlich &#8211; leider &#8211; nicht sehen, wegen\u2026 genau: Der BERGE eben. Nun kommt MEIN Einsatz: Der dortige Blick vom Strand in die Unendlichkeit, \u00fcber die Ewigkeit hinweg &#8211; am MEEEEEEER! Fast erhalte ich Applaus, denn wir sind alle der Ewigkeit recht nahe, die wir hier stehen. Und wir wissen das, und sp\u00fcren es gerade.<\/p>\n<p>Als ich \u00fcber das Gel\u00e4nder mal nach unten schaue, wird mir erl\u00e4utert, da\u00df das die FUORCLA SURLEJ sei. Gut zu erkennen der Zickzack-Weg von links unten herauf bis zur Bergh\u00fctte, dann geht\u2019s bergab, gut 800 H\u00f6henmeter in VAL ROSEG. Da will ich hin. Warum? Das erz\u00e4hle ich jetzt:<\/p>\n<p>&nbsp;<\/p>\n<p><img loading=\"lazy\" decoding=\"async\" class=\"size-full wp-image-18446\" src=\"https:\/\/jessel.de\/365-tage-sylt\/wp-content\/uploads\/2024\/08\/IMG_0007.jpeg\" alt=\"\" width=\"1100\" height=\"800\" srcset=\"https:\/\/jessel.de\/365-tage-sylt\/wp-content\/uploads\/2024\/08\/IMG_0007.jpeg 1100w, https:\/\/jessel.de\/365-tage-sylt\/wp-content\/uploads\/2024\/08\/IMG_0007-300x218.jpeg 300w, https:\/\/jessel.de\/365-tage-sylt\/wp-content\/uploads\/2024\/08\/IMG_0007-1024x745.jpeg 1024w, https:\/\/jessel.de\/365-tage-sylt\/wp-content\/uploads\/2024\/08\/IMG_0007-768x559.jpeg 768w\" sizes=\"auto, (max-width: 1100px) 100vw, 1100px\" \/><\/p>\n<p>Auf der Fuorcla. Vor mir locker 230 Jahre geballte Bergerfahrung. Die Dame links ist 86 Jahre alt und l\u00e4uft die lange Strecke, bis Pontresina, wie ich:<\/p>\n<p><img loading=\"lazy\" decoding=\"async\" class=\"alignnone size-full wp-image-18447\" src=\"https:\/\/jessel.de\/365-tage-sylt\/wp-content\/uploads\/2024\/08\/IMG_0012.jpeg\" alt=\"\" width=\"1208\" height=\"800\" srcset=\"https:\/\/jessel.de\/365-tage-sylt\/wp-content\/uploads\/2024\/08\/IMG_0012.jpeg 1208w, https:\/\/jessel.de\/365-tage-sylt\/wp-content\/uploads\/2024\/08\/IMG_0012-300x199.jpeg 300w, https:\/\/jessel.de\/365-tage-sylt\/wp-content\/uploads\/2024\/08\/IMG_0012-1024x678.jpeg 1024w, https:\/\/jessel.de\/365-tage-sylt\/wp-content\/uploads\/2024\/08\/IMG_0012-768x509.jpeg 768w\" sizes=\"auto, (max-width: 1208px) 100vw, 1208px\" \/><\/p>\n<p>Beim Abstieg ins Roseg-Tal tut sich ein \u00fcberw\u00e4ltigender Blick auf: Die monstr\u00f6sen Seitenmor\u00e4nen des Tschierva-Gletschers (Mitte links) schieben sich bis zur gegen\u00fcberliegenden Talseite hin\u00fcber. Rechts dahinter ein Gletschersee, dessen Abfluss sich durch die Mor\u00e4ne gek\u00e4mpft hat, dann im Ger\u00f6ll verschwindet und unten links an zwei Stellen wieder zutage tritt:<\/p>\n<p><img loading=\"lazy\" decoding=\"async\" class=\"alignnone size-full wp-image-18448\" src=\"https:\/\/jessel.de\/365-tage-sylt\/wp-content\/uploads\/2024\/08\/IMG_0010.jpeg\" alt=\"\" width=\"1214\" height=\"800\" srcset=\"https:\/\/jessel.de\/365-tage-sylt\/wp-content\/uploads\/2024\/08\/IMG_0010.jpeg 1214w, https:\/\/jessel.de\/365-tage-sylt\/wp-content\/uploads\/2024\/08\/IMG_0010-300x198.jpeg 300w, https:\/\/jessel.de\/365-tage-sylt\/wp-content\/uploads\/2024\/08\/IMG_0010-1024x675.jpeg 1024w, https:\/\/jessel.de\/365-tage-sylt\/wp-content\/uploads\/2024\/08\/IMG_0010-768x506.jpeg 768w\" sizes=\"auto, (max-width: 1214px) 100vw, 1214px\" \/><\/p>\n<p>Am 14. April dieses Jahres gab es hier einen Bergsturz am Piz Scerscen (rechts von dem dreifingrigen Gletscher), der dem Volumen nach dem von Bondo gleichkam. Da er jedoch um 7 Uhr morgens bei ziemlich miesem Wetter stattfand, dazu innerhalb der Seitenm\u00f6ranen blieb, kam kein Mensch zuschaden. Jedoch wurde die Landschaft innerhalb der beiden Mor\u00e4nenz\u00fcge um diverse Meter erh\u00f6ht. Sch\u00f6n ist auf dem oberen Foto zu sehen, dass die Ger\u00f6llzunge erst nach f\u00fcnf Kilometern zum Stillstand kam. Gerne w\u00e4re ich n\u00e4her rangegangen, aber es ist noch alles gesperrt. Deshalb noch eine Teleaufnahme, die den neuen, wellenf\u00f6rmigen Schutt des Bergsturzes gut zeigt:<\/p>\n<p><img loading=\"lazy\" decoding=\"async\" class=\"alignnone size-full wp-image-18453\" src=\"https:\/\/jessel.de\/365-tage-sylt\/wp-content\/uploads\/2024\/08\/IMG_0013.jpeg\" alt=\"\" width=\"1208\" height=\"800\" srcset=\"https:\/\/jessel.de\/365-tage-sylt\/wp-content\/uploads\/2024\/08\/IMG_0013.jpeg 1208w, https:\/\/jessel.de\/365-tage-sylt\/wp-content\/uploads\/2024\/08\/IMG_0013-300x199.jpeg 300w, https:\/\/jessel.de\/365-tage-sylt\/wp-content\/uploads\/2024\/08\/IMG_0013-1024x678.jpeg 1024w, https:\/\/jessel.de\/365-tage-sylt\/wp-content\/uploads\/2024\/08\/IMG_0013-768x509.jpeg 768w\" sizes=\"auto, (max-width: 1208px) 100vw, 1208px\" \/><\/p>\n<p>Ein paar Kilometer talabw\u00e4rts ist der Schmelzwasserflu\u00df bereits zu einem Strom geworden. Eigentlich ist das gesamte Schotterfeld weiterhin Gefahrengebiet (incl. Betretungsverbot), denn das Schmelzwasser k\u00f6nnte sich unter dem Schutt des Bergsturzes stauen und explosionsartig ausbrechen, was eine Flutwelle zur Folge h\u00e4tte. Aber was ich nicht wei\u00df, macht mich nicht hei\u00df, w\u00fcrde ich zu den dort buddelnden Kindern mal sagen:<\/p>\n<p><img loading=\"lazy\" decoding=\"async\" class=\"alignnone size-full wp-image-18454\" src=\"https:\/\/jessel.de\/365-tage-sylt\/wp-content\/uploads\/2024\/08\/IMG_0008.jpeg\" alt=\"\" width=\"1208\" height=\"800\" srcset=\"https:\/\/jessel.de\/365-tage-sylt\/wp-content\/uploads\/2024\/08\/IMG_0008.jpeg 1208w, https:\/\/jessel.de\/365-tage-sylt\/wp-content\/uploads\/2024\/08\/IMG_0008-300x199.jpeg 300w, https:\/\/jessel.de\/365-tage-sylt\/wp-content\/uploads\/2024\/08\/IMG_0008-1024x678.jpeg 1024w, https:\/\/jessel.de\/365-tage-sylt\/wp-content\/uploads\/2024\/08\/IMG_0008-768x509.jpeg 768w\" sizes=\"auto, (max-width: 1208px) 100vw, 1208px\" \/><\/p>\n<p>Ab hier kehre ich in die Zivilisation zur\u00fcck\u2026.:<\/p>\n<p><img loading=\"lazy\" decoding=\"async\" class=\"alignnone size-full wp-image-18455\" src=\"https:\/\/jessel.de\/365-tage-sylt\/wp-content\/uploads\/2024\/08\/IMG_0011.jpeg\" alt=\"\" width=\"1208\" height=\"800\" srcset=\"https:\/\/jessel.de\/365-tage-sylt\/wp-content\/uploads\/2024\/08\/IMG_0011.jpeg 1208w, https:\/\/jessel.de\/365-tage-sylt\/wp-content\/uploads\/2024\/08\/IMG_0011-300x199.jpeg 300w, https:\/\/jessel.de\/365-tage-sylt\/wp-content\/uploads\/2024\/08\/IMG_0011-1024x678.jpeg 1024w, https:\/\/jessel.de\/365-tage-sylt\/wp-content\/uploads\/2024\/08\/IMG_0011-768x509.jpeg 768w\" sizes=\"auto, (max-width: 1208px) 100vw, 1208px\" \/><\/p>\n<p>\u2026 und bleibe, kurz vor Pontresina, staunend stehen vor einem ganzen Wald voller Steinm\u00e4nnchen. Erst vor wenigen Tagen las ich in der Sylter Presse einen Jubelbericht \u00fcber die \u00fcberproportionalen Zunahmen an Schweizer G\u00e4sten w\u00e4hrend der letzten Jahre. Gleichzeitig erwuchs auf der Insel eine ebenfalls \u00fcberproportionale, bislang unbekannte Steinm\u00e4nnchen-Problematik, zum Beispiel auf dem Roten Kliff. Vorm Morsum Kliff wird mittlerweile auf Schildern darauf hingewiesen, doch bitte auf das Bauen von Steinm\u00e4nnchen zu verzichten. Sonst sieht das auf Sylt bald aus wie hier:<\/p>\n<p><img loading=\"lazy\" decoding=\"async\" class=\"alignnone size-full wp-image-18456\" src=\"https:\/\/jessel.de\/365-tage-sylt\/wp-content\/uploads\/2024\/08\/IMG_0015.jpeg\" alt=\"\" width=\"1208\" height=\"800\" srcset=\"https:\/\/jessel.de\/365-tage-sylt\/wp-content\/uploads\/2024\/08\/IMG_0015.jpeg 1208w, https:\/\/jessel.de\/365-tage-sylt\/wp-content\/uploads\/2024\/08\/IMG_0015-300x199.jpeg 300w, https:\/\/jessel.de\/365-tage-sylt\/wp-content\/uploads\/2024\/08\/IMG_0015-1024x678.jpeg 1024w, https:\/\/jessel.de\/365-tage-sylt\/wp-content\/uploads\/2024\/08\/IMG_0015-768x509.jpeg 768w\" sizes=\"auto, (max-width: 1208px) 100vw, 1208px\" \/><\/p>\n<p>Ich werde dieses Foto, sozusagen als Sylter Zukunftsvision, mal an die Sylter Tagespresse weiterleiten. Hihi, bis mooorgen!<\/p>\n<p>&nbsp;<\/p>\n<p>&nbsp;<\/p>\n","protected":false},"excerpt":{"rendered":"<p>\u2026 was, in der \u00dcbertragung unter uns Alpinisten, bedeutet: Janz weit droben. Heute stand die l\u00e4ngste Wanderung auf dem Programm, so ca. 15 km. Au\u00dferdem erreichte ich die gr\u00f6\u00dfte H\u00f6he, n\u00e4mlich 3.309 Meter \u00fcber NN (zugegebenerma\u00dfen mit einer Bergbahn, \u00e4h\u00e4m\u2026), und drittens legte ich in einer fast vierst\u00fcndigen Abw\u00e4rtswanderung \u00fcber tausend H\u00f6henmeter zur\u00fcck. Das erlebt man als bekennender Flachl\u00e4nder auch nicht alle Tage. Und meine Gebeine f\u00fchlen sich auch dementsprechend&hellip;<\/p>\n","protected":false},"author":2,"featured_media":18441,"comment_status":"open","ping_status":"open","sticky":false,"template":"","format":"standard","meta":{"footnotes":""},"categories":[27,39,52,46,4,2,29,33],"tags":[],"class_list":["post-18438","post","type-post","status-publish","format-standard","has-post-thumbnail","hentry","category-alle-bilder","category-arbeit","category-schnee","category-sommer","category-spuren","category-tourismus","category-verkehr","category-woanders"],"jetpack_featured_media_url":"https:\/\/jessel.de\/365-tage-sylt\/wp-content\/uploads\/2024\/08\/IMG_0003.jpeg","_links":{"self":[{"href":"https:\/\/jessel.de\/365-tage-sylt\/wp-json\/wp\/v2\/posts\/18438","targetHints":{"allow":["GET"]}}],"collection":[{"href":"https:\/\/jessel.de\/365-tage-sylt\/wp-json\/wp\/v2\/posts"}],"about":[{"href":"https:\/\/jessel.de\/365-tage-sylt\/wp-json\/wp\/v2\/types\/post"}],"author":[{"embeddable":true,"href":"https:\/\/jessel.de\/365-tage-sylt\/wp-json\/wp\/v2\/users\/2"}],"replies":[{"embeddable":true,"href":"https:\/\/jessel.de\/365-tage-sylt\/wp-json\/wp\/v2\/comments?post=18438"}],"version-history":[{"count":10,"href":"https:\/\/jessel.de\/365-tage-sylt\/wp-json\/wp\/v2\/posts\/18438\/revisions"}],"predecessor-version":[{"id":18458,"href":"https:\/\/jessel.de\/365-tage-sylt\/wp-json\/wp\/v2\/posts\/18438\/revisions\/18458"}],"wp:featuredmedia":[{"embeddable":true,"href":"https:\/\/jessel.de\/365-tage-sylt\/wp-json\/wp\/v2\/media\/18441"}],"wp:attachment":[{"href":"https:\/\/jessel.de\/365-tage-sylt\/wp-json\/wp\/v2\/media?parent=18438"}],"wp:term":[{"taxonomy":"category","embeddable":true,"href":"https:\/\/jessel.de\/365-tage-sylt\/wp-json\/wp\/v2\/categories?post=18438"},{"taxonomy":"post_tag","embeddable":true,"href":"https:\/\/jessel.de\/365-tage-sylt\/wp-json\/wp\/v2\/tags?post=18438"}],"curies":[{"name":"wp","href":"https:\/\/api.w.org\/{rel}","templated":true}]}}