{"id":18520,"date":"2024-08-17T16:14:57","date_gmt":"2024-08-17T16:14:57","guid":{"rendered":"https:\/\/jessel.de\/365-tage-sylt\/?p=18520"},"modified":"2024-08-17T16:18:48","modified_gmt":"2024-08-17T16:18:48","slug":"16-18-august-endlich-mal-urlaub","status":"publish","type":"post","link":"https:\/\/jessel.de\/365-tage-sylt\/16-18-august-endlich-mal-urlaub\/","title":{"rendered":"16. &#8211; 18. August: Endlich mal Urlaub!"},"content":{"rendered":"<p>Ich k\u00f6nnte auch fragen: \u201eWo bin ich!?\u201c<\/p>\n<p>Das anf\u00e4ngliche Mistwetter noch bei der \u00dcberfahrt nach AMRUM\u2026:<\/p>\n<p><img loading=\"lazy\" decoding=\"async\" class=\"alignnone size-full wp-image-18521\" src=\"https:\/\/jessel.de\/365-tage-sylt\/wp-content\/uploads\/2024\/08\/IMG_0073.jpeg\" alt=\"\" width=\"1200\" height=\"800\" srcset=\"https:\/\/jessel.de\/365-tage-sylt\/wp-content\/uploads\/2024\/08\/IMG_0073.jpeg 1200w, https:\/\/jessel.de\/365-tage-sylt\/wp-content\/uploads\/2024\/08\/IMG_0073-300x200.jpeg 300w, https:\/\/jessel.de\/365-tage-sylt\/wp-content\/uploads\/2024\/08\/IMG_0073-1024x683.jpeg 1024w, https:\/\/jessel.de\/365-tage-sylt\/wp-content\/uploads\/2024\/08\/IMG_0073-768x512.jpeg 768w\" sizes=\"auto, (max-width: 1200px) 100vw, 1200px\" \/><\/p>\n<p>\u2026 endet mit dem Betreten der Insel, und wir genie\u00dfen bei sch\u00f6nsten Bedingungen einen herrlichen Spaziergang durch die D\u00fcnen &#8211; mit Freunden:<\/p>\n<p><img loading=\"lazy\" decoding=\"async\" class=\"alignnone size-full wp-image-18523\" src=\"https:\/\/jessel.de\/365-tage-sylt\/wp-content\/uploads\/2024\/08\/IMG_0071.jpeg\" alt=\"\" width=\"1600\" height=\"800\" srcset=\"https:\/\/jessel.de\/365-tage-sylt\/wp-content\/uploads\/2024\/08\/IMG_0071.jpeg 1600w, https:\/\/jessel.de\/365-tage-sylt\/wp-content\/uploads\/2024\/08\/IMG_0071-300x150.jpeg 300w, https:\/\/jessel.de\/365-tage-sylt\/wp-content\/uploads\/2024\/08\/IMG_0071-1024x512.jpeg 1024w, https:\/\/jessel.de\/365-tage-sylt\/wp-content\/uploads\/2024\/08\/IMG_0071-768x384.jpeg 768w, https:\/\/jessel.de\/365-tage-sylt\/wp-content\/uploads\/2024\/08\/IMG_0071-1536x768.jpeg 1536w\" sizes=\"auto, (max-width: 1600px) 100vw, 1600px\" \/><\/p>\n<p>\u2026 und an diesem gigantischen Strand entlang, an dem man selbst in der Hochsaison noch unbedr\u00e4ngt von Menschenmassen wandern kann:<\/p>\n<p><img loading=\"lazy\" decoding=\"async\" class=\"alignnone size-full wp-image-18524\" src=\"https:\/\/jessel.de\/365-tage-sylt\/wp-content\/uploads\/2024\/08\/IMG_0070.jpeg\" alt=\"\" width=\"1600\" height=\"800\" srcset=\"https:\/\/jessel.de\/365-tage-sylt\/wp-content\/uploads\/2024\/08\/IMG_0070.jpeg 1600w, https:\/\/jessel.de\/365-tage-sylt\/wp-content\/uploads\/2024\/08\/IMG_0070-300x150.jpeg 300w, https:\/\/jessel.de\/365-tage-sylt\/wp-content\/uploads\/2024\/08\/IMG_0070-1024x512.jpeg 1024w, https:\/\/jessel.de\/365-tage-sylt\/wp-content\/uploads\/2024\/08\/IMG_0070-768x384.jpeg 768w, https:\/\/jessel.de\/365-tage-sylt\/wp-content\/uploads\/2024\/08\/IMG_0070-1536x768.jpeg 1536w\" sizes=\"auto, (max-width: 1600px) 100vw, 1600px\" \/><\/p>\n<p>Mal unter uns: Wenn ich werwei\u00dfwo in Deutschland leben w\u00fcrde, w\u00e4re ich der typische Amrum-Gast, und es ist sicher kein Wunder, da\u00df Amrum bei einer Leserumfrage just zum beliebtesten Urlaubsziel Norddeutschlands gew\u00e4hlt wurde. Hier geht es \u00e4hnlich entspannt zu wie im Oberengadin, egal ob am Strand, in den Caf\u00e9s &#8211; selbst auf den Stra\u00dfen\u2026:<\/p>\n<p><img loading=\"lazy\" decoding=\"async\" class=\"alignnone size-full wp-image-18522\" src=\"https:\/\/jessel.de\/365-tage-sylt\/wp-content\/uploads\/2024\/08\/IMG_0072.jpeg\" alt=\"\" width=\"1600\" height=\"800\" srcset=\"https:\/\/jessel.de\/365-tage-sylt\/wp-content\/uploads\/2024\/08\/IMG_0072.jpeg 1600w, https:\/\/jessel.de\/365-tage-sylt\/wp-content\/uploads\/2024\/08\/IMG_0072-300x150.jpeg 300w, https:\/\/jessel.de\/365-tage-sylt\/wp-content\/uploads\/2024\/08\/IMG_0072-1024x512.jpeg 1024w, https:\/\/jessel.de\/365-tage-sylt\/wp-content\/uploads\/2024\/08\/IMG_0072-768x384.jpeg 768w, https:\/\/jessel.de\/365-tage-sylt\/wp-content\/uploads\/2024\/08\/IMG_0072-1536x768.jpeg 1536w\" sizes=\"auto, (max-width: 1600px) 100vw, 1600px\" \/><\/p>\n<p>Zeitweise f\u00fchle ich mich an meinen Aufenthalt auf der franz\u00f6sischen Atlantikinsel NOIRMOUTIER erinnert, von dem ich in diesem Blog berichtete &#8211; war das nicht auch im August, vor zwei oder drei Jahren?<\/p>\n<p>Gro\u00dfartig auch auf Amrum die diesj\u00e4hrige Bl\u00fcte der D\u00fcnenheiden\u2026:<\/p>\n<p><img loading=\"lazy\" decoding=\"async\" class=\"alignnone size-full wp-image-18525\" src=\"https:\/\/jessel.de\/365-tage-sylt\/wp-content\/uploads\/2024\/08\/IMG_0069.jpeg\" alt=\"\" width=\"1200\" height=\"800\" srcset=\"https:\/\/jessel.de\/365-tage-sylt\/wp-content\/uploads\/2024\/08\/IMG_0069.jpeg 1200w, https:\/\/jessel.de\/365-tage-sylt\/wp-content\/uploads\/2024\/08\/IMG_0069-300x200.jpeg 300w, https:\/\/jessel.de\/365-tage-sylt\/wp-content\/uploads\/2024\/08\/IMG_0069-1024x683.jpeg 1024w, https:\/\/jessel.de\/365-tage-sylt\/wp-content\/uploads\/2024\/08\/IMG_0069-768x512.jpeg 768w\" sizes=\"auto, (max-width: 1200px) 100vw, 1200px\" \/><\/p>\n<p>\u2026 und die Randd\u00fcnenlandschaft mit ihren sumpfigen T\u00e4lern, in die bei Sturmfluten auch das Salzwasser der Nordsee eindringen kann:<\/p>\n<p><img loading=\"lazy\" decoding=\"async\" class=\"alignnone size-full wp-image-18526\" src=\"https:\/\/jessel.de\/365-tage-sylt\/wp-content\/uploads\/2024\/08\/IMG_0068.jpeg\" alt=\"\" width=\"1600\" height=\"800\" srcset=\"https:\/\/jessel.de\/365-tage-sylt\/wp-content\/uploads\/2024\/08\/IMG_0068.jpeg 1600w, https:\/\/jessel.de\/365-tage-sylt\/wp-content\/uploads\/2024\/08\/IMG_0068-300x150.jpeg 300w, https:\/\/jessel.de\/365-tage-sylt\/wp-content\/uploads\/2024\/08\/IMG_0068-1024x512.jpeg 1024w, https:\/\/jessel.de\/365-tage-sylt\/wp-content\/uploads\/2024\/08\/IMG_0068-768x384.jpeg 768w, https:\/\/jessel.de\/365-tage-sylt\/wp-content\/uploads\/2024\/08\/IMG_0068-1536x768.jpeg 1536w\" sizes=\"auto, (max-width: 1600px) 100vw, 1600px\" \/><\/p>\n<p>Mit Urlaubsgr\u00fc\u00dfen, Hans<\/p>\n","protected":false},"excerpt":{"rendered":"<p>Ich k\u00f6nnte auch fragen: \u201eWo bin ich!?\u201c Das anf\u00e4ngliche Mistwetter noch bei der \u00dcberfahrt nach AMRUM\u2026: \u2026 endet mit dem Betreten der Insel, und wir genie\u00dfen bei sch\u00f6nsten Bedingungen einen herrlichen Spaziergang durch die D\u00fcnen &#8211; mit Freunden: \u2026 und an diesem gigantischen Strand entlang, an dem man selbst in der Hochsaison noch unbedr\u00e4ngt von Menschenmassen wandern kann: Mal unter uns: Wenn ich werwei\u00dfwo in Deutschland leben w\u00fcrde, w\u00e4re ich&hellip;<\/p>\n","protected":false},"author":2,"featured_media":18527,"comment_status":"open","ping_status":"open","sticky":false,"template":"","format":"standard","meta":{"footnotes":""},"categories":[27,39,24,44,46,4,26,2,33],"tags":[],"class_list":["post-18520","post","type-post","status-publish","format-standard","has-post-thumbnail","hentry","category-alle-bilder","category-arbeit","category-duenen","category-pflanzen","category-sommer","category-spuren","category-strand","category-tourismus","category-woanders"],"jetpack_featured_media_url":"https:\/\/jessel.de\/365-tage-sylt\/wp-content\/uploads\/2024\/08\/IMG_0067.jpeg","_links":{"self":[{"href":"https:\/\/jessel.de\/365-tage-sylt\/wp-json\/wp\/v2\/posts\/18520","targetHints":{"allow":["GET"]}}],"collection":[{"href":"https:\/\/jessel.de\/365-tage-sylt\/wp-json\/wp\/v2\/posts"}],"about":[{"href":"https:\/\/jessel.de\/365-tage-sylt\/wp-json\/wp\/v2\/types\/post"}],"author":[{"embeddable":true,"href":"https:\/\/jessel.de\/365-tage-sylt\/wp-json\/wp\/v2\/users\/2"}],"replies":[{"embeddable":true,"href":"https:\/\/jessel.de\/365-tage-sylt\/wp-json\/wp\/v2\/comments?post=18520"}],"version-history":[{"count":4,"href":"https:\/\/jessel.de\/365-tage-sylt\/wp-json\/wp\/v2\/posts\/18520\/revisions"}],"predecessor-version":[{"id":18531,"href":"https:\/\/jessel.de\/365-tage-sylt\/wp-json\/wp\/v2\/posts\/18520\/revisions\/18531"}],"wp:featuredmedia":[{"embeddable":true,"href":"https:\/\/jessel.de\/365-tage-sylt\/wp-json\/wp\/v2\/media\/18527"}],"wp:attachment":[{"href":"https:\/\/jessel.de\/365-tage-sylt\/wp-json\/wp\/v2\/media?parent=18520"}],"wp:term":[{"taxonomy":"category","embeddable":true,"href":"https:\/\/jessel.de\/365-tage-sylt\/wp-json\/wp\/v2\/categories?post=18520"},{"taxonomy":"post_tag","embeddable":true,"href":"https:\/\/jessel.de\/365-tage-sylt\/wp-json\/wp\/v2\/tags?post=18520"}],"curies":[{"name":"wp","href":"https:\/\/api.w.org\/{rel}","templated":true}]}}