{"id":18580,"date":"2024-08-23T19:11:22","date_gmt":"2024-08-23T19:11:22","guid":{"rendered":"https:\/\/jessel.de\/365-tage-sylt\/?p=18580"},"modified":"2024-08-23T19:18:20","modified_gmt":"2024-08-23T19:18:20","slug":"23-august-noe-jetz-oder","status":"publish","type":"post","link":"https:\/\/jessel.de\/365-tage-sylt\/23-august-noe-jetz-oder\/","title":{"rendered":"23. August: N\u00f6\u00f6\u00f6 jetz &#8211; oder?"},"content":{"rendered":"<p>Ich schlafe schlecht. In diesem Falle ein gutes Zeichen, denn je mehr der Wind am fr\u00fchen Morgen auffrischt, desto gr\u00f6\u00dfer die Wahrscheinlichkeit, da\u00df sich heute wirklich optimale Verh\u00e4ltnisse zum Kitesurf-Worldcup einstellen: Die besten Kiter der Welt sind vor Ort! Das Windmaximum mit gut 10 Windst\u00e4rken ist f\u00fcr 14-15 Uhr gemeldet, kurz vorm Hochwasser! Die Windrichtung stimmt endlich mal perfekt: SSW! \u00a0Und die Sonne soll sich zum Nachmittag auch noch sehen lassen &#8211; mit etwas Gl\u00fcck! DAS w\u00e4r\u2019s doch mal. Mehr ginge nicht!<\/p>\n<p>Mit einem der letzten Schauer des Tages erreiche ich gegen 14:30 Uhr den Strand\u2026 tooosendes, nein ohrenbet\u00e4ubend br\u00fcllendes Meer:<\/p>\n<p><img loading=\"lazy\" decoding=\"async\" class=\"alignnone size-full wp-image-18582\" src=\"https:\/\/jessel.de\/365-tage-sylt\/wp-content\/uploads\/2024\/08\/IMG_0124.jpeg\" alt=\"\" width=\"1205\" height=\"800\" srcset=\"https:\/\/jessel.de\/365-tage-sylt\/wp-content\/uploads\/2024\/08\/IMG_0124.jpeg 1205w, https:\/\/jessel.de\/365-tage-sylt\/wp-content\/uploads\/2024\/08\/IMG_0124-300x199.jpeg 300w, https:\/\/jessel.de\/365-tage-sylt\/wp-content\/uploads\/2024\/08\/IMG_0124-1024x680.jpeg 1024w, https:\/\/jessel.de\/365-tage-sylt\/wp-content\/uploads\/2024\/08\/IMG_0124-768x510.jpeg 768w\" sizes=\"auto, (max-width: 1205px) 100vw, 1205px\" \/><\/p>\n<p>\u2026 da h\u00f6re ich bereits aus der Ferne die Durchsage, da\u00df zun\u00e4chst das \u201ekleine Finale\u201c, also der Heat um Platz 3, stattfinden soll\u2026 in einer Brandung, die wohl kaum sch\u00f6ner (und gef\u00e4hrlicher) sein kann &#8211; oderrrrr?<\/p>\n<p><img loading=\"lazy\" decoding=\"async\" class=\"alignnone size-full wp-image-18583\" src=\"https:\/\/jessel.de\/365-tage-sylt\/wp-content\/uploads\/2024\/08\/IMG_0122.jpeg\" alt=\"\" width=\"1201\" height=\"800\" srcset=\"https:\/\/jessel.de\/365-tage-sylt\/wp-content\/uploads\/2024\/08\/IMG_0122.jpeg 1201w, https:\/\/jessel.de\/365-tage-sylt\/wp-content\/uploads\/2024\/08\/IMG_0122-300x200.jpeg 300w, https:\/\/jessel.de\/365-tage-sylt\/wp-content\/uploads\/2024\/08\/IMG_0122-1024x682.jpeg 1024w, https:\/\/jessel.de\/365-tage-sylt\/wp-content\/uploads\/2024\/08\/IMG_0122-768x512.jpeg 768w\" sizes=\"auto, (max-width: 1201px) 100vw, 1201px\" \/><\/p>\n<p>Gute 5 Meter H\u00f6he erreichen diese Brecher, und der Italiener Lorenzo Casati gewinnt das Duell um den dritten Platz mit einigen spektakul\u00e4ren Spr\u00fcngen \u00fcber diese wahren Wellenmonster:<\/p>\n<p><img loading=\"lazy\" decoding=\"async\" class=\"alignnone size-full wp-image-18585\" src=\"https:\/\/jessel.de\/365-tage-sylt\/wp-content\/uploads\/2024\/08\/IMG_0115.jpeg\" alt=\"\" width=\"1200\" height=\"800\" srcset=\"https:\/\/jessel.de\/365-tage-sylt\/wp-content\/uploads\/2024\/08\/IMG_0115.jpeg 1200w, https:\/\/jessel.de\/365-tage-sylt\/wp-content\/uploads\/2024\/08\/IMG_0115-300x200.jpeg 300w, https:\/\/jessel.de\/365-tage-sylt\/wp-content\/uploads\/2024\/08\/IMG_0115-1024x683.jpeg 1024w, https:\/\/jessel.de\/365-tage-sylt\/wp-content\/uploads\/2024\/08\/IMG_0115-768x512.jpeg 768w\" sizes=\"auto, (max-width: 1200px) 100vw, 1200px\" \/><\/p>\n<p>Im gleich anschlie\u00dfenden Finale tritt der zweimalige Weltmeister James Carew aus Australien, gerade genesen nach langer Verletzungspause, gegen den erst 20-j\u00e4hrigen brasilianischen Shooting-Star Gabriel Benetton an. W\u00e4hrend letzterer mit einigen weltmeisterlichen Wellenritten gl\u00e4nzt\u2026:<\/p>\n<p><img loading=\"lazy\" decoding=\"async\" class=\"alignnone size-full wp-image-18586\" src=\"https:\/\/jessel.de\/365-tage-sylt\/wp-content\/uploads\/2024\/08\/IMG_0120.jpeg\" alt=\"\" width=\"1201\" height=\"800\" srcset=\"https:\/\/jessel.de\/365-tage-sylt\/wp-content\/uploads\/2024\/08\/IMG_0120.jpeg 1201w, https:\/\/jessel.de\/365-tage-sylt\/wp-content\/uploads\/2024\/08\/IMG_0120-300x200.jpeg 300w, https:\/\/jessel.de\/365-tage-sylt\/wp-content\/uploads\/2024\/08\/IMG_0120-1024x682.jpeg 1024w, https:\/\/jessel.de\/365-tage-sylt\/wp-content\/uploads\/2024\/08\/IMG_0120-768x512.jpeg 768w\" sizes=\"auto, (max-width: 1201px) 100vw, 1201px\" \/><\/p>\n<p><img loading=\"lazy\" decoding=\"async\" class=\"alignnone size-full wp-image-18587\" src=\"https:\/\/jessel.de\/365-tage-sylt\/wp-content\/uploads\/2024\/08\/IMG_0119.jpeg\" alt=\"\" width=\"1200\" height=\"800\" srcset=\"https:\/\/jessel.de\/365-tage-sylt\/wp-content\/uploads\/2024\/08\/IMG_0119.jpeg 1200w, https:\/\/jessel.de\/365-tage-sylt\/wp-content\/uploads\/2024\/08\/IMG_0119-300x200.jpeg 300w, https:\/\/jessel.de\/365-tage-sylt\/wp-content\/uploads\/2024\/08\/IMG_0119-1024x683.jpeg 1024w, https:\/\/jessel.de\/365-tage-sylt\/wp-content\/uploads\/2024\/08\/IMG_0119-768x512.jpeg 768w\" sizes=\"auto, (max-width: 1200px) 100vw, 1200px\" \/><\/p>\n<p>\u2026 legt James Carew ein Ding hin, das wohl an deutschen K\u00fcsten bislang nicht gesehen wurde. Wie er bei der Siegerehrung erkl\u00e4rt, baute sich vor ihm eine 6-Meter Wellenrampe auf, die er mit voller Geschwindigkeit erwischte. Unterst\u00fctzt durch eine Windb\u00f6e stieg er auf 20(!!!) Meter H\u00f6he auf (siehe das heutige Titelbild) und lie\u00df sich im Anschlu\u00df \u00fcber 300(!!!) Meter uferparallel, vorbei am gesamten Publikum, vom Sturmwind gen Norden treiben, ganze 9 Sekunden lang &#8211; zun\u00e4chst noch mit seinem Board unterm Arm, dann ohne\u2026, vor den Augen der v\u00f6llig entgeisterten Zuschauer:<\/p>\n<p><img loading=\"lazy\" decoding=\"async\" class=\"alignnone size-full wp-image-18588\" src=\"https:\/\/jessel.de\/365-tage-sylt\/wp-content\/uploads\/2024\/08\/IMG_0121.jpeg\" alt=\"\" width=\"1201\" height=\"800\" srcset=\"https:\/\/jessel.de\/365-tage-sylt\/wp-content\/uploads\/2024\/08\/IMG_0121.jpeg 1201w, https:\/\/jessel.de\/365-tage-sylt\/wp-content\/uploads\/2024\/08\/IMG_0121-300x200.jpeg 300w, https:\/\/jessel.de\/365-tage-sylt\/wp-content\/uploads\/2024\/08\/IMG_0121-1024x682.jpeg 1024w, https:\/\/jessel.de\/365-tage-sylt\/wp-content\/uploads\/2024\/08\/IMG_0121-768x512.jpeg 768w\" sizes=\"auto, (max-width: 1201px) 100vw, 1201px\" \/><\/p>\n<p>Siehe auch das heutige Titelbild. DAS ist nat\u00fcrlich der Klopper! Zur Belohnung f\u00fcr diese Ausnahme-Show gibt\u2019s tosenden Applaus aus tausenden von H\u00e4nden, und den Weltmeistertitel noch oben drauf:<\/p>\n<p><img loading=\"lazy\" decoding=\"async\" class=\"alignnone size-full wp-image-18590\" src=\"https:\/\/jessel.de\/365-tage-sylt\/wp-content\/uploads\/2024\/08\/IMG_0116.jpeg\" alt=\"\" width=\"1205\" height=\"800\" srcset=\"https:\/\/jessel.de\/365-tage-sylt\/wp-content\/uploads\/2024\/08\/IMG_0116.jpeg 1205w, https:\/\/jessel.de\/365-tage-sylt\/wp-content\/uploads\/2024\/08\/IMG_0116-300x199.jpeg 300w, https:\/\/jessel.de\/365-tage-sylt\/wp-content\/uploads\/2024\/08\/IMG_0116-1024x680.jpeg 1024w, https:\/\/jessel.de\/365-tage-sylt\/wp-content\/uploads\/2024\/08\/IMG_0116-768x510.jpeg 768w\" sizes=\"auto, (max-width: 1205px) 100vw, 1205px\" \/><\/p>\n<p>Neben mir steht bei der Siegerehrung mein ehemaliger Schulfreund J\u00fcrgen H\u00f6hnscheid, der Anfang der 1980er einer der ersten Weltmeister im Windsurfen wurde und der in seiner jahrzehntelangen Karriere wohl alle nennenswerten Surfspots der Welt kennenlernen durfte &#8211; und sagt: \u201eSowas habe ich noch nie gesehen!\u201c Das sagt wohl alles \u00fcber dieses absolute Highlight des Surfsports, das uns die Sylter Natur mit all\u2018 ihrer Kraft heute bescherte. Unglaublich!<\/p>\n<p><img loading=\"lazy\" decoding=\"async\" class=\"alignnone size-full wp-image-18589\" src=\"https:\/\/jessel.de\/365-tage-sylt\/wp-content\/uploads\/2024\/08\/IMG_0123.jpeg\" alt=\"\" width=\"1205\" height=\"800\" srcset=\"https:\/\/jessel.de\/365-tage-sylt\/wp-content\/uploads\/2024\/08\/IMG_0123.jpeg 1205w, https:\/\/jessel.de\/365-tage-sylt\/wp-content\/uploads\/2024\/08\/IMG_0123-300x199.jpeg 300w, https:\/\/jessel.de\/365-tage-sylt\/wp-content\/uploads\/2024\/08\/IMG_0123-1024x680.jpeg 1024w, https:\/\/jessel.de\/365-tage-sylt\/wp-content\/uploads\/2024\/08\/IMG_0123-768x510.jpeg 768w\" sizes=\"auto, (max-width: 1205px) 100vw, 1205px\" \/><\/p>\n<p>Aufgrund der \u00fcberaus gef\u00e4hrlichen Wellen- und Str\u00f6mungsverh\u00e4ltnisse werden die Damenwettbewerbe auf den morgigen Tag verschoben. Eine weise Entscheidung der Judges\u2026 die Strandk\u00f6rbe nebenan nehmen heute nachmittag ein Schaumbad:<\/p>\n<p><img loading=\"lazy\" decoding=\"async\" class=\"alignnone size-full wp-image-18591\" src=\"https:\/\/jessel.de\/365-tage-sylt\/wp-content\/uploads\/2024\/08\/IMG_0117.jpeg\" alt=\"\" width=\"1205\" height=\"800\" srcset=\"https:\/\/jessel.de\/365-tage-sylt\/wp-content\/uploads\/2024\/08\/IMG_0117.jpeg 1205w, https:\/\/jessel.de\/365-tage-sylt\/wp-content\/uploads\/2024\/08\/IMG_0117-300x199.jpeg 300w, https:\/\/jessel.de\/365-tage-sylt\/wp-content\/uploads\/2024\/08\/IMG_0117-1024x680.jpeg 1024w, https:\/\/jessel.de\/365-tage-sylt\/wp-content\/uploads\/2024\/08\/IMG_0117-768x510.jpeg 768w\" sizes=\"auto, (max-width: 1205px) 100vw, 1205px\" \/><\/p>\n","protected":false},"excerpt":{"rendered":"<p>Ich schlafe schlecht. In diesem Falle ein gutes Zeichen, denn je mehr der Wind am fr\u00fchen Morgen auffrischt, desto gr\u00f6\u00dfer die Wahrscheinlichkeit, da\u00df sich heute wirklich optimale Verh\u00e4ltnisse zum Kitesurf-Worldcup einstellen: Die besten Kiter der Welt sind vor Ort! Das Windmaximum mit gut 10 Windst\u00e4rken ist f\u00fcr 14-15 Uhr gemeldet, kurz vorm Hochwasser! Die Windrichtung stimmt endlich mal perfekt: SSW! \u00a0Und die Sonne soll sich zum Nachmittag auch noch sehen&hellip;<\/p>\n","protected":false},"author":2,"featured_media":18581,"comment_status":"open","ping_status":"open","sticky":false,"template":"","format":"standard","meta":{"footnotes":""},"categories":[27,39,3,35,46,4,26,49,2,7],"tags":[],"class_list":["post-18580","post","type-post","status-publish","format-standard","has-post-thumbnail","hentry","category-alle-bilder","category-arbeit","category-menschen","category-schlechtes-wetter","category-sommer","category-spuren","category-strand","category-sturm","category-tourismus","category-westerland"],"jetpack_featured_media_url":"https:\/\/jessel.de\/365-tage-sylt\/wp-content\/uploads\/2024\/08\/IMG_0118.jpeg","_links":{"self":[{"href":"https:\/\/jessel.de\/365-tage-sylt\/wp-json\/wp\/v2\/posts\/18580","targetHints":{"allow":["GET"]}}],"collection":[{"href":"https:\/\/jessel.de\/365-tage-sylt\/wp-json\/wp\/v2\/posts"}],"about":[{"href":"https:\/\/jessel.de\/365-tage-sylt\/wp-json\/wp\/v2\/types\/post"}],"author":[{"embeddable":true,"href":"https:\/\/jessel.de\/365-tage-sylt\/wp-json\/wp\/v2\/users\/2"}],"replies":[{"embeddable":true,"href":"https:\/\/jessel.de\/365-tage-sylt\/wp-json\/wp\/v2\/comments?post=18580"}],"version-history":[{"count":4,"href":"https:\/\/jessel.de\/365-tage-sylt\/wp-json\/wp\/v2\/posts\/18580\/revisions"}],"predecessor-version":[{"id":18594,"href":"https:\/\/jessel.de\/365-tage-sylt\/wp-json\/wp\/v2\/posts\/18580\/revisions\/18594"}],"wp:featuredmedia":[{"embeddable":true,"href":"https:\/\/jessel.de\/365-tage-sylt\/wp-json\/wp\/v2\/media\/18581"}],"wp:attachment":[{"href":"https:\/\/jessel.de\/365-tage-sylt\/wp-json\/wp\/v2\/media?parent=18580"}],"wp:term":[{"taxonomy":"category","embeddable":true,"href":"https:\/\/jessel.de\/365-tage-sylt\/wp-json\/wp\/v2\/categories?post=18580"},{"taxonomy":"post_tag","embeddable":true,"href":"https:\/\/jessel.de\/365-tage-sylt\/wp-json\/wp\/v2\/tags?post=18580"}],"curies":[{"name":"wp","href":"https:\/\/api.w.org\/{rel}","templated":true}]}}