{"id":18724,"date":"2024-09-10T18:16:23","date_gmt":"2024-09-10T18:16:23","guid":{"rendered":"https:\/\/jessel.de\/365-tage-sylt\/?p=18724"},"modified":"2024-09-10T18:16:23","modified_gmt":"2024-09-10T18:16:23","slug":"10-september-stormy-afternoon","status":"publish","type":"post","link":"https:\/\/jessel.de\/365-tage-sylt\/10-september-stormy-afternoon\/","title":{"rendered":"10. September: Stormy afternoon"},"content":{"rendered":"<p>Ein zunehmend regnerischer Tag, am Nachmittag kommen Sturmb\u00f6en auf. Kaum zu glauben, wie sanft das Meer noch vor zwei Tagen an den Strand pl\u00e4tscherte\u2026 nun sieht der shorebreak aber echt anders aus. Die gut einhundert Meter breite Wei\u00dfwasserzone ist absolute no go &#8211; aerea:<\/p>\n<p><img loading=\"lazy\" decoding=\"async\" class=\"alignnone size-full wp-image-18728\" src=\"https:\/\/jessel.de\/365-tage-sylt\/wp-content\/uploads\/2024\/09\/IMG_0231.jpeg\" alt=\"\" width=\"1204\" height=\"800\" srcset=\"https:\/\/jessel.de\/365-tage-sylt\/wp-content\/uploads\/2024\/09\/IMG_0231.jpeg 1204w, https:\/\/jessel.de\/365-tage-sylt\/wp-content\/uploads\/2024\/09\/IMG_0231-300x199.jpeg 300w, https:\/\/jessel.de\/365-tage-sylt\/wp-content\/uploads\/2024\/09\/IMG_0231-1024x680.jpeg 1024w, https:\/\/jessel.de\/365-tage-sylt\/wp-content\/uploads\/2024\/09\/IMG_0231-768x510.jpeg 768w\" sizes=\"auto, (max-width: 1204px) 100vw, 1204px\" \/><\/p>\n<p>Es schauert weit l\u00e4nger als die trockenen Phasen andauern. Immer wieder mu\u00df ich in einem der Strandk\u00f6rbe Schutz suchen, wenn die n\u00e4chste Dusche &#8211; fast im Minutentakt &#8211; \u00fcber mir niedergeht.<\/p>\n<p>Jahreszeitenwende\u2026: Der eben noch proppenvolle Zentralstrand pr\u00e4sentiert sich (fast) menschenleer\u2026:<\/p>\n<p><img loading=\"lazy\" decoding=\"async\" class=\"alignnone size-full wp-image-18729\" src=\"https:\/\/jessel.de\/365-tage-sylt\/wp-content\/uploads\/2024\/09\/IMG_0230.jpeg\" alt=\"\" width=\"1204\" height=\"800\" srcset=\"https:\/\/jessel.de\/365-tage-sylt\/wp-content\/uploads\/2024\/09\/IMG_0230.jpeg 1204w, https:\/\/jessel.de\/365-tage-sylt\/wp-content\/uploads\/2024\/09\/IMG_0230-300x199.jpeg 300w, https:\/\/jessel.de\/365-tage-sylt\/wp-content\/uploads\/2024\/09\/IMG_0230-1024x680.jpeg 1024w, https:\/\/jessel.de\/365-tage-sylt\/wp-content\/uploads\/2024\/09\/IMG_0230-768x510.jpeg 768w\" sizes=\"auto, (max-width: 1204px) 100vw, 1204px\" \/><\/p>\n<p>\u2026 und die wenigen Zuschauer dieses Naturspektakels wissen, warum sie hier sind:<\/p>\n<p><img loading=\"lazy\" decoding=\"async\" class=\"alignnone size-full wp-image-18726\" src=\"https:\/\/jessel.de\/365-tage-sylt\/wp-content\/uploads\/2024\/09\/IMG_0233.jpeg\" alt=\"\" width=\"1204\" height=\"800\" srcset=\"https:\/\/jessel.de\/365-tage-sylt\/wp-content\/uploads\/2024\/09\/IMG_0233.jpeg 1204w, https:\/\/jessel.de\/365-tage-sylt\/wp-content\/uploads\/2024\/09\/IMG_0233-300x199.jpeg 300w, https:\/\/jessel.de\/365-tage-sylt\/wp-content\/uploads\/2024\/09\/IMG_0233-1024x680.jpeg 1024w, https:\/\/jessel.de\/365-tage-sylt\/wp-content\/uploads\/2024\/09\/IMG_0233-768x510.jpeg 768w\" sizes=\"auto, (max-width: 1204px) 100vw, 1204px\" \/><\/p>\n<p>Wen ich auch anspreche, alle sind froh, dass das schw\u00fcle Ostwindwetter vorbei ist:<\/p>\n<p><img loading=\"lazy\" decoding=\"async\" class=\"alignnone size-full wp-image-18725\" src=\"https:\/\/jessel.de\/365-tage-sylt\/wp-content\/uploads\/2024\/09\/IMG_0234.jpeg\" alt=\"\" width=\"1204\" height=\"800\" srcset=\"https:\/\/jessel.de\/365-tage-sylt\/wp-content\/uploads\/2024\/09\/IMG_0234.jpeg 1204w, https:\/\/jessel.de\/365-tage-sylt\/wp-content\/uploads\/2024\/09\/IMG_0234-300x199.jpeg 300w, https:\/\/jessel.de\/365-tage-sylt\/wp-content\/uploads\/2024\/09\/IMG_0234-1024x680.jpeg 1024w, https:\/\/jessel.de\/365-tage-sylt\/wp-content\/uploads\/2024\/09\/IMG_0234-768x510.jpeg 768w\" sizes=\"auto, (max-width: 1204px) 100vw, 1204px\" \/><\/p>\n<p>Ich kann zwar aufgrund der widrigen Bedingungen nur wenige Fotos machen, der Blick auf die weitere Wetterentwicklung jedoch l\u00e4sst mich die rote Fahne hissen f\u00fcr maximale Konzentration, denn das kann sich noch gaaanz pr\u00e4chtig entwickeln am Mittwoch und Donnerstag.<\/p>\n<p>Beim R\u00fcckweg kommt mir noch eine lange erhoffte Lichtstimmung in der Steinmannstra\u00dfe vor die Linse, die nehme ich noch mit:<\/p>\n<p><img loading=\"lazy\" decoding=\"async\" class=\"alignnone size-full wp-image-18730\" src=\"https:\/\/jessel.de\/365-tage-sylt\/wp-content\/uploads\/2024\/09\/IMG_0229.jpeg\" alt=\"\" width=\"1445\" height=\"800\" srcset=\"https:\/\/jessel.de\/365-tage-sylt\/wp-content\/uploads\/2024\/09\/IMG_0229.jpeg 1445w, https:\/\/jessel.de\/365-tage-sylt\/wp-content\/uploads\/2024\/09\/IMG_0229-300x166.jpeg 300w, https:\/\/jessel.de\/365-tage-sylt\/wp-content\/uploads\/2024\/09\/IMG_0229-1024x567.jpeg 1024w, https:\/\/jessel.de\/365-tage-sylt\/wp-content\/uploads\/2024\/09\/IMG_0229-768x425.jpeg 768w\" sizes=\"auto, (max-width: 1445px) 100vw, 1445px\" \/><\/p>\n<p>Die fotogenste Jahreszeit startet mit Elan\u2026<\/p>\n","protected":false},"excerpt":{"rendered":"<p>Ein zunehmend regnerischer Tag, am Nachmittag kommen Sturmb\u00f6en auf. Kaum zu glauben, wie sanft das Meer noch vor zwei Tagen an den Strand pl\u00e4tscherte\u2026 nun sieht der shorebreak aber echt anders aus. Die gut einhundert Meter breite Wei\u00dfwasserzone ist absolute no go &#8211; aerea: Es schauert weit l\u00e4nger als die trockenen Phasen andauern. Immer wieder mu\u00df ich in einem der Strandk\u00f6rbe Schutz suchen, wenn die n\u00e4chste Dusche &#8211; fast im&hellip;<\/p>\n","protected":false},"author":2,"featured_media":18727,"comment_status":"open","ping_status":"open","sticky":false,"template":"","format":"standard","meta":{"footnotes":""},"categories":[27,39,3,35,46,4,26,49,2,7],"tags":[],"class_list":["post-18724","post","type-post","status-publish","format-standard","has-post-thumbnail","hentry","category-alle-bilder","category-arbeit","category-menschen","category-schlechtes-wetter","category-sommer","category-spuren","category-strand","category-sturm","category-tourismus","category-westerland"],"jetpack_featured_media_url":"https:\/\/jessel.de\/365-tage-sylt\/wp-content\/uploads\/2024\/09\/IMG_0232.jpeg","_links":{"self":[{"href":"https:\/\/jessel.de\/365-tage-sylt\/wp-json\/wp\/v2\/posts\/18724","targetHints":{"allow":["GET"]}}],"collection":[{"href":"https:\/\/jessel.de\/365-tage-sylt\/wp-json\/wp\/v2\/posts"}],"about":[{"href":"https:\/\/jessel.de\/365-tage-sylt\/wp-json\/wp\/v2\/types\/post"}],"author":[{"embeddable":true,"href":"https:\/\/jessel.de\/365-tage-sylt\/wp-json\/wp\/v2\/users\/2"}],"replies":[{"embeddable":true,"href":"https:\/\/jessel.de\/365-tage-sylt\/wp-json\/wp\/v2\/comments?post=18724"}],"version-history":[{"count":1,"href":"https:\/\/jessel.de\/365-tage-sylt\/wp-json\/wp\/v2\/posts\/18724\/revisions"}],"predecessor-version":[{"id":18731,"href":"https:\/\/jessel.de\/365-tage-sylt\/wp-json\/wp\/v2\/posts\/18724\/revisions\/18731"}],"wp:featuredmedia":[{"embeddable":true,"href":"https:\/\/jessel.de\/365-tage-sylt\/wp-json\/wp\/v2\/media\/18727"}],"wp:attachment":[{"href":"https:\/\/jessel.de\/365-tage-sylt\/wp-json\/wp\/v2\/media?parent=18724"}],"wp:term":[{"taxonomy":"category","embeddable":true,"href":"https:\/\/jessel.de\/365-tage-sylt\/wp-json\/wp\/v2\/categories?post=18724"},{"taxonomy":"post_tag","embeddable":true,"href":"https:\/\/jessel.de\/365-tage-sylt\/wp-json\/wp\/v2\/tags?post=18724"}],"curies":[{"name":"wp","href":"https:\/\/api.w.org\/{rel}","templated":true}]}}