{"id":18732,"date":"2024-09-11T17:14:31","date_gmt":"2024-09-11T17:14:31","guid":{"rendered":"https:\/\/jessel.de\/365-tage-sylt\/?p=18732"},"modified":"2024-09-11T17:16:35","modified_gmt":"2024-09-11T17:16:35","slug":"11-september-die-sache-mit-der-frust-resistenz","status":"publish","type":"post","link":"https:\/\/jessel.de\/365-tage-sylt\/11-september-die-sache-mit-der-frust-resistenz\/","title":{"rendered":"11. September: Die Sache mit der Frust-Toleranz\u2026"},"content":{"rendered":"<p>\u2026 geht mir heute gleich mehrmals durch den Kopf: Ich habe einige (fotofremde) Termine, und das ist immer gaaanz schlecht, wenn \u00e4u\u00dferste Konzentration auf \u201eDAS Bild\u201c angesagt ist. Fotos \u201eso mal eben\u201c zwischen anderen T\u00e4tigkeiten knipsen, datt l\u00f6ppt nicht.<\/p>\n<p>Eigentlich wei\u00df ich das ja auch, und meine diesbez\u00fcgliche Frust-Toleranz ist \u00fcber die Jahrzehnte stetig gewachsen, so da\u00df ich den vers\u00e4umten Fotos mit einem Satz von Wim Wenders hinterherwinken m\u00f6chte: \u201eDie besten Fotos sind immer die nicht gemachten.\u201c Punkt.<\/p>\n<p>Und mir gelingt tats\u00e4chlich nur das eine, der heutige Titel.<\/p>\n","protected":false},"excerpt":{"rendered":"<p>\u2026 geht mir heute gleich mehrmals durch den Kopf: Ich habe einige (fotofremde) Termine, und das ist immer gaaanz schlecht, wenn \u00e4u\u00dferste Konzentration auf \u201eDAS Bild\u201c angesagt ist. Fotos \u201eso mal eben\u201c zwischen anderen T\u00e4tigkeiten knipsen, datt l\u00f6ppt nicht. Eigentlich wei\u00df ich das ja auch, und meine diesbez\u00fcgliche Frust-Toleranz ist \u00fcber die Jahrzehnte stetig gewachsen, so da\u00df ich den vers\u00e4umten Fotos mit einem Satz von Wim Wenders hinterherwinken m\u00f6chte: \u201eDie&hellip;<\/p>\n","protected":false},"author":2,"featured_media":18733,"comment_status":"open","ping_status":"open","sticky":false,"template":"","format":"standard","meta":{"footnotes":""},"categories":[27,39,44,34,46,42],"tags":[],"class_list":["post-18732","post","type-post","status-publish","format-standard","has-post-thumbnail","hentry","category-alle-bilder","category-arbeit","category-pflanzen","category-rantum","category-sommer","category-watt"],"jetpack_featured_media_url":"https:\/\/jessel.de\/365-tage-sylt\/wp-content\/uploads\/2024\/09\/IMG_0235.jpeg","_links":{"self":[{"href":"https:\/\/jessel.de\/365-tage-sylt\/wp-json\/wp\/v2\/posts\/18732","targetHints":{"allow":["GET"]}}],"collection":[{"href":"https:\/\/jessel.de\/365-tage-sylt\/wp-json\/wp\/v2\/posts"}],"about":[{"href":"https:\/\/jessel.de\/365-tage-sylt\/wp-json\/wp\/v2\/types\/post"}],"author":[{"embeddable":true,"href":"https:\/\/jessel.de\/365-tage-sylt\/wp-json\/wp\/v2\/users\/2"}],"replies":[{"embeddable":true,"href":"https:\/\/jessel.de\/365-tage-sylt\/wp-json\/wp\/v2\/comments?post=18732"}],"version-history":[{"count":4,"href":"https:\/\/jessel.de\/365-tage-sylt\/wp-json\/wp\/v2\/posts\/18732\/revisions"}],"predecessor-version":[{"id":18737,"href":"https:\/\/jessel.de\/365-tage-sylt\/wp-json\/wp\/v2\/posts\/18732\/revisions\/18737"}],"wp:featuredmedia":[{"embeddable":true,"href":"https:\/\/jessel.de\/365-tage-sylt\/wp-json\/wp\/v2\/media\/18733"}],"wp:attachment":[{"href":"https:\/\/jessel.de\/365-tage-sylt\/wp-json\/wp\/v2\/media?parent=18732"}],"wp:term":[{"taxonomy":"category","embeddable":true,"href":"https:\/\/jessel.de\/365-tage-sylt\/wp-json\/wp\/v2\/categories?post=18732"},{"taxonomy":"post_tag","embeddable":true,"href":"https:\/\/jessel.de\/365-tage-sylt\/wp-json\/wp\/v2\/tags?post=18732"}],"curies":[{"name":"wp","href":"https:\/\/api.w.org\/{rel}","templated":true}]}}