{"id":18740,"date":"2024-09-12T19:56:28","date_gmt":"2024-09-12T19:56:28","guid":{"rendered":"https:\/\/jessel.de\/365-tage-sylt\/?p=18740"},"modified":"2024-09-12T19:56:28","modified_gmt":"2024-09-12T19:56:28","slug":"12-september-eeendlich-richtiges-sylt-wetter","status":"publish","type":"post","link":"https:\/\/jessel.de\/365-tage-sylt\/12-september-eeendlich-richtiges-sylt-wetter\/","title":{"rendered":"12. September: Eeendlich richtiges Sylt-Wetter!"},"content":{"rendered":"<p>Nach einem regnerischen Vormittag l\u00e4sst sich zunehmend die Sonne sehen. Zun\u00e4chst noch unterbrochen von kurzen, kr\u00e4ftigen Schauern\u2026:<\/p>\n<p><img loading=\"lazy\" decoding=\"async\" class=\"alignnone size-full wp-image-18742\" src=\"https:\/\/jessel.de\/365-tage-sylt\/wp-content\/uploads\/2024\/09\/IMG_0243.jpeg\" alt=\"\" width=\"1204\" height=\"800\" srcset=\"https:\/\/jessel.de\/365-tage-sylt\/wp-content\/uploads\/2024\/09\/IMG_0243.jpeg 1204w, https:\/\/jessel.de\/365-tage-sylt\/wp-content\/uploads\/2024\/09\/IMG_0243-300x199.jpeg 300w, https:\/\/jessel.de\/365-tage-sylt\/wp-content\/uploads\/2024\/09\/IMG_0243-1024x680.jpeg 1024w, https:\/\/jessel.de\/365-tage-sylt\/wp-content\/uploads\/2024\/09\/IMG_0243-768x510.jpeg 768w\" sizes=\"auto, (max-width: 1204px) 100vw, 1204px\" \/><\/p>\n<p>\u2026 wird es sukzessive freundlicher. Und die vorbeisegelnden Cumuluswolken\u2026:<\/p>\n<p><img loading=\"lazy\" decoding=\"async\" class=\"alignnone size-full wp-image-18743\" src=\"https:\/\/jessel.de\/365-tage-sylt\/wp-content\/uploads\/2024\/09\/IMG_0241.jpeg\" alt=\"\" width=\"1204\" height=\"800\" srcset=\"https:\/\/jessel.de\/365-tage-sylt\/wp-content\/uploads\/2024\/09\/IMG_0241.jpeg 1204w, https:\/\/jessel.de\/365-tage-sylt\/wp-content\/uploads\/2024\/09\/IMG_0241-300x199.jpeg 300w, https:\/\/jessel.de\/365-tage-sylt\/wp-content\/uploads\/2024\/09\/IMG_0241-1024x680.jpeg 1024w, https:\/\/jessel.de\/365-tage-sylt\/wp-content\/uploads\/2024\/09\/IMG_0241-768x510.jpeg 768w\" sizes=\"auto, (max-width: 1204px) 100vw, 1204px\" \/><\/p>\n<p>\u2026 lassen nicht nur mein Herz schneller schlagen:<\/p>\n<p><img loading=\"lazy\" decoding=\"async\" class=\"alignnone size-full wp-image-18744\" src=\"https:\/\/jessel.de\/365-tage-sylt\/wp-content\/uploads\/2024\/09\/IMG_0242.jpeg\" alt=\"\" width=\"1204\" height=\"800\" srcset=\"https:\/\/jessel.de\/365-tage-sylt\/wp-content\/uploads\/2024\/09\/IMG_0242.jpeg 1204w, https:\/\/jessel.de\/365-tage-sylt\/wp-content\/uploads\/2024\/09\/IMG_0242-300x199.jpeg 300w, https:\/\/jessel.de\/365-tage-sylt\/wp-content\/uploads\/2024\/09\/IMG_0242-1024x680.jpeg 1024w, https:\/\/jessel.de\/365-tage-sylt\/wp-content\/uploads\/2024\/09\/IMG_0242-768x510.jpeg 768w\" sizes=\"auto, (max-width: 1204px) 100vw, 1204px\" \/><\/p>\n<p>\u2026 sondern verbl\u00fcffen wohl jeden an diesem fr\u00fchherbstlichen Nachmittag:<\/p>\n<p><img loading=\"lazy\" decoding=\"async\" class=\"alignnone size-full wp-image-18745\" src=\"https:\/\/jessel.de\/365-tage-sylt\/wp-content\/uploads\/2024\/09\/IMG_0240.jpeg\" alt=\"\" width=\"1204\" height=\"800\" srcset=\"https:\/\/jessel.de\/365-tage-sylt\/wp-content\/uploads\/2024\/09\/IMG_0240.jpeg 1204w, https:\/\/jessel.de\/365-tage-sylt\/wp-content\/uploads\/2024\/09\/IMG_0240-300x199.jpeg 300w, https:\/\/jessel.de\/365-tage-sylt\/wp-content\/uploads\/2024\/09\/IMG_0240-1024x680.jpeg 1024w, https:\/\/jessel.de\/365-tage-sylt\/wp-content\/uploads\/2024\/09\/IMG_0240-768x510.jpeg 768w\" sizes=\"auto, (max-width: 1204px) 100vw, 1204px\" \/><\/p>\n<p>Es wird bereits empfindlich k\u00fchl, besonders wenn die Sonne hinter den Wolken an Kraft verliert\u2026:<\/p>\n<p><img loading=\"lazy\" decoding=\"async\" class=\"alignnone size-full wp-image-18746\" src=\"https:\/\/jessel.de\/365-tage-sylt\/wp-content\/uploads\/2024\/09\/IMG_0238.jpeg\" alt=\"\" width=\"1204\" height=\"800\" srcset=\"https:\/\/jessel.de\/365-tage-sylt\/wp-content\/uploads\/2024\/09\/IMG_0238.jpeg 1204w, https:\/\/jessel.de\/365-tage-sylt\/wp-content\/uploads\/2024\/09\/IMG_0238-300x199.jpeg 300w, https:\/\/jessel.de\/365-tage-sylt\/wp-content\/uploads\/2024\/09\/IMG_0238-1024x680.jpeg 1024w, https:\/\/jessel.de\/365-tage-sylt\/wp-content\/uploads\/2024\/09\/IMG_0238-768x510.jpeg 768w\" sizes=\"auto, (max-width: 1204px) 100vw, 1204px\" \/><\/p>\n<p>\u2026 oder gar ganz verschwindet:<\/p>\n<p><img loading=\"lazy\" decoding=\"async\" class=\"alignnone size-full wp-image-18747\" src=\"https:\/\/jessel.de\/365-tage-sylt\/wp-content\/uploads\/2024\/09\/IMG_0237.jpeg\" alt=\"\" width=\"1204\" height=\"800\" srcset=\"https:\/\/jessel.de\/365-tage-sylt\/wp-content\/uploads\/2024\/09\/IMG_0237.jpeg 1204w, https:\/\/jessel.de\/365-tage-sylt\/wp-content\/uploads\/2024\/09\/IMG_0237-300x199.jpeg 300w, https:\/\/jessel.de\/365-tage-sylt\/wp-content\/uploads\/2024\/09\/IMG_0237-1024x680.jpeg 1024w, https:\/\/jessel.de\/365-tage-sylt\/wp-content\/uploads\/2024\/09\/IMG_0237-768x510.jpeg 768w\" sizes=\"auto, (max-width: 1204px) 100vw, 1204px\" \/><\/p>\n<p>Ich trete das erste Mal in dieser zweiten Jahresh\u00e4lfte in Winterklamotten an, und genie\u00dfe das als eine gute Entscheidung.<\/p>\n<p>&nbsp;<\/p>\n","protected":false},"excerpt":{"rendered":"<p>Nach einem regnerischen Vormittag l\u00e4sst sich zunehmend die Sonne sehen. Zun\u00e4chst noch unterbrochen von kurzen, kr\u00e4ftigen Schauern\u2026: \u2026 wird es sukzessive freundlicher. Und die vorbeisegelnden Cumuluswolken\u2026: \u2026 lassen nicht nur mein Herz schneller schlagen: \u2026 sondern verbl\u00fcffen wohl jeden an diesem fr\u00fchherbstlichen Nachmittag: Es wird bereits empfindlich k\u00fchl, besonders wenn die Sonne hinter den Wolken an Kraft verliert\u2026: \u2026 oder gar ganz verschwindet: Ich trete das erste Mal in dieser&hellip;<\/p>\n","protected":false},"author":2,"featured_media":18741,"comment_status":"open","ping_status":"open","sticky":false,"template":"","format":"standard","meta":{"footnotes":""},"categories":[27,39,24,28,25,3,44,46,4,26],"tags":[],"class_list":["post-18740","post","type-post","status-publish","format-standard","has-post-thumbnail","hentry","category-alle-bilder","category-arbeit","category-duenen","category-haeuser","category-kampen","category-menschen","category-pflanzen","category-sommer","category-spuren","category-strand"],"jetpack_featured_media_url":"https:\/\/jessel.de\/365-tage-sylt\/wp-content\/uploads\/2024\/09\/IMG_0239.jpeg","_links":{"self":[{"href":"https:\/\/jessel.de\/365-tage-sylt\/wp-json\/wp\/v2\/posts\/18740","targetHints":{"allow":["GET"]}}],"collection":[{"href":"https:\/\/jessel.de\/365-tage-sylt\/wp-json\/wp\/v2\/posts"}],"about":[{"href":"https:\/\/jessel.de\/365-tage-sylt\/wp-json\/wp\/v2\/types\/post"}],"author":[{"embeddable":true,"href":"https:\/\/jessel.de\/365-tage-sylt\/wp-json\/wp\/v2\/users\/2"}],"replies":[{"embeddable":true,"href":"https:\/\/jessel.de\/365-tage-sylt\/wp-json\/wp\/v2\/comments?post=18740"}],"version-history":[{"count":1,"href":"https:\/\/jessel.de\/365-tage-sylt\/wp-json\/wp\/v2\/posts\/18740\/revisions"}],"predecessor-version":[{"id":18748,"href":"https:\/\/jessel.de\/365-tage-sylt\/wp-json\/wp\/v2\/posts\/18740\/revisions\/18748"}],"wp:featuredmedia":[{"embeddable":true,"href":"https:\/\/jessel.de\/365-tage-sylt\/wp-json\/wp\/v2\/media\/18741"}],"wp:attachment":[{"href":"https:\/\/jessel.de\/365-tage-sylt\/wp-json\/wp\/v2\/media?parent=18740"}],"wp:term":[{"taxonomy":"category","embeddable":true,"href":"https:\/\/jessel.de\/365-tage-sylt\/wp-json\/wp\/v2\/categories?post=18740"},{"taxonomy":"post_tag","embeddable":true,"href":"https:\/\/jessel.de\/365-tage-sylt\/wp-json\/wp\/v2\/tags?post=18740"}],"curies":[{"name":"wp","href":"https:\/\/api.w.org\/{rel}","templated":true}]}}