{"id":18971,"date":"2024-10-05T07:08:18","date_gmt":"2024-10-05T07:08:18","guid":{"rendered":"https:\/\/jessel.de\/365-tage-sylt\/?p=18971"},"modified":"2024-10-05T07:13:40","modified_gmt":"2024-10-05T07:13:40","slug":"4-oktober-grossartiger-sonnenaufgang","status":"publish","type":"post","link":"https:\/\/jessel.de\/365-tage-sylt\/4-oktober-grossartiger-sonnenaufgang\/","title":{"rendered":"4. Oktober: Gro\u00dfartiger Sonnenaufgang"},"content":{"rendered":"<p>Heute bin ich fr\u00fch unterwegs. Als ich kurz nach 6 Uhr in Munkmarsch ankomme, sehe ich seltsame Wolken \u00fcber dem Festland, die wie tropische, palmenbestandene Mini-Inseln aussehen:<\/p>\n<p><img loading=\"lazy\" decoding=\"async\" class=\"alignnone size-full wp-image-18974\" src=\"https:\/\/jessel.de\/365-tage-sylt\/wp-content\/uploads\/2024\/10\/IMG_0493.jpeg\" alt=\"\" width=\"1913\" height=\"800\" srcset=\"https:\/\/jessel.de\/365-tage-sylt\/wp-content\/uploads\/2024\/10\/IMG_0493.jpeg 1913w, https:\/\/jessel.de\/365-tage-sylt\/wp-content\/uploads\/2024\/10\/IMG_0493-300x125.jpeg 300w, https:\/\/jessel.de\/365-tage-sylt\/wp-content\/uploads\/2024\/10\/IMG_0493-1024x428.jpeg 1024w, https:\/\/jessel.de\/365-tage-sylt\/wp-content\/uploads\/2024\/10\/IMG_0493-768x321.jpeg 768w, https:\/\/jessel.de\/365-tage-sylt\/wp-content\/uploads\/2024\/10\/IMG_0493-1536x642.jpeg 1536w\" sizes=\"auto, (max-width: 1913px) 100vw, 1913px\" \/><\/p>\n<p>\u201eBittebittebitte bleibt!\u201c hoffe ich bis zum Sonnenaufgang &#8211; und ich habe Gl\u00fcck:<\/p>\n<p><img loading=\"lazy\" decoding=\"async\" class=\"alignnone size-full wp-image-18973\" src=\"https:\/\/jessel.de\/365-tage-sylt\/wp-content\/uploads\/2024\/10\/IMG_0494.jpeg\" alt=\"\" width=\"1602\" height=\"800\" srcset=\"https:\/\/jessel.de\/365-tage-sylt\/wp-content\/uploads\/2024\/10\/IMG_0494.jpeg 1602w, https:\/\/jessel.de\/365-tage-sylt\/wp-content\/uploads\/2024\/10\/IMG_0494-300x150.jpeg 300w, https:\/\/jessel.de\/365-tage-sylt\/wp-content\/uploads\/2024\/10\/IMG_0494-1024x511.jpeg 1024w, https:\/\/jessel.de\/365-tage-sylt\/wp-content\/uploads\/2024\/10\/IMG_0494-768x384.jpeg 768w, https:\/\/jessel.de\/365-tage-sylt\/wp-content\/uploads\/2024\/10\/IMG_0494-1536x767.jpeg 1536w\" sizes=\"auto, (max-width: 1602px) 100vw, 1602px\" \/><\/p>\n<p>Was f\u00fcr ein herrlicher, stiller, friedlicher Morgen. Fast v\u00f6llig windstill, und ein zarter Bodennebel \u00fcber dem Archsumer Anwachs:<\/p>\n<p><img loading=\"lazy\" decoding=\"async\" class=\"alignnone size-full wp-image-18972\" src=\"https:\/\/jessel.de\/365-tage-sylt\/wp-content\/uploads\/2024\/10\/IMG_0496.jpeg\" alt=\"\" width=\"1666\" height=\"800\" srcset=\"https:\/\/jessel.de\/365-tage-sylt\/wp-content\/uploads\/2024\/10\/IMG_0496.jpeg 1666w, https:\/\/jessel.de\/365-tage-sylt\/wp-content\/uploads\/2024\/10\/IMG_0496-300x144.jpeg 300w, https:\/\/jessel.de\/365-tage-sylt\/wp-content\/uploads\/2024\/10\/IMG_0496-1024x492.jpeg 1024w, https:\/\/jessel.de\/365-tage-sylt\/wp-content\/uploads\/2024\/10\/IMG_0496-768x369.jpeg 768w, https:\/\/jessel.de\/365-tage-sylt\/wp-content\/uploads\/2024\/10\/IMG_0496-1536x738.jpeg 1536w\" sizes=\"auto, (max-width: 1666px) 100vw, 1666px\" \/><\/p>\n","protected":false},"excerpt":{"rendered":"<p>Heute bin ich fr\u00fch unterwegs. Als ich kurz nach 6 Uhr in Munkmarsch ankomme, sehe ich seltsame Wolken \u00fcber dem Festland, die wie tropische, palmenbestandene Mini-Inseln aussehen: \u201eBittebittebitte bleibt!\u201c hoffe ich bis zum Sonnenaufgang &#8211; und ich habe Gl\u00fcck: Was f\u00fcr ein herrlicher, stiller, friedlicher Morgen. Fast v\u00f6llig windstill, und ein zarter Bodennebel \u00fcber dem Archsumer Anwachs:<\/p>\n","protected":false},"author":2,"featured_media":18976,"comment_status":"open","ping_status":"open","sticky":false,"template":"","format":"standard","meta":{"footnotes":""},"categories":[27,39,48,50,29,42],"tags":[],"class_list":["post-18971","post","type-post","status-publish","format-standard","has-post-thumbnail","hentry","category-alle-bilder","category-arbeit","category-herbst","category-munkmarsch","category-verkehr","category-watt"],"jetpack_featured_media_url":"https:\/\/jessel.de\/365-tage-sylt\/wp-content\/uploads\/2024\/10\/IMG_0491.jpeg","_links":{"self":[{"href":"https:\/\/jessel.de\/365-tage-sylt\/wp-json\/wp\/v2\/posts\/18971","targetHints":{"allow":["GET"]}}],"collection":[{"href":"https:\/\/jessel.de\/365-tage-sylt\/wp-json\/wp\/v2\/posts"}],"about":[{"href":"https:\/\/jessel.de\/365-tage-sylt\/wp-json\/wp\/v2\/types\/post"}],"author":[{"embeddable":true,"href":"https:\/\/jessel.de\/365-tage-sylt\/wp-json\/wp\/v2\/users\/2"}],"replies":[{"embeddable":true,"href":"https:\/\/jessel.de\/365-tage-sylt\/wp-json\/wp\/v2\/comments?post=18971"}],"version-history":[{"count":3,"href":"https:\/\/jessel.de\/365-tage-sylt\/wp-json\/wp\/v2\/posts\/18971\/revisions"}],"predecessor-version":[{"id":18979,"href":"https:\/\/jessel.de\/365-tage-sylt\/wp-json\/wp\/v2\/posts\/18971\/revisions\/18979"}],"wp:featuredmedia":[{"embeddable":true,"href":"https:\/\/jessel.de\/365-tage-sylt\/wp-json\/wp\/v2\/media\/18976"}],"wp:attachment":[{"href":"https:\/\/jessel.de\/365-tage-sylt\/wp-json\/wp\/v2\/media?parent=18971"}],"wp:term":[{"taxonomy":"category","embeddable":true,"href":"https:\/\/jessel.de\/365-tage-sylt\/wp-json\/wp\/v2\/categories?post=18971"},{"taxonomy":"post_tag","embeddable":true,"href":"https:\/\/jessel.de\/365-tage-sylt\/wp-json\/wp\/v2\/tags?post=18971"}],"curies":[{"name":"wp","href":"https:\/\/api.w.org\/{rel}","templated":true}]}}