{"id":18980,"date":"2024-10-05T16:12:58","date_gmt":"2024-10-05T16:12:58","guid":{"rendered":"https:\/\/jessel.de\/365-tage-sylt\/?p=18980"},"modified":"2024-10-05T16:12:58","modified_gmt":"2024-10-05T16:12:58","slug":"5-oktober-return-to-munkmarsch-harbour","status":"publish","type":"post","link":"https:\/\/jessel.de\/365-tage-sylt\/5-oktober-return-to-munkmarsch-harbour\/","title":{"rendered":"5. Oktober: Return to Munkmarsch Harbour\u2026"},"content":{"rendered":"<p>\u2026 um 6:30 Uhr bekomme ich &#8211; gelinde gesagt &#8211; einen Adrenalinschock, als ich beim Kontrollblick aus dem Ausguck keinesfalls den angek\u00fcndigten bedeckten Himmel \u00fcber mir ausgebreitet sehe, sondern, bei messerscharfer Sicht, fr\u00f6hliche Sch\u00e4fchenwolken unter einem gl\u00e4sernen Firmament entlang segeln\u2026<\/p>\n<p>Keine 15 Minuten sp\u00e4ter, kurz vor Munkmarsch, radel\u2018 ich durch Nebelw\u00e4lder dem Sonnenaufgang entgegen\u2026:<\/p>\n<p><img loading=\"lazy\" decoding=\"async\" class=\"alignnone size-full wp-image-18986\" src=\"https:\/\/jessel.de\/365-tage-sylt\/wp-content\/uploads\/2024\/10\/IMG_0498.jpeg\" alt=\"\" width=\"1204\" height=\"800\" srcset=\"https:\/\/jessel.de\/365-tage-sylt\/wp-content\/uploads\/2024\/10\/IMG_0498.jpeg 1204w, https:\/\/jessel.de\/365-tage-sylt\/wp-content\/uploads\/2024\/10\/IMG_0498-300x199.jpeg 300w, https:\/\/jessel.de\/365-tage-sylt\/wp-content\/uploads\/2024\/10\/IMG_0498-1024x680.jpeg 1024w, https:\/\/jessel.de\/365-tage-sylt\/wp-content\/uploads\/2024\/10\/IMG_0498-768x510.jpeg 768w\" sizes=\"auto, (max-width: 1204px) 100vw, 1204px\" \/><\/p>\n<p>\u2026 und sto\u00dfe am Wattufer auf einen ganzen Pulk von Handyfotografen, alle bereits mit der Knipse im Anschlag:<\/p>\n<p><img loading=\"lazy\" decoding=\"async\" class=\"alignnone size-full wp-image-18984\" src=\"https:\/\/jessel.de\/365-tage-sylt\/wp-content\/uploads\/2024\/10\/IMG_0500.jpeg\" alt=\"\" width=\"1190\" height=\"800\" srcset=\"https:\/\/jessel.de\/365-tage-sylt\/wp-content\/uploads\/2024\/10\/IMG_0500.jpeg 1190w, https:\/\/jessel.de\/365-tage-sylt\/wp-content\/uploads\/2024\/10\/IMG_0500-300x202.jpeg 300w, https:\/\/jessel.de\/365-tage-sylt\/wp-content\/uploads\/2024\/10\/IMG_0500-1024x688.jpeg 1024w, https:\/\/jessel.de\/365-tage-sylt\/wp-content\/uploads\/2024\/10\/IMG_0500-768x516.jpeg 768w\" sizes=\"auto, (max-width: 1190px) 100vw, 1190px\" \/><\/p>\n<p>\u2026 die diesen Sonnenaufgang fotografieren:<\/p>\n<p><img loading=\"lazy\" decoding=\"async\" class=\"alignnone size-full wp-image-18985\" src=\"https:\/\/jessel.de\/365-tage-sylt\/wp-content\/uploads\/2024\/10\/IMG_0499.jpeg\" alt=\"\" width=\"1204\" height=\"800\" srcset=\"https:\/\/jessel.de\/365-tage-sylt\/wp-content\/uploads\/2024\/10\/IMG_0499.jpeg 1204w, https:\/\/jessel.de\/365-tage-sylt\/wp-content\/uploads\/2024\/10\/IMG_0499-300x199.jpeg 300w, https:\/\/jessel.de\/365-tage-sylt\/wp-content\/uploads\/2024\/10\/IMG_0499-1024x680.jpeg 1024w, https:\/\/jessel.de\/365-tage-sylt\/wp-content\/uploads\/2024\/10\/IMG_0499-768x510.jpeg 768w\" sizes=\"auto, (max-width: 1204px) 100vw, 1204px\" \/><\/p>\n<p>Fotografisch erheblich spannender erscheinen mir allerdings diese leicht erschlafften Fender\u2026:<\/p>\n<p><img loading=\"lazy\" decoding=\"async\" class=\"alignnone size-full wp-image-18983\" src=\"https:\/\/jessel.de\/365-tage-sylt\/wp-content\/uploads\/2024\/10\/IMG_0501.jpeg\" alt=\"\" width=\"1204\" height=\"800\" srcset=\"https:\/\/jessel.de\/365-tage-sylt\/wp-content\/uploads\/2024\/10\/IMG_0501.jpeg 1204w, https:\/\/jessel.de\/365-tage-sylt\/wp-content\/uploads\/2024\/10\/IMG_0501-300x199.jpeg 300w, https:\/\/jessel.de\/365-tage-sylt\/wp-content\/uploads\/2024\/10\/IMG_0501-1024x680.jpeg 1024w, https:\/\/jessel.de\/365-tage-sylt\/wp-content\/uploads\/2024\/10\/IMG_0501-768x510.jpeg 768w\" sizes=\"auto, (max-width: 1204px) 100vw, 1204px\" \/><\/p>\n<p>\u2026 und, bereits auf dem R\u00fcckweg \u00fcber Keitum, die Pferde vor St. Severin unter &#8211; eeendlich wieder &#8211; fotogenem Gew\u00f6lk:<\/p>\n<p><img loading=\"lazy\" decoding=\"async\" class=\"alignnone size-full wp-image-18987\" src=\"https:\/\/jessel.de\/365-tage-sylt\/wp-content\/uploads\/2024\/10\/IMG_0497.jpeg\" alt=\"\" width=\"1204\" height=\"800\" srcset=\"https:\/\/jessel.de\/365-tage-sylt\/wp-content\/uploads\/2024\/10\/IMG_0497.jpeg 1204w, https:\/\/jessel.de\/365-tage-sylt\/wp-content\/uploads\/2024\/10\/IMG_0497-300x199.jpeg 300w, https:\/\/jessel.de\/365-tage-sylt\/wp-content\/uploads\/2024\/10\/IMG_0497-1024x680.jpeg 1024w, https:\/\/jessel.de\/365-tage-sylt\/wp-content\/uploads\/2024\/10\/IMG_0497-768x510.jpeg 768w\" sizes=\"auto, (max-width: 1204px) 100vw, 1204px\" \/><\/p>\n","protected":false},"excerpt":{"rendered":"<p>\u2026 um 6:30 Uhr bekomme ich &#8211; gelinde gesagt &#8211; einen Adrenalinschock, als ich beim Kontrollblick aus dem Ausguck keinesfalls den angek\u00fcndigten bedeckten Himmel \u00fcber mir ausgebreitet sehe, sondern, bei messerscharfer Sicht, fr\u00f6hliche Sch\u00e4fchenwolken unter einem gl\u00e4sernen Firmament entlang segeln\u2026 Keine 15 Minuten sp\u00e4ter, kurz vor Munkmarsch, radel\u2018 ich durch Nebelw\u00e4lder dem Sonnenaufgang entgegen\u2026: \u2026 und sto\u00dfe am Wattufer auf einen ganzen Pulk von Handyfotografen, alle bereits mit der Knipse&hellip;<\/p>\n","protected":false},"author":2,"featured_media":18983,"comment_status":"open","ping_status":"open","sticky":false,"template":"","format":"standard","meta":{"footnotes":""},"categories":[27,39,28,48,50,4,2,30,29,42],"tags":[],"class_list":["post-18980","post","type-post","status-publish","format-standard","has-post-thumbnail","hentry","category-alle-bilder","category-arbeit","category-haeuser","category-herbst","category-munkmarsch","category-spuren","category-tourismus","category-tradition","category-verkehr","category-watt"],"jetpack_featured_media_url":"https:\/\/jessel.de\/365-tage-sylt\/wp-content\/uploads\/2024\/10\/IMG_0501.jpeg","_links":{"self":[{"href":"https:\/\/jessel.de\/365-tage-sylt\/wp-json\/wp\/v2\/posts\/18980","targetHints":{"allow":["GET"]}}],"collection":[{"href":"https:\/\/jessel.de\/365-tage-sylt\/wp-json\/wp\/v2\/posts"}],"about":[{"href":"https:\/\/jessel.de\/365-tage-sylt\/wp-json\/wp\/v2\/types\/post"}],"author":[{"embeddable":true,"href":"https:\/\/jessel.de\/365-tage-sylt\/wp-json\/wp\/v2\/users\/2"}],"replies":[{"embeddable":true,"href":"https:\/\/jessel.de\/365-tage-sylt\/wp-json\/wp\/v2\/comments?post=18980"}],"version-history":[{"count":1,"href":"https:\/\/jessel.de\/365-tage-sylt\/wp-json\/wp\/v2\/posts\/18980\/revisions"}],"predecessor-version":[{"id":18988,"href":"https:\/\/jessel.de\/365-tage-sylt\/wp-json\/wp\/v2\/posts\/18980\/revisions\/18988"}],"wp:featuredmedia":[{"embeddable":true,"href":"https:\/\/jessel.de\/365-tage-sylt\/wp-json\/wp\/v2\/media\/18983"}],"wp:attachment":[{"href":"https:\/\/jessel.de\/365-tage-sylt\/wp-json\/wp\/v2\/media?parent=18980"}],"wp:term":[{"taxonomy":"category","embeddable":true,"href":"https:\/\/jessel.de\/365-tage-sylt\/wp-json\/wp\/v2\/categories?post=18980"},{"taxonomy":"post_tag","embeddable":true,"href":"https:\/\/jessel.de\/365-tage-sylt\/wp-json\/wp\/v2\/tags?post=18980"}],"curies":[{"name":"wp","href":"https:\/\/api.w.org\/{rel}","templated":true}]}}