{"id":19118,"date":"2024-10-23T19:05:14","date_gmt":"2024-10-23T19:05:14","guid":{"rendered":"https:\/\/jessel.de\/365-tage-sylt\/?p=19118"},"modified":"2024-10-23T19:08:18","modified_gmt":"2024-10-23T19:08:18","slug":"23-oktober-ein-abend-in-kampen","status":"publish","type":"post","link":"https:\/\/jessel.de\/365-tage-sylt\/23-oktober-ein-abend-in-kampen\/","title":{"rendered":"23. Oktober: Ein Abend in Kampen"},"content":{"rendered":"<p>Ich bin auf Wolkenjagd, und eine f\u00fchrt mich an die Umz\u00e4unung des Naturschutzgebiets \u201aNiel\u00f6nn\u2018 (fries.: Neuland) n\u00f6rdlich von Kampen:<\/p>\n<p><img loading=\"lazy\" decoding=\"async\" class=\"alignnone size-full wp-image-19122\" src=\"https:\/\/jessel.de\/365-tage-sylt\/wp-content\/uploads\/2024\/10\/IMG_0621.jpeg\" alt=\"\" width=\"1755\" height=\"800\" srcset=\"https:\/\/jessel.de\/365-tage-sylt\/wp-content\/uploads\/2024\/10\/IMG_0621.jpeg 1755w, https:\/\/jessel.de\/365-tage-sylt\/wp-content\/uploads\/2024\/10\/IMG_0621-300x137.jpeg 300w, https:\/\/jessel.de\/365-tage-sylt\/wp-content\/uploads\/2024\/10\/IMG_0621-1024x467.jpeg 1024w, https:\/\/jessel.de\/365-tage-sylt\/wp-content\/uploads\/2024\/10\/IMG_0621-768x350.jpeg 768w, https:\/\/jessel.de\/365-tage-sylt\/wp-content\/uploads\/2024\/10\/IMG_0621-1536x700.jpeg 1536w\" sizes=\"auto, (max-width: 1755px) 100vw, 1755px\" \/><\/p>\n<p>Das Salzwiesengebiet ist landseitig umz\u00e4unt &#8211; und Hinweistafeln erl\u00e4utern, da\u00df der Zugang verboten ist. Das klappt gut: Erstaunlich viele Vogelarten nutzen das nur 64 ha gro\u00dfe Feuchtgebiet zu Rast- und Brutzwecken &#8211; heute sehe ich sogar einige Fischreiher durch die Salzs\u00fcmpfe stolzieren.<\/p>\n<p>Lange bin ich unschl\u00fcssig, wohin mich der beginnende Abend treiben wird:<br \/>\n<img loading=\"lazy\" decoding=\"async\" class=\"alignnone size-full wp-image-19121\" src=\"https:\/\/jessel.de\/365-tage-sylt\/wp-content\/uploads\/2024\/10\/IMG_0622.jpeg\" alt=\"\" width=\"1204\" height=\"800\" srcset=\"https:\/\/jessel.de\/365-tage-sylt\/wp-content\/uploads\/2024\/10\/IMG_0622.jpeg 1204w, https:\/\/jessel.de\/365-tage-sylt\/wp-content\/uploads\/2024\/10\/IMG_0622-300x199.jpeg 300w, https:\/\/jessel.de\/365-tage-sylt\/wp-content\/uploads\/2024\/10\/IMG_0622-1024x680.jpeg 1024w, https:\/\/jessel.de\/365-tage-sylt\/wp-content\/uploads\/2024\/10\/IMG_0622-768x510.jpeg 768w\" sizes=\"auto, (max-width: 1204px) 100vw, 1204px\" \/><\/p>\n<p>Ich radel\u2018 quer durch Kampen, lande aber schlie\u00dflich wieder an der Westk\u00fcste, wo sich mittlerweile allerdings ganze Hundertschaften, ausgestattet mit Musikboxen, Bier-, Sekt-und Kornflaschen zum Sonnenuntergang versammelt haben:<\/p>\n<p><img loading=\"lazy\" decoding=\"async\" class=\"alignnone size-full wp-image-19120\" src=\"https:\/\/jessel.de\/365-tage-sylt\/wp-content\/uploads\/2024\/10\/IMG_0623.jpeg\" alt=\"\" width=\"1204\" height=\"800\" srcset=\"https:\/\/jessel.de\/365-tage-sylt\/wp-content\/uploads\/2024\/10\/IMG_0623.jpeg 1204w, https:\/\/jessel.de\/365-tage-sylt\/wp-content\/uploads\/2024\/10\/IMG_0623-300x199.jpeg 300w, https:\/\/jessel.de\/365-tage-sylt\/wp-content\/uploads\/2024\/10\/IMG_0623-1024x680.jpeg 1024w, https:\/\/jessel.de\/365-tage-sylt\/wp-content\/uploads\/2024\/10\/IMG_0623-768x510.jpeg 768w\" sizes=\"auto, (max-width: 1204px) 100vw, 1204px\" \/><\/p>\n<p>*Grusel* Nix f\u00fcr mich. Das heutige Titelbild entsteht schlie\u00dflich \u201eaus der Stille heraus\u201c &#8211; so wie ich es liebe.<\/p>\n<p>&nbsp;<\/p>\n<p>&nbsp;<\/p>\n","protected":false},"excerpt":{"rendered":"<p>Ich bin auf Wolkenjagd, und eine f\u00fchrt mich an die Umz\u00e4unung des Naturschutzgebiets \u201aNiel\u00f6nn\u2018 (fries.: Neuland) n\u00f6rdlich von Kampen: Das Salzwiesengebiet ist landseitig umz\u00e4unt &#8211; und Hinweistafeln erl\u00e4utern, da\u00df der Zugang verboten ist. Das klappt gut: Erstaunlich viele Vogelarten nutzen das nur 64 ha gro\u00dfe Feuchtgebiet zu Rast- und Brutzwecken &#8211; heute sehe ich sogar einige Fischreiher durch die Salzs\u00fcmpfe stolzieren. Lange bin ich unschl\u00fcssig, wohin mich der beginnende Abend&hellip;<\/p>\n","protected":false},"author":2,"featured_media":19119,"comment_status":"open","ping_status":"open","sticky":false,"template":"","format":"standard","meta":{"footnotes":""},"categories":[27,39,24,28,48,25],"tags":[],"class_list":["post-19118","post","type-post","status-publish","format-standard","has-post-thumbnail","hentry","category-alle-bilder","category-arbeit","category-duenen","category-haeuser","category-herbst","category-kampen"],"jetpack_featured_media_url":"https:\/\/jessel.de\/365-tage-sylt\/wp-content\/uploads\/2024\/10\/IMG_0625.jpeg","_links":{"self":[{"href":"https:\/\/jessel.de\/365-tage-sylt\/wp-json\/wp\/v2\/posts\/19118","targetHints":{"allow":["GET"]}}],"collection":[{"href":"https:\/\/jessel.de\/365-tage-sylt\/wp-json\/wp\/v2\/posts"}],"about":[{"href":"https:\/\/jessel.de\/365-tage-sylt\/wp-json\/wp\/v2\/types\/post"}],"author":[{"embeddable":true,"href":"https:\/\/jessel.de\/365-tage-sylt\/wp-json\/wp\/v2\/users\/2"}],"replies":[{"embeddable":true,"href":"https:\/\/jessel.de\/365-tage-sylt\/wp-json\/wp\/v2\/comments?post=19118"}],"version-history":[{"count":4,"href":"https:\/\/jessel.de\/365-tage-sylt\/wp-json\/wp\/v2\/posts\/19118\/revisions"}],"predecessor-version":[{"id":19126,"href":"https:\/\/jessel.de\/365-tage-sylt\/wp-json\/wp\/v2\/posts\/19118\/revisions\/19126"}],"wp:featuredmedia":[{"embeddable":true,"href":"https:\/\/jessel.de\/365-tage-sylt\/wp-json\/wp\/v2\/media\/19119"}],"wp:attachment":[{"href":"https:\/\/jessel.de\/365-tage-sylt\/wp-json\/wp\/v2\/media?parent=19118"}],"wp:term":[{"taxonomy":"category","embeddable":true,"href":"https:\/\/jessel.de\/365-tage-sylt\/wp-json\/wp\/v2\/categories?post=19118"},{"taxonomy":"post_tag","embeddable":true,"href":"https:\/\/jessel.de\/365-tage-sylt\/wp-json\/wp\/v2\/tags?post=19118"}],"curies":[{"name":"wp","href":"https:\/\/api.w.org\/{rel}","templated":true}]}}