{"id":19127,"date":"2024-10-24T19:24:57","date_gmt":"2024-10-24T19:24:57","guid":{"rendered":"https:\/\/jessel.de\/365-tage-sylt\/?p=19127"},"modified":"2024-10-24T19:26:44","modified_gmt":"2024-10-24T19:26:44","slug":"24-oktober-boah-watt-fuern-sonnenuntergang","status":"publish","type":"post","link":"https:\/\/jessel.de\/365-tage-sylt\/24-oktober-boah-watt-fuern-sonnenuntergang\/","title":{"rendered":"24. Oktober: Boah, watt f\u00fcr\u2018n Sonnenuntergang!"},"content":{"rendered":"<p>Gro\u00dfes Halloooh, als ich auf der heutigen R\u00fccktour \u00a0nochmal kurz auf der Wenningstedter Promenade vorbeischaue:<\/p>\n<p><img loading=\"lazy\" decoding=\"async\" class=\"alignnone size-full wp-image-19133\" src=\"https:\/\/jessel.de\/365-tage-sylt\/wp-content\/uploads\/2024\/10\/IMG_0629.jpeg\" alt=\"\" width=\"1158\" height=\"800\" srcset=\"https:\/\/jessel.de\/365-tage-sylt\/wp-content\/uploads\/2024\/10\/IMG_0629.jpeg 1158w, https:\/\/jessel.de\/365-tage-sylt\/wp-content\/uploads\/2024\/10\/IMG_0629-300x207.jpeg 300w, https:\/\/jessel.de\/365-tage-sylt\/wp-content\/uploads\/2024\/10\/IMG_0629-1024x707.jpeg 1024w, https:\/\/jessel.de\/365-tage-sylt\/wp-content\/uploads\/2024\/10\/IMG_0629-768x531.jpeg 768w\" sizes=\"auto, (max-width: 1158px) 100vw, 1158px\" \/><\/p>\n<p>Es entwickelt sich &#8211; etwas \u00fcberraschend &#8211; ein enorm farbstarker Sonnenuntergang, siehe das heutige Titelbild.<\/p>\n<p>Vorher bin ich nochmals in Kampen unterwegs, bei einem wunderbar herbstlichen Licht:<\/p>\n<p><img loading=\"lazy\" decoding=\"async\" class=\"alignnone size-full wp-image-19131\" src=\"https:\/\/jessel.de\/365-tage-sylt\/wp-content\/uploads\/2024\/10\/IMG_0631.jpeg\" alt=\"\" width=\"1204\" height=\"800\" srcset=\"https:\/\/jessel.de\/365-tage-sylt\/wp-content\/uploads\/2024\/10\/IMG_0631.jpeg 1204w, https:\/\/jessel.de\/365-tage-sylt\/wp-content\/uploads\/2024\/10\/IMG_0631-300x199.jpeg 300w, https:\/\/jessel.de\/365-tage-sylt\/wp-content\/uploads\/2024\/10\/IMG_0631-1024x680.jpeg 1024w, https:\/\/jessel.de\/365-tage-sylt\/wp-content\/uploads\/2024\/10\/IMG_0631-768x510.jpeg 768w\" sizes=\"auto, (max-width: 1204px) 100vw, 1204px\" \/><\/p>\n<p>\u2026 wo mir ein sch\u00f6nes Bild von den H\u00fcgelgr\u00e4bern vorm dortigen Quermarkenfeuer gelingt\u2026:<\/p>\n<p><img loading=\"lazy\" decoding=\"async\" class=\"alignnone size-full wp-image-19130\" src=\"https:\/\/jessel.de\/365-tage-sylt\/wp-content\/uploads\/2024\/10\/IMG_0632.jpeg\" alt=\"\" width=\"1972\" height=\"800\" srcset=\"https:\/\/jessel.de\/365-tage-sylt\/wp-content\/uploads\/2024\/10\/IMG_0632.jpeg 1972w, https:\/\/jessel.de\/365-tage-sylt\/wp-content\/uploads\/2024\/10\/IMG_0632-300x122.jpeg 300w, https:\/\/jessel.de\/365-tage-sylt\/wp-content\/uploads\/2024\/10\/IMG_0632-1024x415.jpeg 1024w, https:\/\/jessel.de\/365-tage-sylt\/wp-content\/uploads\/2024\/10\/IMG_0632-768x312.jpeg 768w, https:\/\/jessel.de\/365-tage-sylt\/wp-content\/uploads\/2024\/10\/IMG_0632-1536x623.jpeg 1536w\" sizes=\"auto, (max-width: 1972px) 100vw, 1972px\" \/><\/p>\n<p>\u2026 und, etwas sp\u00e4ter im besten Mischlicht, vom gro\u00dfen Kampener Leuchtturm:<\/p>\n<p><img loading=\"lazy\" decoding=\"async\" class=\"alignnone size-full wp-image-19129\" src=\"https:\/\/jessel.de\/365-tage-sylt\/wp-content\/uploads\/2024\/10\/IMG_0633.jpeg\" alt=\"\" width=\"1204\" height=\"800\" srcset=\"https:\/\/jessel.de\/365-tage-sylt\/wp-content\/uploads\/2024\/10\/IMG_0633.jpeg 1204w, https:\/\/jessel.de\/365-tage-sylt\/wp-content\/uploads\/2024\/10\/IMG_0633-300x199.jpeg 300w, https:\/\/jessel.de\/365-tage-sylt\/wp-content\/uploads\/2024\/10\/IMG_0633-1024x680.jpeg 1024w, https:\/\/jessel.de\/365-tage-sylt\/wp-content\/uploads\/2024\/10\/IMG_0633-768x510.jpeg 768w\" sizes=\"auto, (max-width: 1204px) 100vw, 1204px\" \/><\/p>\n<p>Ein traumhafter Sylt-Abend, womit nicht unbedingt zu rechnen war.<\/p>\n<p>&nbsp;<\/p>\n","protected":false},"excerpt":{"rendered":"<p>Gro\u00dfes Halloooh, als ich auf der heutigen R\u00fccktour \u00a0nochmal kurz auf der Wenningstedter Promenade vorbeischaue: Es entwickelt sich &#8211; etwas \u00fcberraschend &#8211; ein enorm farbstarker Sonnenuntergang, siehe das heutige Titelbild. Vorher bin ich nochmals in Kampen unterwegs, bei einem wunderbar herbstlichen Licht: \u2026 wo mir ein sch\u00f6nes Bild von den H\u00fcgelgr\u00e4bern vorm dortigen Quermarkenfeuer gelingt\u2026: \u2026 und, etwas sp\u00e4ter im besten Mischlicht, vom gro\u00dfen Kampener Leuchtturm: Ein traumhafter Sylt-Abend, womit&hellip;<\/p>\n","protected":false},"author":2,"featured_media":19128,"comment_status":"open","ping_status":"open","sticky":false,"template":"","format":"standard","meta":{"footnotes":""},"categories":[27,39,48,3,2,38],"tags":[],"class_list":["post-19127","post","type-post","status-publish","format-standard","has-post-thumbnail","hentry","category-alle-bilder","category-arbeit","category-herbst","category-menschen","category-tourismus","category-wenningstedt"],"jetpack_featured_media_url":"https:\/\/jessel.de\/365-tage-sylt\/wp-content\/uploads\/2024\/10\/IMG_0635.jpeg","_links":{"self":[{"href":"https:\/\/jessel.de\/365-tage-sylt\/wp-json\/wp\/v2\/posts\/19127","targetHints":{"allow":["GET"]}}],"collection":[{"href":"https:\/\/jessel.de\/365-tage-sylt\/wp-json\/wp\/v2\/posts"}],"about":[{"href":"https:\/\/jessel.de\/365-tage-sylt\/wp-json\/wp\/v2\/types\/post"}],"author":[{"embeddable":true,"href":"https:\/\/jessel.de\/365-tage-sylt\/wp-json\/wp\/v2\/users\/2"}],"replies":[{"embeddable":true,"href":"https:\/\/jessel.de\/365-tage-sylt\/wp-json\/wp\/v2\/comments?post=19127"}],"version-history":[{"count":3,"href":"https:\/\/jessel.de\/365-tage-sylt\/wp-json\/wp\/v2\/posts\/19127\/revisions"}],"predecessor-version":[{"id":19136,"href":"https:\/\/jessel.de\/365-tage-sylt\/wp-json\/wp\/v2\/posts\/19127\/revisions\/19136"}],"wp:featuredmedia":[{"embeddable":true,"href":"https:\/\/jessel.de\/365-tage-sylt\/wp-json\/wp\/v2\/media\/19128"}],"wp:attachment":[{"href":"https:\/\/jessel.de\/365-tage-sylt\/wp-json\/wp\/v2\/media?parent=19127"}],"wp:term":[{"taxonomy":"category","embeddable":true,"href":"https:\/\/jessel.de\/365-tage-sylt\/wp-json\/wp\/v2\/categories?post=19127"},{"taxonomy":"post_tag","embeddable":true,"href":"https:\/\/jessel.de\/365-tage-sylt\/wp-json\/wp\/v2\/tags?post=19127"}],"curies":[{"name":"wp","href":"https:\/\/api.w.org\/{rel}","templated":true}]}}