{"id":19176,"date":"2024-10-31T19:19:38","date_gmt":"2024-10-31T19:19:38","guid":{"rendered":"https:\/\/jessel.de\/365-tage-sylt\/?p=19176"},"modified":"2024-11-01T03:28:31","modified_gmt":"2024-11-01T03:28:31","slug":"31-oktober-so-liebe-freunde-sieht-man-aus","status":"publish","type":"post","link":"https:\/\/jessel.de\/365-tage-sylt\/31-oktober-so-liebe-freunde-sieht-man-aus\/","title":{"rendered":"31. Oktober: So, liebe Freunde, sieht man aus\u2026"},"content":{"rendered":"<p>Der fertige Hans &#8211; Foto: Lars Hallow W.<\/p>\n<p>\u2026 nach einem geschlaaagenen Monat Ausstellungsdienst. Da kommt Halloween ganz recht, dann falle ich nicht so auf.<\/p>\n<p>Ein letztes Mal lese ich die vielen vielen Eintr\u00e4ge in unser G\u00e4stebuch &#8211; mit Gedanken, die unbedingt nachdenkenswert sind\u2026:<\/p>\n<p>&nbsp;<\/p>\n<p><img loading=\"lazy\" decoding=\"async\" class=\"size-full wp-image-19182\" src=\"https:\/\/jessel.de\/365-tage-sylt\/wp-content\/uploads\/2024\/10\/IMG_0671.jpeg\" alt=\"\" width=\"1300\" height=\"800\" srcset=\"https:\/\/jessel.de\/365-tage-sylt\/wp-content\/uploads\/2024\/10\/IMG_0671.jpeg 1300w, https:\/\/jessel.de\/365-tage-sylt\/wp-content\/uploads\/2024\/10\/IMG_0671-300x185.jpeg 300w, https:\/\/jessel.de\/365-tage-sylt\/wp-content\/uploads\/2024\/10\/IMG_0671-1024x630.jpeg 1024w, https:\/\/jessel.de\/365-tage-sylt\/wp-content\/uploads\/2024\/10\/IMG_0671-768x473.jpeg 768w\" sizes=\"auto, (max-width: 1300px) 100vw, 1300px\" \/><\/p>\n<p>\u2026 oder, in diesem Falle als geschwisterliche Gemeinschaftsleistung\u2026:<\/p>\n<p><img loading=\"lazy\" decoding=\"async\" class=\"alignnone size-full wp-image-19183\" src=\"https:\/\/jessel.de\/365-tage-sylt\/wp-content\/uploads\/2024\/10\/IMG_0670.jpeg\" alt=\"\" width=\"1100\" height=\"800\" srcset=\"https:\/\/jessel.de\/365-tage-sylt\/wp-content\/uploads\/2024\/10\/IMG_0670.jpeg 1100w, https:\/\/jessel.de\/365-tage-sylt\/wp-content\/uploads\/2024\/10\/IMG_0670-300x218.jpeg 300w, https:\/\/jessel.de\/365-tage-sylt\/wp-content\/uploads\/2024\/10\/IMG_0670-1024x745.jpeg 1024w, https:\/\/jessel.de\/365-tage-sylt\/wp-content\/uploads\/2024\/10\/IMG_0670-768x559.jpeg 768w\" sizes=\"auto, (max-width: 1100px) 100vw, 1100px\" \/><\/p>\n<p>\u2026 einfach nur anr\u00fchrend her\u00fcberkommen:<\/p>\n<p><img loading=\"lazy\" decoding=\"async\" class=\"size-full wp-image-19184\" src=\"https:\/\/jessel.de\/365-tage-sylt\/wp-content\/uploads\/2024\/10\/IMG_0669.jpeg\" alt=\"\" width=\"1100\" height=\"800\" srcset=\"https:\/\/jessel.de\/365-tage-sylt\/wp-content\/uploads\/2024\/10\/IMG_0669.jpeg 1100w, https:\/\/jessel.de\/365-tage-sylt\/wp-content\/uploads\/2024\/10\/IMG_0669-300x218.jpeg 300w, https:\/\/jessel.de\/365-tage-sylt\/wp-content\/uploads\/2024\/10\/IMG_0669-1024x745.jpeg 1024w, https:\/\/jessel.de\/365-tage-sylt\/wp-content\/uploads\/2024\/10\/IMG_0669-768x559.jpeg 768w\" sizes=\"auto, (max-width: 1100px) 100vw, 1100px\" \/><\/p>\n<p>Am morgigen 1. November ist Abbauen angesagt in der geliebten Stadtgalerie \u201eAlte Post\u201c, in der ich seit Jahrzehnten die Ergebnisse meiner fotografischen Auseinandersetzung mit der Sylter Natur pr\u00e4sentieren durfte. Und es ist wohl auch ein Fazit zu ziehen, nicht zuletzt aufgrund der schockierenden Meldung vom Tode unseres insularen K\u00fcnstler.Kollegen Jo Bohnsack, der in der zur\u00fcckliegenden Woche im Alter von 64 Jahren unseren gemeinsamen Kosmos verlie\u00df.<\/p>\n","protected":false},"excerpt":{"rendered":"<p>Der fertige Hans &#8211; Foto: Lars Hallow W. \u2026 nach einem geschlaaagenen Monat Ausstellungsdienst. Da kommt Halloween ganz recht, dann falle ich nicht so auf. Ein letztes Mal lese ich die vielen vielen Eintr\u00e4ge in unser G\u00e4stebuch &#8211; mit Gedanken, die unbedingt nachdenkenswert sind\u2026: &nbsp; \u2026 oder, in diesem Falle als geschwisterliche Gemeinschaftsleistung\u2026: \u2026 einfach nur anr\u00fchrend her\u00fcberkommen: Am morgigen 1. November ist Abbauen angesagt in der geliebten Stadtgalerie \u201eAlte&hellip;<\/p>\n","protected":false},"author":2,"featured_media":19177,"comment_status":"open","ping_status":"open","sticky":false,"template":"","format":"standard","meta":{"footnotes":""},"categories":[27,39,28,48,3,35,7],"tags":[],"class_list":["post-19176","post","type-post","status-publish","format-standard","has-post-thumbnail","hentry","category-alle-bilder","category-arbeit","category-haeuser","category-herbst","category-menschen","category-schlechtes-wetter","category-westerland"],"jetpack_featured_media_url":"https:\/\/jessel.de\/365-tage-sylt\/wp-content\/uploads\/2024\/10\/IMG_0665.jpeg","_links":{"self":[{"href":"https:\/\/jessel.de\/365-tage-sylt\/wp-json\/wp\/v2\/posts\/19176","targetHints":{"allow":["GET"]}}],"collection":[{"href":"https:\/\/jessel.de\/365-tage-sylt\/wp-json\/wp\/v2\/posts"}],"about":[{"href":"https:\/\/jessel.de\/365-tage-sylt\/wp-json\/wp\/v2\/types\/post"}],"author":[{"embeddable":true,"href":"https:\/\/jessel.de\/365-tage-sylt\/wp-json\/wp\/v2\/users\/2"}],"replies":[{"embeddable":true,"href":"https:\/\/jessel.de\/365-tage-sylt\/wp-json\/wp\/v2\/comments?post=19176"}],"version-history":[{"count":7,"href":"https:\/\/jessel.de\/365-tage-sylt\/wp-json\/wp\/v2\/posts\/19176\/revisions"}],"predecessor-version":[{"id":19187,"href":"https:\/\/jessel.de\/365-tage-sylt\/wp-json\/wp\/v2\/posts\/19176\/revisions\/19187"}],"wp:featuredmedia":[{"embeddable":true,"href":"https:\/\/jessel.de\/365-tage-sylt\/wp-json\/wp\/v2\/media\/19177"}],"wp:attachment":[{"href":"https:\/\/jessel.de\/365-tage-sylt\/wp-json\/wp\/v2\/media?parent=19176"}],"wp:term":[{"taxonomy":"category","embeddable":true,"href":"https:\/\/jessel.de\/365-tage-sylt\/wp-json\/wp\/v2\/categories?post=19176"},{"taxonomy":"post_tag","embeddable":true,"href":"https:\/\/jessel.de\/365-tage-sylt\/wp-json\/wp\/v2\/tags?post=19176"}],"curies":[{"name":"wp","href":"https:\/\/api.w.org\/{rel}","templated":true}]}}