{"id":19385,"date":"2024-11-20T04:29:38","date_gmt":"2024-11-20T04:29:38","guid":{"rendered":"https:\/\/jessel.de\/365-tage-sylt\/?p=19385"},"modified":"2024-11-20T04:29:52","modified_gmt":"2024-11-20T04:29:52","slug":"19-november-ein-kleines-foto-raetsel-fuer-sylt-kenner","status":"publish","type":"post","link":"https:\/\/jessel.de\/365-tage-sylt\/19-november-ein-kleines-foto-raetsel-fuer-sylt-kenner\/","title":{"rendered":"19. November: Ein kleines Foto-R\u00e4tsel f\u00fcr Sylt-Kenner"},"content":{"rendered":"<p>F\u00fcr die Fotos dieses Blogs gilt im Allgemeinen, dass sie &#8211; nat\u00fcrlich &#8211; bearbeitet werden, jedoch stets in dem Bem\u00fchen, sie der erlebten Situation anzugleichen.<\/p>\n<p>In diesem Falle habe ich die Regel gebrochen. Was stimmt nicht\/wurde ver\u00e4ndert?<\/p>\n","protected":false},"excerpt":{"rendered":"<p>F\u00fcr die Fotos dieses Blogs gilt im Allgemeinen, dass sie &#8211; nat\u00fcrlich &#8211; bearbeitet werden, jedoch stets in dem Bem\u00fchen, sie der erlebten Situation anzugleichen. In diesem Falle habe ich die Regel gebrochen. Was stimmt nicht\/wurde ver\u00e4ndert?<\/p>\n","protected":false},"author":2,"featured_media":19386,"comment_status":"open","ping_status":"open","sticky":false,"template":"","format":"standard","meta":{"footnotes":""},"categories":[27,39,48,43,26,49,2,7],"tags":[],"class_list":["post-19385","post","type-post","status-publish","format-standard","has-post-thumbnail","hentry","category-alle-bilder","category-arbeit","category-herbst","category-kulinarik","category-strand","category-sturm","category-tourismus","category-westerland"],"jetpack_featured_media_url":"https:\/\/jessel.de\/365-tage-sylt\/wp-content\/uploads\/2024\/11\/IMG_0852.jpeg","_links":{"self":[{"href":"https:\/\/jessel.de\/365-tage-sylt\/wp-json\/wp\/v2\/posts\/19385","targetHints":{"allow":["GET"]}}],"collection":[{"href":"https:\/\/jessel.de\/365-tage-sylt\/wp-json\/wp\/v2\/posts"}],"about":[{"href":"https:\/\/jessel.de\/365-tage-sylt\/wp-json\/wp\/v2\/types\/post"}],"author":[{"embeddable":true,"href":"https:\/\/jessel.de\/365-tage-sylt\/wp-json\/wp\/v2\/users\/2"}],"replies":[{"embeddable":true,"href":"https:\/\/jessel.de\/365-tage-sylt\/wp-json\/wp\/v2\/comments?post=19385"}],"version-history":[{"count":2,"href":"https:\/\/jessel.de\/365-tage-sylt\/wp-json\/wp\/v2\/posts\/19385\/revisions"}],"predecessor-version":[{"id":19388,"href":"https:\/\/jessel.de\/365-tage-sylt\/wp-json\/wp\/v2\/posts\/19385\/revisions\/19388"}],"wp:featuredmedia":[{"embeddable":true,"href":"https:\/\/jessel.de\/365-tage-sylt\/wp-json\/wp\/v2\/media\/19386"}],"wp:attachment":[{"href":"https:\/\/jessel.de\/365-tage-sylt\/wp-json\/wp\/v2\/media?parent=19385"}],"wp:term":[{"taxonomy":"category","embeddable":true,"href":"https:\/\/jessel.de\/365-tage-sylt\/wp-json\/wp\/v2\/categories?post=19385"},{"taxonomy":"post_tag","embeddable":true,"href":"https:\/\/jessel.de\/365-tage-sylt\/wp-json\/wp\/v2\/tags?post=19385"}],"curies":[{"name":"wp","href":"https:\/\/api.w.org\/{rel}","templated":true}]}}