{"id":1943,"date":"2017-07-29T18:36:54","date_gmt":"2017-07-29T18:36:54","guid":{"rendered":"http:\/\/jessel.de\/365-tage-sylt\/?p=1943"},"modified":"2017-07-30T07:31:17","modified_gmt":"2017-07-30T07:31:17","slug":"wird-spaet-heute","status":"publish","type":"post","link":"https:\/\/jessel.de\/365-tage-sylt\/wird-spaet-heute\/","title":{"rendered":"Standby"},"content":{"rendered":"<p>Kurz vor 7 Uhr h\u00f6rt der Regen auf. Es bl\u00e4st heftig aus s\u00fcdlicher Richtung und ich laufe an den Strand. 6 Beaufort, auffrischend. Ich absolviere meinen Fr\u00fchsport und schwimme ne Runde&#8230; 200m weiter s\u00fcdlich sind bereits die Surfer am rumflitzen. Slalom ist angesetzt. Klar, solche idealen Sideshore-Bedingungen gibts nicht alle Tage &#8211; und wenn, sind Windrichtungen um S\u00fcd stets nur von kurzer Dauer.<\/p>\n<p>F\u00fcr mich heisst das: Auf Standby schalten und hoffen, dass das Wellenreiten (heutzutage &#8222;Freestyle&#8220; genannt) sp\u00e4testens zum auflaufenden Wasser angesetzt wird.<\/p>\n<p>Ich schaue also im Laufe des Vormittags mehrmals vorbei. Um 11:30 Uhr ist Siegerehrung der Slalomwettbewerbe (Titel), f\u00fcr 13 Uhr sind die ersten Freestyle Wettbewerbe angesetzt.<\/p>\n<p><img loading=\"lazy\" decoding=\"async\" class=\"alignnone size-full wp-image-1949\" src=\"http:\/\/jessel.de\/365-tage-sylt\/wp-content\/uploads\/2017\/07\/L1006119.jpg\" alt=\"\" width=\"1204\" height=\"800\" srcset=\"https:\/\/jessel.de\/365-tage-sylt\/wp-content\/uploads\/2017\/07\/L1006119.jpg 1204w, https:\/\/jessel.de\/365-tage-sylt\/wp-content\/uploads\/2017\/07\/L1006119-300x199.jpg 300w, https:\/\/jessel.de\/365-tage-sylt\/wp-content\/uploads\/2017\/07\/L1006119-768x510.jpg 768w, https:\/\/jessel.de\/365-tage-sylt\/wp-content\/uploads\/2017\/07\/L1006119-1024x680.jpg 1024w\" sizes=\"auto, (max-width: 1204px) 100vw, 1204px\" \/><\/p>\n<p>Das Schicksal meint es jedoch nicht gut mit den Surfern. Zwar kommt die Sonne raus, und ein zunehmend herrlicher Nordseetag macht sich breit &#8211; jedoch mit auf S\u00fcdwest drehendem und abnehmendem Wind.<\/p>\n<p><img loading=\"lazy\" decoding=\"async\" class=\"alignnone size-full wp-image-1952\" src=\"http:\/\/jessel.de\/365-tage-sylt\/wp-content\/uploads\/2017\/07\/L1009848.jpg\" alt=\"\" width=\"1202\" height=\"800\" srcset=\"https:\/\/jessel.de\/365-tage-sylt\/wp-content\/uploads\/2017\/07\/L1009848.jpg 1202w, https:\/\/jessel.de\/365-tage-sylt\/wp-content\/uploads\/2017\/07\/L1009848-300x200.jpg 300w, https:\/\/jessel.de\/365-tage-sylt\/wp-content\/uploads\/2017\/07\/L1009848-768x511.jpg 768w, https:\/\/jessel.de\/365-tage-sylt\/wp-content\/uploads\/2017\/07\/L1009848-1024x682.jpg 1024w\" sizes=\"auto, (max-width: 1202px) 100vw, 1202px\" \/><\/p>\n<p>Somit wird der Freestyle-Wettbewerb schon bald abgebrochen. Flautenstimmung:<\/p>\n<p><img loading=\"lazy\" decoding=\"async\" class=\"alignnone size-full wp-image-1953\" src=\"http:\/\/jessel.de\/365-tage-sylt\/wp-content\/uploads\/2017\/07\/L1009853.jpg\" alt=\"\" width=\"532\" height=\"800\" srcset=\"https:\/\/jessel.de\/365-tage-sylt\/wp-content\/uploads\/2017\/07\/L1009853.jpg 532w, https:\/\/jessel.de\/365-tage-sylt\/wp-content\/uploads\/2017\/07\/L1009853-200x300.jpg 200w\" sizes=\"auto, (max-width: 532px) 100vw, 532px\" \/><\/p>\n<p>Das Publikum zeigt, was es zu bieten hat:<\/p>\n<p><img loading=\"lazy\" decoding=\"async\" class=\"alignnone size-full wp-image-1954\" src=\"http:\/\/jessel.de\/365-tage-sylt\/wp-content\/uploads\/2017\/07\/L1009854.jpg\" alt=\"\" width=\"1708\" height=\"800\" srcset=\"https:\/\/jessel.de\/365-tage-sylt\/wp-content\/uploads\/2017\/07\/L1009854.jpg 1708w, https:\/\/jessel.de\/365-tage-sylt\/wp-content\/uploads\/2017\/07\/L1009854-300x141.jpg 300w, https:\/\/jessel.de\/365-tage-sylt\/wp-content\/uploads\/2017\/07\/L1009854-768x360.jpg 768w, https:\/\/jessel.de\/365-tage-sylt\/wp-content\/uploads\/2017\/07\/L1009854-1024x480.jpg 1024w\" sizes=\"auto, (max-width: 1708px) 100vw, 1708px\" \/><\/p>\n<p>Die j\u00fcngere Generation interessiert sich ohnehin mehr f\u00fcr Bingo-Spiele auf dunklen Bildschirmen:<\/p>\n<p><img loading=\"lazy\" decoding=\"async\" class=\"alignnone size-full wp-image-1955\" src=\"http:\/\/jessel.de\/365-tage-sylt\/wp-content\/uploads\/2017\/07\/L1009858.jpg\" alt=\"\" width=\"1261\" height=\"800\" srcset=\"https:\/\/jessel.de\/365-tage-sylt\/wp-content\/uploads\/2017\/07\/L1009858.jpg 1261w, https:\/\/jessel.de\/365-tage-sylt\/wp-content\/uploads\/2017\/07\/L1009858-300x190.jpg 300w, https:\/\/jessel.de\/365-tage-sylt\/wp-content\/uploads\/2017\/07\/L1009858-768x487.jpg 768w, https:\/\/jessel.de\/365-tage-sylt\/wp-content\/uploads\/2017\/07\/L1009858-1024x650.jpg 1024w\" sizes=\"auto, (max-width: 1261px) 100vw, 1261px\" \/><\/p>\n<p>O.k., das wars zum Thema Surfcup.<\/p>\n<p>Abends fahre ich nach List. Dort wird ein n\u00e4chtliches Feuerwerk \u00fcber der MS EUROPA 2 (im Bild-Hintergrund) versprochen:<\/p>\n<p><img loading=\"lazy\" decoding=\"async\" class=\"alignnone size-full wp-image-1951\" src=\"http:\/\/jessel.de\/365-tage-sylt\/wp-content\/uploads\/2017\/07\/L1006177.jpg\" alt=\"\" width=\"2036\" height=\"800\" srcset=\"https:\/\/jessel.de\/365-tage-sylt\/wp-content\/uploads\/2017\/07\/L1006177.jpg 2036w, https:\/\/jessel.de\/365-tage-sylt\/wp-content\/uploads\/2017\/07\/L1006177-300x118.jpg 300w, https:\/\/jessel.de\/365-tage-sylt\/wp-content\/uploads\/2017\/07\/L1006177-768x302.jpg 768w, https:\/\/jessel.de\/365-tage-sylt\/wp-content\/uploads\/2017\/07\/L1006177-1024x402.jpg 1024w\" sizes=\"auto, (max-width: 2036px) 100vw, 2036px\" \/><\/p>\n<p>Das f\u00e4llt allerdings aus. Den Grund daf\u00fcr &#8211; an diesem fast windstillen und idealen Abend &#8211; erfahre ich nicht.<\/p>\n<p><img loading=\"lazy\" decoding=\"async\" class=\"alignnone size-full wp-image-1950\" src=\"http:\/\/jessel.de\/365-tage-sylt\/wp-content\/uploads\/2017\/07\/L1006162.jpg\" alt=\"\" width=\"1204\" height=\"800\" srcset=\"https:\/\/jessel.de\/365-tage-sylt\/wp-content\/uploads\/2017\/07\/L1006162.jpg 1204w, https:\/\/jessel.de\/365-tage-sylt\/wp-content\/uploads\/2017\/07\/L1006162-300x199.jpg 300w, https:\/\/jessel.de\/365-tage-sylt\/wp-content\/uploads\/2017\/07\/L1006162-768x510.jpg 768w, https:\/\/jessel.de\/365-tage-sylt\/wp-content\/uploads\/2017\/07\/L1006162-1024x680.jpg 1024w\" sizes=\"auto, (max-width: 1204px) 100vw, 1204px\" \/><\/p>\n<p>Mir reichts. Ich fahre nach Hause, bearbeite noch einige der entstandenen Fotos und gehe um 23:55 Uhr ins Bett. Gute Nacht!<\/p>\n","protected":false},"excerpt":{"rendered":"<p>Kurz vor 7 Uhr h\u00f6rt der Regen auf. Es bl\u00e4st heftig aus s\u00fcdlicher Richtung und ich laufe an den Strand. 6 Beaufort, auffrischend. Ich absolviere meinen Fr\u00fchsport und schwimme ne Runde&#8230; 200m weiter s\u00fcdlich sind bereits die Surfer am rumflitzen. Slalom ist angesetzt. Klar, solche idealen Sideshore-Bedingungen gibts nicht alle Tage &#8211; und wenn, sind Windrichtungen um S\u00fcd stets nur von kurzer Dauer. F\u00fcr mich heisst das: Auf Standby schalten&hellip;<\/p>\n","protected":false},"author":2,"featured_media":1944,"comment_status":"open","ping_status":"open","sticky":false,"template":"","format":"standard","meta":{"footnotes":""},"categories":[27,39,3,46,26,2,7],"tags":[],"class_list":["post-1943","post","type-post","status-publish","format-standard","has-post-thumbnail","hentry","category-alle-bilder","category-arbeit","category-menschen","category-sommer","category-strand","category-tourismus","category-westerland"],"jetpack_featured_media_url":"https:\/\/jessel.de\/365-tage-sylt\/wp-content\/uploads\/2017\/07\/L1006122.jpg","_links":{"self":[{"href":"https:\/\/jessel.de\/365-tage-sylt\/wp-json\/wp\/v2\/posts\/1943","targetHints":{"allow":["GET"]}}],"collection":[{"href":"https:\/\/jessel.de\/365-tage-sylt\/wp-json\/wp\/v2\/posts"}],"about":[{"href":"https:\/\/jessel.de\/365-tage-sylt\/wp-json\/wp\/v2\/types\/post"}],"author":[{"embeddable":true,"href":"https:\/\/jessel.de\/365-tage-sylt\/wp-json\/wp\/v2\/users\/2"}],"replies":[{"embeddable":true,"href":"https:\/\/jessel.de\/365-tage-sylt\/wp-json\/wp\/v2\/comments?post=1943"}],"version-history":[{"count":4,"href":"https:\/\/jessel.de\/365-tage-sylt\/wp-json\/wp\/v2\/posts\/1943\/revisions"}],"predecessor-version":[{"id":1956,"href":"https:\/\/jessel.de\/365-tage-sylt\/wp-json\/wp\/v2\/posts\/1943\/revisions\/1956"}],"wp:featuredmedia":[{"embeddable":true,"href":"https:\/\/jessel.de\/365-tage-sylt\/wp-json\/wp\/v2\/media\/1944"}],"wp:attachment":[{"href":"https:\/\/jessel.de\/365-tage-sylt\/wp-json\/wp\/v2\/media?parent=1943"}],"wp:term":[{"taxonomy":"category","embeddable":true,"href":"https:\/\/jessel.de\/365-tage-sylt\/wp-json\/wp\/v2\/categories?post=1943"},{"taxonomy":"post_tag","embeddable":true,"href":"https:\/\/jessel.de\/365-tage-sylt\/wp-json\/wp\/v2\/tags?post=1943"}],"curies":[{"name":"wp","href":"https:\/\/api.w.org\/{rel}","templated":true}]}}